{"id":1923,"date":"2025-08-21T13:04:47","date_gmt":"2025-08-21T17:04:47","guid":{"rendered":"https:\/\/www.manaus.am.gov.br\/ccc\/prefeitura-ccc-visita-comar\/"},"modified":"2025-08-21T13:04:49","modified_gmt":"2025-08-21T17:04:49","slug":"prefeitura-ccc-visita-comar","status":"publish","type":"post","link":"https:\/\/www.manaus.am.gov.br\/ccc\/prefeitura-ccc-visita-comar\/","title":{"rendered":"Centro de Coopera\u00e7\u00e3o da Cidade recebe representantes do 7\u00ba Comar em Manaus"},"content":{"rendered":"\n<p>O Centro de Coopera\u00e7\u00e3o da Cidade (CCC), da Prefeitura de Manaus, recebeu, na manh\u00e3 desta quinta-feira, 21\/8, a comitiva do&nbsp;Comandante do S\u00e9timo Comando A\u00e9reo Regional (7\u00ba Comar), oficial&nbsp;major-brigadeiro do ar, Ramiro Kirsch Pinheiro, e tenentes, para uma visita \u00e0 estrutura, localizada entre as avenidas Ephig\u00eanio Salles e Umberto Calderaro Filho, zona Centro-Sul.<\/p>\n\n\n\n<p>A comitiva foi recepcionada pelo superintendente do CCC, Sandro Diz, e conheceu de perto as instala\u00e7\u00f5es do centro, incluindo o Contact Center, o&nbsp;<em>videowall<\/em>, as salas de reuni\u00f5es e demais ambientes que comp\u00f5em a estrutura de monitoramento e integra\u00e7\u00e3o. A visita teve como objetivo estreitar parcerias institucionais e apresentar o trabalho desenvolvido pela Prefeitura de Manaus, por meio do CCC, que atua na coopera\u00e7\u00e3o entre diversos \u00f3rg\u00e3os para garantir maior efici\u00eancia nos servi\u00e7os prestados \u00e0 popula\u00e7\u00e3o.<\/p>\n\n\n\n<p>O superintendente Sandro Diz, destacou ser imprescind\u00edvel conhecerem, na pr\u00e1tica, o servi\u00e7o de monitoramento e atendimento desenvolvido pela Prefeitura de Manaus, muitas vezes desconhecido pela popula\u00e7\u00e3o.<\/p>\n\n\n\n<p>\u201cPara n\u00f3s, \u00e9 uma honra receber o 7\u00ba Comar em&nbsp;nosso centro. Essa aproxima\u00e7\u00e3o fortalece o trabalho integrado que realizamos diariamente em prol da cidade. O reconhecimento do comando a\u00e9reo \u00e0 estrutura do CCC demonstra que estamos no caminho certo, investindo em tecnologia, coopera\u00e7\u00e3o e monitoramento para oferecer respostas mais r\u00e1pidas e eficientes \u00e0 popula\u00e7\u00e3o de Manaus\u201d, refor\u00e7ou o superintendente.<\/p>\n\n\n\n<p>Durante a visita t\u00e9cnica, a comitiva conheceu detalhadamente as principais \u00e1reas e setores do Centro. Na Sala de Monitoramento, puderam observar, a partir de 27 monitores de 55 polegadas, simultaneamente, imagens de c\u00e2meras, mapas de calor e fluxos de dados, em tempo real, que servem de apoio \u00e0 tomada de decis\u00e3o da gest\u00e3o. Os visitantes conheceram o Contact Center, ambiente operacional onde atuam as equipes das secretarias municipais de Sa\u00fade, Defesa Civil, Guarda Municipal, Direitos Humanos e o Instituto Municipal de Mobilidade Urbano (IMMU), coordenando atendimentos e a\u00e7\u00f5es emergenciais.<\/p>\n\n\n\n<p>\u201cPara n\u00f3s, foi uma oportunidade muito grande conhecer a estrutura do CCC, entender a maneira como a cidade realmente se organiza para ter dados, conhecimento. Para o 7\u00ba Comar \u00e9 muito importante entender melhor e ver o servi\u00e7o fant\u00e1stico que \u00e9 feito aqui, a possibilidade de ter imagens e um bom atendimento para a popula\u00e7\u00e3o. Realmente, a cidade est\u00e1 de parab\u00e9ns\u201d, destacou o major-brigadeiro do ar, Ramiro Kirsch Pinheiro.<\/p>\n\n\n\n<p>&#8212; &#8212; &#8212;<\/p>\n\n\n\n<p><strong>Texto\u00a0<\/strong>\u2013 Divulga\u00e7\u00e3o\/CCC<\/p>\n\n\n\n<p><strong>Fotos\u00a0<\/strong>&#8211; Ant\u00f4nio Pereira\/Semcom\u00a0<\/p>\n\n\n\n<p><strong>Dispon\u00edveis em\u00a0<\/strong>&#8211;\u00a0<a href=\"https:\/\/flic.kr\/s\/aHBqjCrqZv\" target=\"_blank\" rel=\"noreferrer noopener\">https:\/\/flic.kr\/s\/aHBqjCrqZv<\/a>\u00a0<\/p>\n","protected":false},"excerpt":{"rendered":"","protected":false},"author":23,"featured_media":1924,"comment_status":"closed","ping_status":"closed","sticky":false,"template":"","format":"standard","meta":{"footnotes":""},"categories":[568],"tags":[569,11,38,247],"acf":[],"yoast_head":"<!-- This site is optimized with the Yoast SEO plugin v23.0 - https:\/\/yoast.com\/wordpress\/plugins\/seo\/ -->\n<title>Centro de Coopera\u00e7\u00e3o da Cidade recebe representantes do 7\u00ba Comar em Manaus<\/title>\n<meta name=\"description\" content=\"O Centro de Coopera\u00e7\u00e3o da Cidade (CCC), da Prefeitura de Manaus, recebeu, na manh\u00e3 desta quinta-feira, 21\/8, a comitiva do Comandante do S\u00e9timo Comando A\u00e9reo Regional (7\u00ba Comar), oficial major-brigadeiro do ar, Ramiro Kirsch Pinheiro, e tenentes, para uma visita \u00e0 estrutura, localizada entre as avenidas Ephig\u00eanio Salles e Umberto Calderaro Filho, zona Centro-Sul.\" \/>\n<meta name=\"robots\" content=\"index, follow, max-snippet:-1, max-image-preview:large, max-video-preview:-1\" \/>\n<link rel=\"canonical\" href=\"https:\/\/www.manaus.am.gov.br\/ccc\/prefeitura-ccc-visita-comar\/\" \/>\n<meta property=\"og:locale\" content=\"pt_BR\" \/>\n<meta property=\"og:type\" content=\"article\" \/>\n<meta property=\"og:title\" content=\"Centro de Coopera\u00e7\u00e3o da Cidade recebe representantes do 7\u00ba Comar em Manaus\" \/>\n<meta property=\"og:description\" content=\"O Centro de Coopera\u00e7\u00e3o da Cidade (CCC), da Prefeitura de Manaus, recebeu, na manh\u00e3 desta quinta-feira, 21\/8, a comitiva do Comandante do S\u00e9timo Comando A\u00e9reo Regional (7\u00ba Comar), oficial major-brigadeiro do ar, Ramiro Kirsch Pinheiro, e tenentes, para uma visita \u00e0 estrutura, localizada entre as avenidas Ephig\u00eanio Salles e Umberto Calderaro Filho, zona Centro-Sul.\" \/>\n<meta property=\"og:url\" content=\"https:\/\/www.manaus.am.gov.br\/ccc\/prefeitura-ccc-visita-comar\/\" \/>\n<meta property=\"og:site_name\" content=\"CCC\" \/>\n<meta property=\"article:published_time\" content=\"2025-08-21T17:04:47+00:00\" \/>\n<meta property=\"article:modified_time\" content=\"2025-08-21T17:04:49+00:00\" \/>\n<meta property=\"og:image\" content=\"https:\/\/www.manaus.am.gov.br\/ccc\/wp-content\/uploads\/sites\/4\/2025\/08\/54734611747_f588ab5ed3_c.jpg\" \/>\n\t<meta property=\"og:image:width\" content=\"799\" \/>\n\t<meta property=\"og:image:height\" content=\"533\" \/>\n\t<meta property=\"og:image:type\" content=\"image\/jpeg\" \/>\n<meta name=\"author\" content=\"Adriana Costa\" \/>\n<meta name=\"twitter:card\" content=\"summary_large_image\" \/>\n<meta name=\"twitter:label1\" content=\"Written by\" \/>\n\t<meta name=\"twitter:data1\" content=\"Adriana Costa\" \/>\n\t<meta name=\"twitter:label2\" content=\"Est. reading time\" \/>\n\t<meta name=\"twitter:data2\" content=\"3 minutos\" \/>\n<script type=\"application\/ld+json\" class=\"yoast-schema-graph\">{\"@context\":\"https:\/\/schema.org\",\"@graph\":[{\"@type\":\"WebPage\",\"@id\":\"https:\/\/www.manaus.am.gov.br\/ccc\/prefeitura-ccc-visita-comar\/\",\"url\":\"https:\/\/www.manaus.am.gov.br\/ccc\/prefeitura-ccc-visita-comar\/\",\"name\":\"Centro de Coopera\u00e7\u00e3o da Cidade recebe representantes do 7\u00ba Comar em Manaus\",\"isPartOf\":{\"@id\":\"https:\/\/www.manaus.am.gov.br\/ccc\/#website\"},\"primaryImageOfPage\":{\"@id\":\"https:\/\/www.manaus.am.gov.br\/ccc\/prefeitura-ccc-visita-comar\/#primaryimage\"},\"image\":{\"@id\":\"https:\/\/www.manaus.am.gov.br\/ccc\/prefeitura-ccc-visita-comar\/#primaryimage\"},\"thumbnailUrl\":\"https:\/\/www.manaus.am.gov.br\/ccc\/wp-content\/uploads\/sites\/4\/2025\/08\/54734611747_f588ab5ed3_c.jpg\",\"datePublished\":\"2025-08-21T17:04:47+00:00\",\"dateModified\":\"2025-08-21T17:04:49+00:00\",\"author\":{\"@id\":\"https:\/\/www.manaus.am.gov.br\/ccc\/#\/schema\/person\/4e49f4e267757a06ca072ec61b2b9968\"},\"description\":\"O Centro de Coopera\u00e7\u00e3o da Cidade (CCC), da Prefeitura de Manaus, recebeu, na manh\u00e3 desta quinta-feira, 21\/8, a comitiva do Comandante do S\u00e9timo Comando A\u00e9reo Regional (7\u00ba Comar), oficial major-brigadeiro do ar, Ramiro Kirsch Pinheiro, e tenentes, para uma visita \u00e0 estrutura, localizada entre as avenidas Ephig\u00eanio Salles e Umberto Calderaro Filho, zona Centro-Sul.\",\"inLanguage\":\"pt-BR\",\"potentialAction\":[{\"@type\":\"ReadAction\",\"target\":[\"https:\/\/www.manaus.am.gov.br\/ccc\/prefeitura-ccc-visita-comar\/\"]}]},{\"@type\":\"ImageObject\",\"inLanguage\":\"pt-BR\",\"@id\":\"https:\/\/www.manaus.am.gov.br\/ccc\/prefeitura-ccc-visita-comar\/#primaryimage\",\"url\":\"https:\/\/www.manaus.am.gov.br\/ccc\/wp-content\/uploads\/sites\/4\/2025\/08\/54734611747_f588ab5ed3_c.jpg\",\"contentUrl\":\"https:\/\/www.manaus.am.gov.br\/ccc\/wp-content\/uploads\/sites\/4\/2025\/08\/54734611747_f588ab5ed3_c.jpg\",\"width\":799,\"height\":533},{\"@type\":\"WebSite\",\"@id\":\"https:\/\/www.manaus.am.gov.br\/ccc\/#website\",\"url\":\"https:\/\/www.manaus.am.gov.br\/ccc\/\",\"name\":\"CCC\",\"description\":\"Centro de Coopera\u00e7\u00e3o da Cidade\",\"alternateName\":\"Centro de Coopera\u00e7\u00e3o da Cidade\",\"potentialAction\":[{\"@type\":\"SearchAction\",\"target\":{\"@type\":\"EntryPoint\",\"urlTemplate\":\"https:\/\/www.manaus.am.gov.br\/ccc\/?s={search_term_string}\"},\"query-input\":\"required name=search_term_string\"}],\"inLanguage\":\"pt-BR\"},{\"@type\":\"Person\",\"@id\":\"https:\/\/www.manaus.am.gov.br\/ccc\/#\/schema\/person\/4e49f4e267757a06ca072ec61b2b9968\",\"name\":\"Adriana Costa\",\"image\":{\"@type\":\"ImageObject\",\"inLanguage\":\"pt-BR\",\"@id\":\"https:\/\/www.manaus.am.gov.br\/ccc\/#\/schema\/person\/image\/\",\"url\":\"https:\/\/secure.gravatar.com\/avatar\/576258617ef7194f718179e766d57bd4?s=96&d=mm&r=g\",\"contentUrl\":\"https:\/\/secure.gravatar.com\/avatar\/576258617ef7194f718179e766d57bd4?s=96&d=mm&r=g\",\"caption\":\"Adriana Costa\"}}]}<\/script>\n<!-- \/ Yoast SEO plugin. -->","yoast_head_json":{"title":"Centro de Coopera\u00e7\u00e3o da Cidade recebe representantes do 7\u00ba Comar em Manaus","description":"O Centro de Coopera\u00e7\u00e3o da Cidade (CCC), da Prefeitura de Manaus, recebeu, na manh\u00e3 desta quinta-feira, 21\/8, a comitiva do Comandante do S\u00e9timo Comando A\u00e9reo Regional (7\u00ba Comar), oficial major-brigadeiro do ar, Ramiro Kirsch Pinheiro, e tenentes, para uma visita \u00e0 estrutura, localizada entre as avenidas Ephig\u00eanio Salles e Umberto Calderaro Filho, zona Centro-Sul.","robots":{"index":"index","follow":"follow","max-snippet":"max-snippet:-1","max-image-preview":"max-image-preview:large","max-video-preview":"max-video-preview:-1"},"canonical":"https:\/\/www.manaus.am.gov.br\/ccc\/prefeitura-ccc-visita-comar\/","og_locale":"pt_BR","og_type":"article","og_title":"Centro de Coopera\u00e7\u00e3o da Cidade recebe representantes do 7\u00ba Comar em Manaus","og_description":"O Centro de Coopera\u00e7\u00e3o da Cidade (CCC), da Prefeitura de Manaus, recebeu, na manh\u00e3 desta quinta-feira, 21\/8, a comitiva do Comandante do S\u00e9timo Comando A\u00e9reo Regional (7\u00ba Comar), oficial major-brigadeiro do ar, Ramiro Kirsch Pinheiro, e tenentes, para uma visita \u00e0 estrutura, localizada entre as avenidas Ephig\u00eanio Salles e Umberto Calderaro Filho, zona Centro-Sul.","og_url":"https:\/\/www.manaus.am.gov.br\/ccc\/prefeitura-ccc-visita-comar\/","og_site_name":"CCC","article_published_time":"2025-08-21T17:04:47+00:00","article_modified_time":"2025-08-21T17:04:49+00:00","og_image":[{"width":799,"height":533,"url":"https:\/\/www.manaus.am.gov.br\/ccc\/wp-content\/uploads\/sites\/4\/2025\/08\/54734611747_f588ab5ed3_c.jpg","type":"image\/jpeg"}],"author":"Adriana Costa","twitter_card":"summary_large_image","twitter_misc":{"Written by":"Adriana Costa","Est. reading time":"3 minutos"},"schema":{"@context":"https:\/\/schema.org","@graph":[{"@type":"WebPage","@id":"https:\/\/www.manaus.am.gov.br\/ccc\/prefeitura-ccc-visita-comar\/","url":"https:\/\/www.manaus.am.gov.br\/ccc\/prefeitura-ccc-visita-comar\/","name":"Centro de Coopera\u00e7\u00e3o da Cidade recebe representantes do 7\u00ba Comar em Manaus","isPartOf":{"@id":"https:\/\/www.manaus.am.gov.br\/ccc\/#website"},"primaryImageOfPage":{"@id":"https:\/\/www.manaus.am.gov.br\/ccc\/prefeitura-ccc-visita-comar\/#primaryimage"},"image":{"@id":"https:\/\/www.manaus.am.gov.br\/ccc\/prefeitura-ccc-visita-comar\/#primaryimage"},"thumbnailUrl":"https:\/\/www.manaus.am.gov.br\/ccc\/wp-content\/uploads\/sites\/4\/2025\/08\/54734611747_f588ab5ed3_c.jpg","datePublished":"2025-08-21T17:04:47+00:00","dateModified":"2025-08-21T17:04:49+00:00","author":{"@id":"https:\/\/www.manaus.am.gov.br\/ccc\/#\/schema\/person\/4e49f4e267757a06ca072ec61b2b9968"},"description":"O Centro de Coopera\u00e7\u00e3o da Cidade (CCC), da Prefeitura de Manaus, recebeu, na manh\u00e3 desta quinta-feira, 21\/8, a comitiva do Comandante do S\u00e9timo Comando A\u00e9reo Regional (7\u00ba Comar), oficial major-brigadeiro do ar, Ramiro Kirsch Pinheiro, e tenentes, para uma visita \u00e0 estrutura, localizada entre as avenidas Ephig\u00eanio Salles e Umberto Calderaro Filho, zona Centro-Sul.","inLanguage":"pt-BR","potentialAction":[{"@type":"ReadAction","target":["https:\/\/www.manaus.am.gov.br\/ccc\/prefeitura-ccc-visita-comar\/"]}]},{"@type":"ImageObject","inLanguage":"pt-BR","@id":"https:\/\/www.manaus.am.gov.br\/ccc\/prefeitura-ccc-visita-comar\/#primaryimage","url":"https:\/\/www.manaus.am.gov.br\/ccc\/wp-content\/uploads\/sites\/4\/2025\/08\/54734611747_f588ab5ed3_c.jpg","contentUrl":"https:\/\/www.manaus.am.gov.br\/ccc\/wp-content\/uploads\/sites\/4\/2025\/08\/54734611747_f588ab5ed3_c.jpg","width":799,"height":533},{"@type":"WebSite","@id":"https:\/\/www.manaus.am.gov.br\/ccc\/#website","url":"https:\/\/www.manaus.am.gov.br\/ccc\/","name":"CCC","description":"Centro de Coopera\u00e7\u00e3o da Cidade","alternateName":"Centro de Coopera\u00e7\u00e3o da Cidade","potentialAction":[{"@type":"SearchAction","target":{"@type":"EntryPoint","urlTemplate":"https:\/\/www.manaus.am.gov.br\/ccc\/?s={search_term_string}"},"query-input":"required name=search_term_string"}],"inLanguage":"pt-BR"},{"@type":"Person","@id":"https:\/\/www.manaus.am.gov.br\/ccc\/#\/schema\/person\/4e49f4e267757a06ca072ec61b2b9968","name":"Adriana Costa","image":{"@type":"ImageObject","inLanguage":"pt-BR","@id":"https:\/\/www.manaus.am.gov.br\/ccc\/#\/schema\/person\/image\/","url":"https:\/\/secure.gravatar.com\/avatar\/576258617ef7194f718179e766d57bd4?s=96&d=mm&r=g","contentUrl":"https:\/\/secure.gravatar.com\/avatar\/576258617ef7194f718179e766d57bd4?s=96&d=mm&r=g","caption":"Adriana Costa"}}]}},"_links":{"self":[{"href":"https:\/\/www.manaus.am.gov.br\/ccc\/wp-json\/wp\/v2\/posts\/1923"}],"collection":[{"href":"https:\/\/www.manaus.am.gov.br\/ccc\/wp-json\/wp\/v2\/posts"}],"about":[{"href":"https:\/\/www.manaus.am.gov.br\/ccc\/wp-json\/wp\/v2\/types\/post"}],"author":[{"embeddable":true,"href":"https:\/\/www.manaus.am.gov.br\/ccc\/wp-json\/wp\/v2\/users\/23"}],"replies":[{"embeddable":true,"href":"https:\/\/www.manaus.am.gov.br\/ccc\/wp-json\/wp\/v2\/comments?post=1923"}],"version-history":[{"count":0,"href":"https:\/\/www.manaus.am.gov.br\/ccc\/wp-json\/wp\/v2\/posts\/1923\/revisions"}],"wp:featuredmedia":[{"embeddable":true,"href":"https:\/\/www.manaus.am.gov.br\/ccc\/wp-json\/wp\/v2\/media\/1924"}],"wp:attachment":[{"href":"https:\/\/www.manaus.am.gov.br\/ccc\/wp-json\/wp\/v2\/media?parent=1923"}],"wp:term":[{"taxonomy":"category","embeddable":true,"href":"https:\/\/www.manaus.am.gov.br\/ccc\/wp-json\/wp\/v2\/categories?post=1923"},{"taxonomy":"post_tag","embeddable":true,"href":"https:\/\/www.manaus.am.gov.br\/ccc\/wp-json\/wp\/v2\/tags?post=1923"}],"curies":[{"name":"wp","href":"https:\/\/api.w.org\/{rel}","templated":true}]}}