{"id":1917,"date":"2025-08-14T20:10:44","date_gmt":"2025-08-15T00:10:44","guid":{"rendered":"https:\/\/www.manaus.am.gov.br\/ccc\/visita-tecnica-soumanaus\/"},"modified":"2025-08-15T20:15:08","modified_gmt":"2025-08-16T00:15:08","slug":"visita-tecnica-soumanaus","status":"publish","type":"post","link":"https:\/\/www.manaus.am.gov.br\/ccc\/visita-tecnica-soumanaus\/","title":{"rendered":"Prefeitura de Manaus realiza visita t\u00e9cnica para verifica\u00e7\u00e3o das \u00e1reas de programa\u00e7\u00e3o do \u2018#SouManaus Passo a Pa\u00e7o 2025\u2019"},"content":{"rendered":"\n<p>Na tarde desta quinta-feira, 14\/8, a Prefeitura de Manaus, por meio do Centro de Coopera\u00e7\u00e3o da Cidade (CCC), coordenou uma visita t\u00e9cnica ao percurso e aos espa\u00e7os que receber\u00e3o a programa\u00e7\u00e3o do \u201c#SouManaus Passo a Pa\u00e7o 2025\u201d, no Centro. A visita foi essencial para conhecer, junto aos organizadores, o planejamento da disposi\u00e7\u00e3o de palcos, barracas de alimenta\u00e7\u00e3o e demais estruturas do evento.<br><br>O ponto de encontro foi no mirante L\u00facia Almeida, de onde as equipes partiram para avaliar o posicionamento de cada secretaria e \u00f3rg\u00e3o dentro do per\u00edmetro do evento, al\u00e9m de verificar o funcionamento das estruturas e pontos estrat\u00e9gicos. Os coordenadores percorreram todo o per\u00edmetro do evento, iniciando pela plataforma Malcher, seguindo at\u00e9 a \u00e1rea da Alf\u00e2ndega, retornando e finalizando na pra\u00e7a Dom Pedro II, reconhecendo os locais onde ser\u00e3o montados portais de entrada, palcos, locais de acesso e barracas de alimenta\u00e7\u00e3o.<br><br>Embora ainda n\u00e3o haja barracas instaladas, essa etapa permitiu identificar os locais previstos para a comercializa\u00e7\u00e3o de alimentos e avaliar, de forma antecipada, aspectos relacionados \u00e0 seguran\u00e7a alimentar, como fluxo de p\u00fablico, infraestrutura de apoio e pontos cr\u00edticos de fiscaliza\u00e7\u00e3o. Segundo a Vigil\u00e2ncia Sanit\u00e1ria (Visa Manaus), essas a\u00e7\u00f5es preventivas garantir\u00e3o alimentos seguros e de qualidade, protegendo a sa\u00fade dos participantes.<br><br>As a\u00e7\u00f5es seguir\u00e3o o Plano de A\u00e7\u00f5es Integradas (PAI), elaborado pelo CCC, que serve como ferramenta estrat\u00e9gica de apoio \u00e0 ManausCult, garantindo integra\u00e7\u00e3o, seguran\u00e7a e efici\u00eancia na execu\u00e7\u00e3o de todas as etapas do evento. Segundo o superintendente do CCC, Sandro Diz, o PAI foi desenvolvido para que todos os \u00f3rg\u00e3os atuem de forma coordenada, desde a fase de planejamento at\u00e9 a execu\u00e7\u00e3o.<br><br>\u201cCom isso, conseguimos otimizar recursos, garantir seguran\u00e7a e proporcionar ao p\u00fablico uma experi\u00eancia \u00fanica. Cada visita t\u00e9cnica \u00e9 essencial para alinharmos detalhes, identificar pontos cr\u00edticos e assegurar que o evento seja um sucesso para toda a popula\u00e7\u00e3o de Manaus\u201d,.<br><br>Na \u00e1rea externa, a Guarda Municipal, em conjunto com a Pol\u00edcia Militar e a Pol\u00edcia Civil, atuar\u00e1 com patrulhas e apoio de viaturas. J\u00e1 as equipes da Secretaria Municipal de Sa\u00fade (Semsa), do Servi\u00e7o de Atendimento M\u00f3vel de Urg\u00eancia (Samu), Visa Manaus e Corpo de Bombeiros ser\u00e3o respons\u00e1veis pela retirada, atendimento e encaminhamento de poss\u00edveis ocorr\u00eancias para unidades hospitalares.<br><br>Para o diretor-presidente da Funda\u00e7\u00e3o Municipal de Cultura, Turismo e Eventos (ManausCult), o \u201c#SouManaus\u00a0 2025&#8243; n\u00e3o \u00e9 apenas um festival, \u00e9 a oportunidade de revitalizar o centro hist\u00f3rico, movimentar a economia local e valorizar a cultura da cidade.\u00a0<\/p>\n\n\n\n<p>\u201cCada palco, cada apresenta\u00e7\u00e3o, cada artista faz parte de uma grande celebra\u00e7\u00e3o da arte e da cidadania. O evento promete ser uma experi\u00eancia completa, integrando m\u00fasica, teatro, dan\u00e7a, moda e outras manifesta\u00e7\u00f5es art\u00edsticas, consolidando o Centro Hist\u00f3rico de Manaus como um polo de cultura, lazer e desenvolvimento econ\u00f4mico\u201d, disse.<\/p>\n\n\n\n<p>O domingo, dia 7 de setembro, ser\u00e1 o dia de maior movimenta\u00e7\u00e3o, com estacionamento e credenciais organizadas por cores para otimizar a log\u00edstica. As demandas e ajustes finais ser\u00e3o realizados a partir das observa\u00e7\u00f5es desta visita.<br><br><strong>Transversalidade<\/strong><br><br>A visita contou a participa\u00e7\u00e3o da ManausCult, das secretarias municipais de Infraestrutura (Seminf), da Mulher, Assist\u00eancia Social e Cidadania (Semasc), de Agricultura, Abastecimento, Centro e Com\u00e9rcio Informal (Semacc), de Comunica\u00e7\u00e3o (Semcom), Guarda Municipal, Instituto Municipal de Mobilidade Urbana (IMMU), Instituto Municipal de Planejamento Urbano (Implurb), Cerimonial, Visa Manaus, Juizado da Inf\u00e2ncia e Juventude Infracional (JIJI), Marinha do Brasil, Secretaria de Seguran\u00e7a P\u00fablica do Estado do Amazonas (SSP-AM), Secretaria Executiva-Adjunta de Planejamento e Gest\u00e3o Integrada (SEAGI), Pol\u00edcia Militar, Corpo de Bombeiros Militar do Amazonas (CBMAM) e Amazonas Energia.<br><br>O \u201c#SouManaus Passo a Pa\u00e7o 2025\u201d \u2013 edi\u00e7\u00e3o de 10 anos, promete ser o maior evento cultural j\u00e1 realizado na capital amazonense, reunindo m\u00fasica, arte, gastronomia e diversas manifesta\u00e7\u00f5es culturais, fortalecendo a identidade e o turismo local.<\/p>\n\n\n\n<p>&#8212; &#8212; \u2013<br><strong>Texto &#8211; <\/strong>F\u00e1bia Lima \/CCC e J\u00e9ssica Trajano\u00a0\/ ManausCult<br><strong>Fotos &#8211; <\/strong>Jo\u00e3o Viana \/Semcom<br><strong>Dispon\u00edveis em &#8211; <\/strong><a href=\"https:\/\/flic.kr\/s\/aHBqjCqKyP\">https:\/\/flic.kr\/s\/aHBqjCqKyP<\/a>\u00a0<\/p>\n","protected":false},"excerpt":{"rendered":"","protected":false},"author":68,"featured_media":1918,"comment_status":"closed","ping_status":"closed","sticky":false,"template":"","format":"standard","meta":{"footnotes":""},"categories":[201],"tags":[38,567],"acf":[],"yoast_head":"<!-- This site is optimized with the Yoast SEO plugin v23.0 - https:\/\/yoast.com\/wordpress\/plugins\/seo\/ -->\n<title>Prefeitura de Manaus realiza visita t\u00e9cnica para verifica\u00e7\u00e3o das \u00e1reas de programa\u00e7\u00e3o do \u2018#SouManaus Passo a Pa\u00e7o 2025\u2019<\/title>\n<meta name=\"description\" content=\"Na tarde desta quinta-feira, 14\/8, a Prefeitura de Manaus, por meio do Centro de Coopera\u00e7\u00e3o da Cidade (CCC), coordenou uma visita t\u00e9cnica ao percurso e aos espa\u00e7os que receber\u00e3o a programa\u00e7\u00e3o do \u201c#SouManaus Passo a Pa\u00e7o 2025\u201d, no Centro.\" \/>\n<meta name=\"robots\" content=\"index, follow, max-snippet:-1, max-image-preview:large, max-video-preview:-1\" \/>\n<link rel=\"canonical\" href=\"https:\/\/www.manaus.am.gov.br\/ccc\/visita-tecnica-soumanaus\/\" \/>\n<meta property=\"og:locale\" content=\"pt_BR\" \/>\n<meta property=\"og:type\" content=\"article\" \/>\n<meta property=\"og:title\" content=\"Prefeitura de Manaus realiza visita t\u00e9cnica para verifica\u00e7\u00e3o das \u00e1reas de programa\u00e7\u00e3o do \u2018#SouManaus Passo a Pa\u00e7o 2025\u2019\" \/>\n<meta property=\"og:description\" content=\"Na tarde desta quinta-feira, 14\/8, a Prefeitura de Manaus, por meio do Centro de Coopera\u00e7\u00e3o da Cidade (CCC), coordenou uma visita t\u00e9cnica ao percurso e aos espa\u00e7os que receber\u00e3o a programa\u00e7\u00e3o do \u201c#SouManaus Passo a Pa\u00e7o 2025\u201d, no Centro.\" \/>\n<meta property=\"og:url\" content=\"https:\/\/www.manaus.am.gov.br\/ccc\/visita-tecnica-soumanaus\/\" \/>\n<meta property=\"og:site_name\" content=\"CCC\" \/>\n<meta property=\"article:published_time\" content=\"2025-08-15T00:10:44+00:00\" \/>\n<meta property=\"article:modified_time\" content=\"2025-08-16T00:15:08+00:00\" \/>\n<meta property=\"og:image\" content=\"https:\/\/www.manaus.am.gov.br\/ccc\/wp-content\/uploads\/sites\/4\/2025\/08\/54721556159_14bd6a3569_c.jpg\" \/>\n\t<meta property=\"og:image:width\" content=\"799\" \/>\n\t<meta property=\"og:image:height\" content=\"533\" \/>\n\t<meta property=\"og:image:type\" content=\"image\/jpeg\" \/>\n<meta name=\"author\" content=\"bvalente\" \/>\n<meta name=\"twitter:card\" content=\"summary_large_image\" \/>\n<meta name=\"twitter:label1\" content=\"Written by\" \/>\n\t<meta name=\"twitter:data1\" content=\"bvalente\" \/>\n\t<meta name=\"twitter:label2\" content=\"Est. reading time\" \/>\n\t<meta name=\"twitter:data2\" content=\"4 minutos\" \/>\n<script type=\"application\/ld+json\" class=\"yoast-schema-graph\">{\"@context\":\"https:\/\/schema.org\",\"@graph\":[{\"@type\":\"WebPage\",\"@id\":\"https:\/\/www.manaus.am.gov.br\/ccc\/visita-tecnica-soumanaus\/\",\"url\":\"https:\/\/www.manaus.am.gov.br\/ccc\/visita-tecnica-soumanaus\/\",\"name\":\"Prefeitura de Manaus realiza visita t\u00e9cnica para verifica\u00e7\u00e3o das \u00e1reas de programa\u00e7\u00e3o do \u2018#SouManaus Passo a Pa\u00e7o 2025\u2019\",\"isPartOf\":{\"@id\":\"https:\/\/www.manaus.am.gov.br\/ccc\/#website\"},\"primaryImageOfPage\":{\"@id\":\"https:\/\/www.manaus.am.gov.br\/ccc\/visita-tecnica-soumanaus\/#primaryimage\"},\"image\":{\"@id\":\"https:\/\/www.manaus.am.gov.br\/ccc\/visita-tecnica-soumanaus\/#primaryimage\"},\"thumbnailUrl\":\"https:\/\/www.manaus.am.gov.br\/ccc\/wp-content\/uploads\/sites\/4\/2025\/08\/54721556159_14bd6a3569_c.jpg\",\"datePublished\":\"2025-08-15T00:10:44+00:00\",\"dateModified\":\"2025-08-16T00:15:08+00:00\",\"author\":{\"@id\":\"https:\/\/www.manaus.am.gov.br\/ccc\/#\/schema\/person\/466a0e03ae4b6062809046bd560ac955\"},\"description\":\"Na tarde desta quinta-feira, 14\/8, a Prefeitura de Manaus, por meio do Centro de Coopera\u00e7\u00e3o da Cidade (CCC), coordenou uma visita t\u00e9cnica ao percurso e aos espa\u00e7os que receber\u00e3o a programa\u00e7\u00e3o do \u201c#SouManaus Passo a Pa\u00e7o 2025\u201d, no Centro.\",\"inLanguage\":\"pt-BR\",\"potentialAction\":[{\"@type\":\"ReadAction\",\"target\":[\"https:\/\/www.manaus.am.gov.br\/ccc\/visita-tecnica-soumanaus\/\"]}]},{\"@type\":\"ImageObject\",\"inLanguage\":\"pt-BR\",\"@id\":\"https:\/\/www.manaus.am.gov.br\/ccc\/visita-tecnica-soumanaus\/#primaryimage\",\"url\":\"https:\/\/www.manaus.am.gov.br\/ccc\/wp-content\/uploads\/sites\/4\/2025\/08\/54721556159_14bd6a3569_c.jpg\",\"contentUrl\":\"https:\/\/www.manaus.am.gov.br\/ccc\/wp-content\/uploads\/sites\/4\/2025\/08\/54721556159_14bd6a3569_c.jpg\",\"width\":799,\"height\":533},{\"@type\":\"WebSite\",\"@id\":\"https:\/\/www.manaus.am.gov.br\/ccc\/#website\",\"url\":\"https:\/\/www.manaus.am.gov.br\/ccc\/\",\"name\":\"CCC\",\"description\":\"Centro de Coopera\u00e7\u00e3o da Cidade\",\"alternateName\":\"Centro de Coopera\u00e7\u00e3o da Cidade\",\"potentialAction\":[{\"@type\":\"SearchAction\",\"target\":{\"@type\":\"EntryPoint\",\"urlTemplate\":\"https:\/\/www.manaus.am.gov.br\/ccc\/?s={search_term_string}\"},\"query-input\":\"required name=search_term_string\"}],\"inLanguage\":\"pt-BR\"},{\"@type\":\"Person\",\"@id\":\"https:\/\/www.manaus.am.gov.br\/ccc\/#\/schema\/person\/466a0e03ae4b6062809046bd560ac955\",\"name\":\"bvalente\",\"image\":{\"@type\":\"ImageObject\",\"inLanguage\":\"pt-BR\",\"@id\":\"https:\/\/www.manaus.am.gov.br\/ccc\/#\/schema\/person\/image\/\",\"url\":\"https:\/\/secure.gravatar.com\/avatar\/3e69bc2b014bdad41adfec3a39de07d2?s=96&d=mm&r=g\",\"contentUrl\":\"https:\/\/secure.gravatar.com\/avatar\/3e69bc2b014bdad41adfec3a39de07d2?s=96&d=mm&r=g\",\"caption\":\"bvalente\"}}]}<\/script>\n<!-- \/ Yoast SEO plugin. -->","yoast_head_json":{"title":"Prefeitura de Manaus realiza visita t\u00e9cnica para verifica\u00e7\u00e3o das \u00e1reas de programa\u00e7\u00e3o do \u2018#SouManaus Passo a Pa\u00e7o 2025\u2019","description":"Na tarde desta quinta-feira, 14\/8, a Prefeitura de Manaus, por meio do Centro de Coopera\u00e7\u00e3o da Cidade (CCC), coordenou uma visita t\u00e9cnica ao percurso e aos espa\u00e7os que receber\u00e3o a programa\u00e7\u00e3o do \u201c#SouManaus Passo a Pa\u00e7o 2025\u201d, no Centro.","robots":{"index":"index","follow":"follow","max-snippet":"max-snippet:-1","max-image-preview":"max-image-preview:large","max-video-preview":"max-video-preview:-1"},"canonical":"https:\/\/www.manaus.am.gov.br\/ccc\/visita-tecnica-soumanaus\/","og_locale":"pt_BR","og_type":"article","og_title":"Prefeitura de Manaus realiza visita t\u00e9cnica para verifica\u00e7\u00e3o das \u00e1reas de programa\u00e7\u00e3o do \u2018#SouManaus Passo a Pa\u00e7o 2025\u2019","og_description":"Na tarde desta quinta-feira, 14\/8, a Prefeitura de Manaus, por meio do Centro de Coopera\u00e7\u00e3o da Cidade (CCC), coordenou uma visita t\u00e9cnica ao percurso e aos espa\u00e7os que receber\u00e3o a programa\u00e7\u00e3o do \u201c#SouManaus Passo a Pa\u00e7o 2025\u201d, no Centro.","og_url":"https:\/\/www.manaus.am.gov.br\/ccc\/visita-tecnica-soumanaus\/","og_site_name":"CCC","article_published_time":"2025-08-15T00:10:44+00:00","article_modified_time":"2025-08-16T00:15:08+00:00","og_image":[{"width":799,"height":533,"url":"https:\/\/www.manaus.am.gov.br\/ccc\/wp-content\/uploads\/sites\/4\/2025\/08\/54721556159_14bd6a3569_c.jpg","type":"image\/jpeg"}],"author":"bvalente","twitter_card":"summary_large_image","twitter_misc":{"Written by":"bvalente","Est. reading time":"4 minutos"},"schema":{"@context":"https:\/\/schema.org","@graph":[{"@type":"WebPage","@id":"https:\/\/www.manaus.am.gov.br\/ccc\/visita-tecnica-soumanaus\/","url":"https:\/\/www.manaus.am.gov.br\/ccc\/visita-tecnica-soumanaus\/","name":"Prefeitura de Manaus realiza visita t\u00e9cnica para verifica\u00e7\u00e3o das \u00e1reas de programa\u00e7\u00e3o do \u2018#SouManaus Passo a Pa\u00e7o 2025\u2019","isPartOf":{"@id":"https:\/\/www.manaus.am.gov.br\/ccc\/#website"},"primaryImageOfPage":{"@id":"https:\/\/www.manaus.am.gov.br\/ccc\/visita-tecnica-soumanaus\/#primaryimage"},"image":{"@id":"https:\/\/www.manaus.am.gov.br\/ccc\/visita-tecnica-soumanaus\/#primaryimage"},"thumbnailUrl":"https:\/\/www.manaus.am.gov.br\/ccc\/wp-content\/uploads\/sites\/4\/2025\/08\/54721556159_14bd6a3569_c.jpg","datePublished":"2025-08-15T00:10:44+00:00","dateModified":"2025-08-16T00:15:08+00:00","author":{"@id":"https:\/\/www.manaus.am.gov.br\/ccc\/#\/schema\/person\/466a0e03ae4b6062809046bd560ac955"},"description":"Na tarde desta quinta-feira, 14\/8, a Prefeitura de Manaus, por meio do Centro de Coopera\u00e7\u00e3o da Cidade (CCC), coordenou uma visita t\u00e9cnica ao percurso e aos espa\u00e7os que receber\u00e3o a programa\u00e7\u00e3o do \u201c#SouManaus Passo a Pa\u00e7o 2025\u201d, no Centro.","inLanguage":"pt-BR","potentialAction":[{"@type":"ReadAction","target":["https:\/\/www.manaus.am.gov.br\/ccc\/visita-tecnica-soumanaus\/"]}]},{"@type":"ImageObject","inLanguage":"pt-BR","@id":"https:\/\/www.manaus.am.gov.br\/ccc\/visita-tecnica-soumanaus\/#primaryimage","url":"https:\/\/www.manaus.am.gov.br\/ccc\/wp-content\/uploads\/sites\/4\/2025\/08\/54721556159_14bd6a3569_c.jpg","contentUrl":"https:\/\/www.manaus.am.gov.br\/ccc\/wp-content\/uploads\/sites\/4\/2025\/08\/54721556159_14bd6a3569_c.jpg","width":799,"height":533},{"@type":"WebSite","@id":"https:\/\/www.manaus.am.gov.br\/ccc\/#website","url":"https:\/\/www.manaus.am.gov.br\/ccc\/","name":"CCC","description":"Centro de Coopera\u00e7\u00e3o da Cidade","alternateName":"Centro de Coopera\u00e7\u00e3o da Cidade","potentialAction":[{"@type":"SearchAction","target":{"@type":"EntryPoint","urlTemplate":"https:\/\/www.manaus.am.gov.br\/ccc\/?s={search_term_string}"},"query-input":"required name=search_term_string"}],"inLanguage":"pt-BR"},{"@type":"Person","@id":"https:\/\/www.manaus.am.gov.br\/ccc\/#\/schema\/person\/466a0e03ae4b6062809046bd560ac955","name":"bvalente","image":{"@type":"ImageObject","inLanguage":"pt-BR","@id":"https:\/\/www.manaus.am.gov.br\/ccc\/#\/schema\/person\/image\/","url":"https:\/\/secure.gravatar.com\/avatar\/3e69bc2b014bdad41adfec3a39de07d2?s=96&d=mm&r=g","contentUrl":"https:\/\/secure.gravatar.com\/avatar\/3e69bc2b014bdad41adfec3a39de07d2?s=96&d=mm&r=g","caption":"bvalente"}}]}},"_links":{"self":[{"href":"https:\/\/www.manaus.am.gov.br\/ccc\/wp-json\/wp\/v2\/posts\/1917"}],"collection":[{"href":"https:\/\/www.manaus.am.gov.br\/ccc\/wp-json\/wp\/v2\/posts"}],"about":[{"href":"https:\/\/www.manaus.am.gov.br\/ccc\/wp-json\/wp\/v2\/types\/post"}],"author":[{"embeddable":true,"href":"https:\/\/www.manaus.am.gov.br\/ccc\/wp-json\/wp\/v2\/users\/68"}],"replies":[{"embeddable":true,"href":"https:\/\/www.manaus.am.gov.br\/ccc\/wp-json\/wp\/v2\/comments?post=1917"}],"version-history":[{"count":2,"href":"https:\/\/www.manaus.am.gov.br\/ccc\/wp-json\/wp\/v2\/posts\/1917\/revisions"}],"predecessor-version":[{"id":1921,"href":"https:\/\/www.manaus.am.gov.br\/ccc\/wp-json\/wp\/v2\/posts\/1917\/revisions\/1921"}],"wp:featuredmedia":[{"embeddable":true,"href":"https:\/\/www.manaus.am.gov.br\/ccc\/wp-json\/wp\/v2\/media\/1918"}],"wp:attachment":[{"href":"https:\/\/www.manaus.am.gov.br\/ccc\/wp-json\/wp\/v2\/media?parent=1917"}],"wp:term":[{"taxonomy":"category","embeddable":true,"href":"https:\/\/www.manaus.am.gov.br\/ccc\/wp-json\/wp\/v2\/categories?post=1917"},{"taxonomy":"post_tag","embeddable":true,"href":"https:\/\/www.manaus.am.gov.br\/ccc\/wp-json\/wp\/v2\/tags?post=1917"}],"curies":[{"name":"wp","href":"https:\/\/api.w.org\/{rel}","templated":true}]}}