{"id":191,"date":"2022-12-13T20:30:00","date_gmt":"2022-12-14T00:30:00","guid":{"rendered":"https:\/\/www.manaus.am.gov.br\/ccc\/prefeitura-de-manaus-atende-ocorrencias-durante-a-chuva-nesta-terca-feira-13-12\/"},"modified":"2022-12-21T10:01:24","modified_gmt":"2022-12-21T14:01:24","slug":"prefeitura-de-manaus-atende-ocorrencias-durante-a-chuva-nesta-terca-feira-13-12","status":"publish","type":"post","link":"https:\/\/www.manaus.am.gov.br\/ccc\/prefeitura-de-manaus-atende-ocorrencias-durante-a-chuva-nesta-terca-feira-13-12\/","title":{"rendered":"Prefeitura de Manaus atende ocorr\u00eancias durante a chuva nesta ter\u00e7a-feira, 13\/12"},"content":{"rendered":"\n<p>Para dar uma pronta-resposta \u00e0 popula\u00e7\u00e3o, a Prefeitura de Manaus, por meio do Centro de Coopera\u00e7\u00e3o da Cidade (CCC), nesta ter\u00e7a-feira, 13\/12, atendeu 39 ocorr\u00eancias \u2013 entre elas, as de tr\u00e2nsito \u2013 relacionadas \u00e0 chuva. O local mais prejudicado foi o centro da cidade, que recebeu as equipes t\u00e9cnicas.<\/p>\n\n\n\n<p>O superintendente do CCC, Sandro Diz, ressalta que sem a coopera\u00e7\u00e3o entre os \u00f3rg\u00e3os n\u00e3o \u00e9 poss\u00edvel encaminhar as demandas. \u201cDesde o primeiro dia, o CCC busca agilizar a vida dos manauaras por meio da pronta-resposta e essa \u00e9 a determina\u00e7\u00e3o do prefeito David Almeida, que busca desburocratizar os servi\u00e7os municipais por interm\u00e9dio da integra\u00e7\u00e3o\u201d, salienta.<\/p>\n\n\n\n<p>A Defesa Civil de Manaus registrou um total de 21 ocorr\u00eancias devido \u00e0 forte chuva que atingiu a cidade nesta ter\u00e7a-feira, chegando a mais de 56 mm nas \u00faltimas 24 horas.<\/p>\n\n\n\n<p>A ocorr\u00eancia de maior relev\u00e2ncia aconteceu na rua Comendador Clementino, no Centro, onde um muro desabou sobre uma resid\u00eancia, causando danos materiais. Al\u00e9m da Defesa Civil, a Secretaria Municipal de Assist\u00eancia Social e Cidadania (Semasc) tamb\u00e9m participou da ocorr\u00eancia, resultando em um cadastro social.<\/p>\n\n\n\n<p>Conforme o secret\u00e1rio-executivo da Defesa Civil de Manaus, Fernando Junior, as principais \u00e1reas afetadas foram as zonas Leste e Oeste.<\/p>\n\n\n\n<p>\u201cA Defesa Civil atendeu mais de 19 ocorr\u00eancias com mais de 56 mil\u00edmetros que atingiram principalmente as \u00e1reas Leste e Oeste da cidade. As equipes de rua desde as primeiras horas est\u00e3o atuando e no CCC temos uma equipe do 199 monitorando em tempo real a cidade\u201d, conta o secret\u00e1rio.<\/p>\n\n\n\n<h2 class=\"wp-block-heading\">Tr\u00e2nsito<\/h2>\n\n\n\n<p>J\u00e1 o Instituto Municipal de Mobilidade Urbana (IMMU) registrou 18 ocorr\u00eancias durante a chuva, sendo quatro de acidentes com danos materiais e tr\u00eas com v\u00edtimas lesionadas.<\/p>\n\n\n\n<p>As equipes de agentes de tr\u00e2nsito seguem nos principais pontos da cidade para garantir a fluidez do tr\u00e2nsito e a seguran\u00e7a de motoristas e pedestres.<\/p>\n\n\n\n<hr class=\"wp-block-separator has-alpha-channel-opacity\"\/>\n\n\n\n<p><strong>Texto \u2013&nbsp;<\/strong>Divulga\u00e7\u00e3o \/ CCC<br><strong>Fotos \u2013&nbsp;<\/strong>Divulga\u00e7\u00e3o \/ CCC<\/p>\n","protected":false},"excerpt":{"rendered":"","protected":false},"author":27,"featured_media":192,"comment_status":"closed","ping_status":"closed","sticky":false,"template":"","format":"standard","meta":{"footnotes":""},"categories":[28],"tags":[],"acf":[],"yoast_head":"<!-- This site is optimized with the Yoast SEO plugin v23.0 - https:\/\/yoast.com\/wordpress\/plugins\/seo\/ -->\n<title>Prefeitura de Manaus atende ocorr\u00eancias durante a chuva nesta ter\u00e7a-feira, 13\/12 - CCC<\/title>\n<meta name=\"robots\" content=\"index, follow, max-snippet:-1, max-image-preview:large, max-video-preview:-1\" \/>\n<link rel=\"canonical\" href=\"https:\/\/www.manaus.am.gov.br\/ccc\/prefeitura-de-manaus-atende-ocorrencias-durante-a-chuva-nesta-terca-feira-13-12\/\" \/>\n<meta property=\"og:locale\" content=\"pt_BR\" \/>\n<meta property=\"og:type\" content=\"article\" \/>\n<meta property=\"og:title\" content=\"Prefeitura de Manaus atende ocorr\u00eancias durante a chuva nesta ter\u00e7a-feira, 13\/12 - CCC\" \/>\n<meta property=\"og:url\" content=\"https:\/\/www.manaus.am.gov.br\/ccc\/prefeitura-de-manaus-atende-ocorrencias-durante-a-chuva-nesta-terca-feira-13-12\/\" \/>\n<meta property=\"og:site_name\" content=\"CCC\" \/>\n<meta property=\"article:published_time\" content=\"2022-12-14T00:30:00+00:00\" \/>\n<meta property=\"article:modified_time\" content=\"2022-12-21T14:01:24+00:00\" \/>\n<meta property=\"og:image\" content=\"https:\/\/www.manaus.am.gov.br\/ccc\/wp-content\/uploads\/sites\/4\/2022\/12\/Prefeitura-de-Manaus-atende-ocorrencias-durante-a-chuva-nesta-terca-feira.jpg\" \/>\n\t<meta property=\"og:image:width\" content=\"1024\" \/>\n\t<meta property=\"og:image:height\" content=\"683\" \/>\n\t<meta property=\"og:image:type\" content=\"image\/jpeg\" \/>\n<meta name=\"author\" content=\"Imarketing Digital\" \/>\n<meta name=\"twitter:card\" content=\"summary_large_image\" \/>\n<meta name=\"twitter:label1\" content=\"Written by\" \/>\n\t<meta name=\"twitter:data1\" content=\"Imarketing Digital\" \/>\n\t<meta name=\"twitter:label2\" content=\"Est. reading time\" \/>\n\t<meta name=\"twitter:data2\" content=\"2 minutos\" \/>\n<script type=\"application\/ld+json\" class=\"yoast-schema-graph\">{\"@context\":\"https:\/\/schema.org\",\"@graph\":[{\"@type\":\"WebPage\",\"@id\":\"https:\/\/www.manaus.am.gov.br\/ccc\/prefeitura-de-manaus-atende-ocorrencias-durante-a-chuva-nesta-terca-feira-13-12\/\",\"url\":\"https:\/\/www.manaus.am.gov.br\/ccc\/prefeitura-de-manaus-atende-ocorrencias-durante-a-chuva-nesta-terca-feira-13-12\/\",\"name\":\"Prefeitura de Manaus atende ocorr\u00eancias durante a chuva nesta ter\u00e7a-feira, 13\/12 - CCC\",\"isPartOf\":{\"@id\":\"https:\/\/www.manaus.am.gov.br\/ccc\/#website\"},\"primaryImageOfPage\":{\"@id\":\"https:\/\/www.manaus.am.gov.br\/ccc\/prefeitura-de-manaus-atende-ocorrencias-durante-a-chuva-nesta-terca-feira-13-12\/#primaryimage\"},\"image\":{\"@id\":\"https:\/\/www.manaus.am.gov.br\/ccc\/prefeitura-de-manaus-atende-ocorrencias-durante-a-chuva-nesta-terca-feira-13-12\/#primaryimage\"},\"thumbnailUrl\":\"https:\/\/www.manaus.am.gov.br\/ccc\/wp-content\/uploads\/sites\/4\/2022\/12\/Prefeitura-de-Manaus-atende-ocorrencias-durante-a-chuva-nesta-terca-feira.jpg\",\"datePublished\":\"2022-12-14T00:30:00+00:00\",\"dateModified\":\"2022-12-21T14:01:24+00:00\",\"author\":{\"@id\":\"https:\/\/www.manaus.am.gov.br\/ccc\/#\/schema\/person\/79525a47ac5902f50493820d995728ee\"},\"inLanguage\":\"pt-BR\",\"potentialAction\":[{\"@type\":\"ReadAction\",\"target\":[\"https:\/\/www.manaus.am.gov.br\/ccc\/prefeitura-de-manaus-atende-ocorrencias-durante-a-chuva-nesta-terca-feira-13-12\/\"]}]},{\"@type\":\"ImageObject\",\"inLanguage\":\"pt-BR\",\"@id\":\"https:\/\/www.manaus.am.gov.br\/ccc\/prefeitura-de-manaus-atende-ocorrencias-durante-a-chuva-nesta-terca-feira-13-12\/#primaryimage\",\"url\":\"https:\/\/www.manaus.am.gov.br\/ccc\/wp-content\/uploads\/sites\/4\/2022\/12\/Prefeitura-de-Manaus-atende-ocorrencias-durante-a-chuva-nesta-terca-feira.jpg\",\"contentUrl\":\"https:\/\/www.manaus.am.gov.br\/ccc\/wp-content\/uploads\/sites\/4\/2022\/12\/Prefeitura-de-Manaus-atende-ocorrencias-durante-a-chuva-nesta-terca-feira.jpg\",\"width\":1024,\"height\":683,\"caption\":\"Prefeitura de Manaus atende ocorr\u00eancias durante a chuva nesta ter\u00e7a-feira\"},{\"@type\":\"WebSite\",\"@id\":\"https:\/\/www.manaus.am.gov.br\/ccc\/#website\",\"url\":\"https:\/\/www.manaus.am.gov.br\/ccc\/\",\"name\":\"CCC\",\"description\":\"Centro de Coopera\u00e7\u00e3o da Cidade\",\"alternateName\":\"Centro de Coopera\u00e7\u00e3o da Cidade\",\"potentialAction\":[{\"@type\":\"SearchAction\",\"target\":{\"@type\":\"EntryPoint\",\"urlTemplate\":\"https:\/\/www.manaus.am.gov.br\/ccc\/?s={search_term_string}\"},\"query-input\":\"required name=search_term_string\"}],\"inLanguage\":\"pt-BR\"},{\"@type\":\"Person\",\"@id\":\"https:\/\/www.manaus.am.gov.br\/ccc\/#\/schema\/person\/79525a47ac5902f50493820d995728ee\",\"name\":\"Imarketing Digital\",\"image\":{\"@type\":\"ImageObject\",\"inLanguage\":\"pt-BR\",\"@id\":\"https:\/\/www.manaus.am.gov.br\/ccc\/#\/schema\/person\/image\/\",\"url\":\"https:\/\/secure.gravatar.com\/avatar\/03432d3c57b756ed9760f7019c815a3a?s=96&d=mm&r=g\",\"contentUrl\":\"https:\/\/secure.gravatar.com\/avatar\/03432d3c57b756ed9760f7019c815a3a?s=96&d=mm&r=g\",\"caption\":\"Imarketing Digital\"}}]}<\/script>\n<!-- \/ Yoast SEO plugin. -->","yoast_head_json":{"title":"Prefeitura de Manaus atende ocorr\u00eancias durante a chuva nesta ter\u00e7a-feira, 13\/12 - CCC","robots":{"index":"index","follow":"follow","max-snippet":"max-snippet:-1","max-image-preview":"max-image-preview:large","max-video-preview":"max-video-preview:-1"},"canonical":"https:\/\/www.manaus.am.gov.br\/ccc\/prefeitura-de-manaus-atende-ocorrencias-durante-a-chuva-nesta-terca-feira-13-12\/","og_locale":"pt_BR","og_type":"article","og_title":"Prefeitura de Manaus atende ocorr\u00eancias durante a chuva nesta ter\u00e7a-feira, 13\/12 - CCC","og_url":"https:\/\/www.manaus.am.gov.br\/ccc\/prefeitura-de-manaus-atende-ocorrencias-durante-a-chuva-nesta-terca-feira-13-12\/","og_site_name":"CCC","article_published_time":"2022-12-14T00:30:00+00:00","article_modified_time":"2022-12-21T14:01:24+00:00","og_image":[{"width":1024,"height":683,"url":"https:\/\/www.manaus.am.gov.br\/ccc\/wp-content\/uploads\/sites\/4\/2022\/12\/Prefeitura-de-Manaus-atende-ocorrencias-durante-a-chuva-nesta-terca-feira.jpg","type":"image\/jpeg"}],"author":"Imarketing Digital","twitter_card":"summary_large_image","twitter_misc":{"Written by":"Imarketing Digital","Est. reading time":"2 minutos"},"schema":{"@context":"https:\/\/schema.org","@graph":[{"@type":"WebPage","@id":"https:\/\/www.manaus.am.gov.br\/ccc\/prefeitura-de-manaus-atende-ocorrencias-durante-a-chuva-nesta-terca-feira-13-12\/","url":"https:\/\/www.manaus.am.gov.br\/ccc\/prefeitura-de-manaus-atende-ocorrencias-durante-a-chuva-nesta-terca-feira-13-12\/","name":"Prefeitura de Manaus atende ocorr\u00eancias durante a chuva nesta ter\u00e7a-feira, 13\/12 - CCC","isPartOf":{"@id":"https:\/\/www.manaus.am.gov.br\/ccc\/#website"},"primaryImageOfPage":{"@id":"https:\/\/www.manaus.am.gov.br\/ccc\/prefeitura-de-manaus-atende-ocorrencias-durante-a-chuva-nesta-terca-feira-13-12\/#primaryimage"},"image":{"@id":"https:\/\/www.manaus.am.gov.br\/ccc\/prefeitura-de-manaus-atende-ocorrencias-durante-a-chuva-nesta-terca-feira-13-12\/#primaryimage"},"thumbnailUrl":"https:\/\/www.manaus.am.gov.br\/ccc\/wp-content\/uploads\/sites\/4\/2022\/12\/Prefeitura-de-Manaus-atende-ocorrencias-durante-a-chuva-nesta-terca-feira.jpg","datePublished":"2022-12-14T00:30:00+00:00","dateModified":"2022-12-21T14:01:24+00:00","author":{"@id":"https:\/\/www.manaus.am.gov.br\/ccc\/#\/schema\/person\/79525a47ac5902f50493820d995728ee"},"inLanguage":"pt-BR","potentialAction":[{"@type":"ReadAction","target":["https:\/\/www.manaus.am.gov.br\/ccc\/prefeitura-de-manaus-atende-ocorrencias-durante-a-chuva-nesta-terca-feira-13-12\/"]}]},{"@type":"ImageObject","inLanguage":"pt-BR","@id":"https:\/\/www.manaus.am.gov.br\/ccc\/prefeitura-de-manaus-atende-ocorrencias-durante-a-chuva-nesta-terca-feira-13-12\/#primaryimage","url":"https:\/\/www.manaus.am.gov.br\/ccc\/wp-content\/uploads\/sites\/4\/2022\/12\/Prefeitura-de-Manaus-atende-ocorrencias-durante-a-chuva-nesta-terca-feira.jpg","contentUrl":"https:\/\/www.manaus.am.gov.br\/ccc\/wp-content\/uploads\/sites\/4\/2022\/12\/Prefeitura-de-Manaus-atende-ocorrencias-durante-a-chuva-nesta-terca-feira.jpg","width":1024,"height":683,"caption":"Prefeitura de Manaus atende ocorr\u00eancias durante a chuva nesta ter\u00e7a-feira"},{"@type":"WebSite","@id":"https:\/\/www.manaus.am.gov.br\/ccc\/#website","url":"https:\/\/www.manaus.am.gov.br\/ccc\/","name":"CCC","description":"Centro de Coopera\u00e7\u00e3o da Cidade","alternateName":"Centro de Coopera\u00e7\u00e3o da Cidade","potentialAction":[{"@type":"SearchAction","target":{"@type":"EntryPoint","urlTemplate":"https:\/\/www.manaus.am.gov.br\/ccc\/?s={search_term_string}"},"query-input":"required name=search_term_string"}],"inLanguage":"pt-BR"},{"@type":"Person","@id":"https:\/\/www.manaus.am.gov.br\/ccc\/#\/schema\/person\/79525a47ac5902f50493820d995728ee","name":"Imarketing Digital","image":{"@type":"ImageObject","inLanguage":"pt-BR","@id":"https:\/\/www.manaus.am.gov.br\/ccc\/#\/schema\/person\/image\/","url":"https:\/\/secure.gravatar.com\/avatar\/03432d3c57b756ed9760f7019c815a3a?s=96&d=mm&r=g","contentUrl":"https:\/\/secure.gravatar.com\/avatar\/03432d3c57b756ed9760f7019c815a3a?s=96&d=mm&r=g","caption":"Imarketing Digital"}}]}},"_links":{"self":[{"href":"https:\/\/www.manaus.am.gov.br\/ccc\/wp-json\/wp\/v2\/posts\/191"}],"collection":[{"href":"https:\/\/www.manaus.am.gov.br\/ccc\/wp-json\/wp\/v2\/posts"}],"about":[{"href":"https:\/\/www.manaus.am.gov.br\/ccc\/wp-json\/wp\/v2\/types\/post"}],"author":[{"embeddable":true,"href":"https:\/\/www.manaus.am.gov.br\/ccc\/wp-json\/wp\/v2\/users\/27"}],"replies":[{"embeddable":true,"href":"https:\/\/www.manaus.am.gov.br\/ccc\/wp-json\/wp\/v2\/comments?post=191"}],"version-history":[{"count":0,"href":"https:\/\/www.manaus.am.gov.br\/ccc\/wp-json\/wp\/v2\/posts\/191\/revisions"}],"wp:featuredmedia":[{"embeddable":true,"href":"https:\/\/www.manaus.am.gov.br\/ccc\/wp-json\/wp\/v2\/media\/192"}],"wp:attachment":[{"href":"https:\/\/www.manaus.am.gov.br\/ccc\/wp-json\/wp\/v2\/media?parent=191"}],"wp:term":[{"taxonomy":"category","embeddable":true,"href":"https:\/\/www.manaus.am.gov.br\/ccc\/wp-json\/wp\/v2\/categories?post=191"},{"taxonomy":"post_tag","embeddable":true,"href":"https:\/\/www.manaus.am.gov.br\/ccc\/wp-json\/wp\/v2\/tags?post=191"}],"curies":[{"name":"wp","href":"https:\/\/api.w.org\/{rel}","templated":true}]}}