{"id":188,"date":"2020-10-08T16:50:34","date_gmt":"2020-10-08T20:50:34","guid":{"rendered":"https:\/\/www.manaus.am.gov.br\/ccc\/manaus-a-caminho-da-lideranca-em-tecnologia-e-inovacao-com-inauguracoes-do-polo-digital-e-ccc\/"},"modified":"2022-12-21T10:01:12","modified_gmt":"2022-12-21T14:01:12","slug":"manaus-a-caminho-da-lideranca-em-tecnologia-e-inovacao-com-inauguracoes-do-polo-digital-e-ccc","status":"publish","type":"post","link":"https:\/\/www.manaus.am.gov.br\/ccc\/manaus-a-caminho-da-lideranca-em-tecnologia-e-inovacao-com-inauguracoes-do-polo-digital-e-ccc\/","title":{"rendered":"Manaus a caminho da lideran\u00e7a em tecnologia e inova\u00e7\u00e3o com inaugura\u00e7\u00f5es do Polo Digital e CCC"},"content":{"rendered":"\n<p>A capital amazonense j\u00e1 \u00e9 a sexta cidade mais empreendedora do pa\u00eds e a 12\u00aa colocada em tecnologia e inova\u00e7\u00e3o. Com a inaugura\u00e7\u00e3o do Polo Digital, prevista para o fim deste m\u00eas como parte das obras entregues pelo anivers\u00e1rio de 351 anos de Manaus, que ir\u00e1 funcionar no antigo hotel Cassina, centro hist\u00f3rico, e com a operacionaliza\u00e7\u00e3o do Centro de Coopera\u00e7\u00e3o da Cidade (CCC), agendada para novembro, o desempenho desses indicadores dever\u00e1 crescer de forma acelerada, colocando a capital do Amazonas entre as primeiras colocadas.<\/p>\n\n\n\n<p>\u201cSe estamos avan\u00e7ando rapidamente com as pol\u00edticas p\u00fablicas, obras e programas que estamos implantando, com o funcionamento desses dois locais, que s\u00e3o s\u00edmbolo m\u00e1ximo de Cidade Inteligente e de economia 4.0, com foco no empreendedorismo, n\u00e3o temos d\u00favidas de que subiremos para o topo\u201d, afirmou o prefeito de Manaus, Arthur Virg\u00edlio Neto, que vistoriou nesta quinta-feira, 8\/10, as obras do Polo Digital Cassina, em conclus\u00e3o, e do CCC, cuja obra f\u00edsica foi entregue e passa pela adequa\u00e7\u00e3o de equipamentos e sistemas informatizados.<\/p>\n\n\n\n<p>Os indicadores destacados pelo prefeito dizem respeito ao \u201cRanking Connected Smart Cities\/2020\u201d<em>,<\/em> que aponta Manaus como a sexta no Brasil e a primeira na regi\u00e3o Norte como Cidade Empreendedora, al\u00e9m do avan\u00e7o em 18 posi\u00e7\u00f5es no indicador de Cidade Inteligente. O estudo avalia 11 eixos de a\u00e7\u00f5es e investimentos. \u201cManaus, Cidade Inteligente j\u00e1 \u00e9 um fato real\u201d, destacou o prefeito.<\/p>\n\n\n\n<p>O primeiro local visitado foi o antigo hotel Cassina, que vai abrigar o Polo Digital, dedicado a desenvolver projetos de inova\u00e7\u00e3o tecnol\u00f3gica e empreendedorismo. \u201cAs medidas que j\u00e1 adotamos, esse Polo Digital e mais o CCC, j\u00e1 consagram Manaus como uma cidade inteligente\u201d, disse o prefeito, acrescentando que esse \u00e9 o caminho para consolidar a economia da cidade, em conson\u00e2ncia com a Zona Franca de Manaus (ZFM). \u201cA economia 4.0, a inova\u00e7\u00e3o tecnol\u00f3gica e novos polos de industrializa\u00e7\u00e3o com o foco na inova\u00e7\u00e3o s\u00e3o as solu\u00e7\u00f5es para a economia local, junto com o aproveitamento dos nossos recursos naturais de forma sustent\u00e1vel\u201d, lembrou.<\/p>\n\n\n\n<p>A obra, al\u00e9m de manter os aspectos hist\u00f3ricos do antigo hotel Cassina em sua fachada e estruturas internas, faz um casamento perfeito com a modernidade, trabalhando os conceitos de espa\u00e7os abertos e transpar\u00eancias. O Polo Digital tem espa\u00e7o dedicado para, aproximadamente, cem empreendedores, com laborat\u00f3rios, salas de desenvolvimento de <em>startups<\/em>, de treinamento, audit\u00f3rio e um espa\u00e7o caf\u00e9 que servir\u00e1 para o encontro de ideias.<\/p>\n\n\n\n<p>\u201cVamos fazer aqui um ponto de encontro onde os jovens que querem levar suas ideias de neg\u00f3cios encontrem toda a ajuda necess\u00e1ria para ir em frente\u201d, explicou o titular da Secretaria Municipal de Trabalho, Empreendedorismo e Inova\u00e7\u00e3o (Semtepi), Marco Pessoa. \u201cQueremos construir um polo de inova\u00e7\u00e3o. J\u00e1 temos leis aprovadas e parcerias com institui\u00e7\u00f5es\u201d, completou.<\/p>\n\n\n\n<p>O prefeito Arthur Neto tamb\u00e9m visitou o CCC, que j\u00e1 teve suas instala\u00e7\u00f5es f\u00edsicas inauguradas e recebe mobili\u00e1rio, equipamentos tecnol\u00f3gicos e sistemas. O local vai funcionar como uma grande sala de monitoramento e gerenciamento de crise. Localizado no cruzamento das avenidas Efig\u00eanio Salles e Umberto Calderaro Filho, no bairro Adrian\u00f3polis, zona Centro-Sul, o&nbsp;CCC&nbsp;ir\u00e1 integrar o trabalho de diversas secretarias municipais, dando maior celeridade \u00e0s demandas da capital.<\/p>\n\n\n\n<p>\u201cO&nbsp;CCC&nbsp;vai ajudar no transporte, na sa\u00fade e seguran\u00e7a p\u00fablica. Vou aproveitar poucos meses dele, mas o futuro prefeito ter\u00e1 uma sala de situa\u00e7\u00e3o, para administrar crises, dar respostas mais r\u00e1pidas, antecipar solu\u00e7\u00f5es e decis\u00f5es. \u00c9 uma obra revolucion\u00e1ria e com ela estaremos, definitivamente, na condi\u00e7\u00e3o de cidade inteligente\u201d, destacou o prefeito.<\/p>\n\n\n\n<p>O sistema, que integrar\u00e1 as informa\u00e7\u00f5es do poder p\u00fablico municipal, \u00e9 chamado de \u201csoftware de intelig\u00eancia\u201d e vai unir dados de secretarias, partindo do conceito de atendimento que, hoje, elas j\u00e1 fazem, por\u00e9m de forma separada. O monitoramento da cidade vai ser feito por meio de c\u00e2meras espalhadas em todas as zonas. A entrega completa do Centro de Coopera\u00e7\u00e3o da Cidade est\u00e1 prevista para a primeira quinzena de novembro, com todos os sistemas em opera\u00e7\u00e3o.<\/p>\n\n\n\n<p><strong>Centro hist\u00f3rico<\/strong><\/p>\n\n\n\n<p>O prefeito tamb\u00e9m visitou a obra de restauro da antiga C\u00e2mara Municipal de Manaus (CMM), uma das obras do programa Manaus Hist\u00f3rica, que contempla pr\u00e9dios como o do antigo hotel Cassina; a pr\u00f3pria C\u00e2mara, que vai abrigar o Centro de Arqueologia de Manaus; a biblioteca municipal Jo\u00e3o Bosco Pantoja Evangelista, j\u00e1 com a obra conclu\u00edda e pronta para abrir ao p\u00fablico ap\u00f3s a pandemia, e outras.<\/p>\n\n\n\n<p>\u201cEsse \u00e9 um legado que vamos deixar para Manaus. O centro hist\u00f3rico renasceu. Fizemos muitas obras para qualificar esse espa\u00e7o da cidade para o turismo, n\u00e3o s\u00f3 restaurando os pr\u00e9dios e valorizando sua arquitetura hist\u00f3rica, mas dando um novo significado para eles, como por exemplo, esses tr\u00eas pr\u00e9dios \u2013 antiga C\u00e2mara, hotel Cassina e Pa\u00e7o Municipal &#8211; que trabalhamos nesse s\u00edtio arqueol\u00f3gico, chamado S\u00edtio Manaus\u201d, destacou o prefeito.<\/p>\n\n\n\n<p>O restauro do pr\u00e9dio da antiga CMM contempla tr\u00eas edifica\u00e7\u00f5es, que v\u00e3o compor o Centro de Arqueologia de Manaus, com espa\u00e7os para exposi\u00e7\u00f5es, laborat\u00f3rios de arqueologia e guarda de patrim\u00f4nio arqueol\u00f3gico, pesquisas cient\u00edficas, servi\u00e7os, caf\u00e9s e lojas de souvenir.&nbsp; Durante as obras, foram encontrados dois mosaicos, que foram reconstru\u00eddos em parte, destacando as obras de restauro.<\/p>\n\n\n\n<p>&#8212; &#8212; &#8212;<\/p>\n\n\n\n<p><strong>Texto<\/strong>&nbsp;\u2013 Jacira Oliveira \/ Semcom<\/p>\n\n\n\n<p><strong>Fotos<\/strong>&nbsp;\u2013 Alex Pazuello \/ Semcom<\/p>\n\n\n\n<p><strong>Dispon\u00edveis em<\/strong> \u2013 <a href=\"https:\/\/flic.kr\/s\/aHsmRh9JFd\">https:\/\/flic.kr\/s\/aHsmRh9JFd<\/a><\/p>\n","protected":false},"excerpt":{"rendered":"","protected":false},"author":8,"featured_media":189,"comment_status":"closed","ping_status":"closed","sticky":false,"template":"","format":"standard","meta":{"footnotes":""},"categories":[27],"tags":[],"acf":[],"yoast_head":"<!-- This site is optimized with the Yoast SEO plugin v23.0 - https:\/\/yoast.com\/wordpress\/plugins\/seo\/ -->\n<title>Manaus a caminho da lideran\u00e7a em tecnologia e inova\u00e7\u00e3o com inaugura\u00e7\u00f5es do Polo Digital e CCC - CCC<\/title>\n<meta name=\"robots\" content=\"index, follow, max-snippet:-1, max-image-preview:large, max-video-preview:-1\" \/>\n<link rel=\"canonical\" href=\"https:\/\/www.manaus.am.gov.br\/ccc\/manaus-a-caminho-da-lideranca-em-tecnologia-e-inovacao-com-inauguracoes-do-polo-digital-e-ccc\/\" \/>\n<meta property=\"og:locale\" content=\"pt_BR\" \/>\n<meta property=\"og:type\" content=\"article\" \/>\n<meta property=\"og:title\" content=\"Manaus a caminho da lideran\u00e7a em tecnologia e inova\u00e7\u00e3o com inaugura\u00e7\u00f5es do Polo Digital e CCC - CCC\" \/>\n<meta property=\"og:url\" content=\"https:\/\/www.manaus.am.gov.br\/ccc\/manaus-a-caminho-da-lideranca-em-tecnologia-e-inovacao-com-inauguracoes-do-polo-digital-e-ccc\/\" \/>\n<meta property=\"og:site_name\" content=\"CCC\" \/>\n<meta property=\"article:published_time\" content=\"2020-10-08T20:50:34+00:00\" \/>\n<meta property=\"article:modified_time\" content=\"2022-12-21T14:01:12+00:00\" \/>\n<meta property=\"og:image\" content=\"https:\/\/www.manaus.am.gov.br\/ccc\/wp-content\/uploads\/sites\/4\/2022\/12\/Manaus-a-caminho-da-lideranca-em-tecnologia-e-inovacao-com-inauguracoes-do-Polo-Digital-e-CCC.jpg\" \/>\n\t<meta property=\"og:image:width\" content=\"640\" \/>\n\t<meta property=\"og:image:height\" content=\"427\" \/>\n\t<meta property=\"og:image:type\" content=\"image\/jpeg\" \/>\n<meta name=\"author\" content=\"Glauber Farias\" \/>\n<meta name=\"twitter:card\" content=\"summary_large_image\" \/>\n<meta name=\"twitter:label1\" content=\"Written by\" \/>\n\t<meta name=\"twitter:data1\" content=\"Glauber Farias\" \/>\n\t<meta name=\"twitter:label2\" content=\"Est. reading time\" \/>\n\t<meta name=\"twitter:data2\" content=\"5 minutos\" \/>\n<script type=\"application\/ld+json\" class=\"yoast-schema-graph\">{\"@context\":\"https:\/\/schema.org\",\"@graph\":[{\"@type\":\"WebPage\",\"@id\":\"https:\/\/www.manaus.am.gov.br\/ccc\/manaus-a-caminho-da-lideranca-em-tecnologia-e-inovacao-com-inauguracoes-do-polo-digital-e-ccc\/\",\"url\":\"https:\/\/www.manaus.am.gov.br\/ccc\/manaus-a-caminho-da-lideranca-em-tecnologia-e-inovacao-com-inauguracoes-do-polo-digital-e-ccc\/\",\"name\":\"Manaus a caminho da lideran\u00e7a em tecnologia e inova\u00e7\u00e3o com inaugura\u00e7\u00f5es do Polo Digital e CCC - CCC\",\"isPartOf\":{\"@id\":\"https:\/\/www.manaus.am.gov.br\/ccc\/#website\"},\"primaryImageOfPage\":{\"@id\":\"https:\/\/www.manaus.am.gov.br\/ccc\/manaus-a-caminho-da-lideranca-em-tecnologia-e-inovacao-com-inauguracoes-do-polo-digital-e-ccc\/#primaryimage\"},\"image\":{\"@id\":\"https:\/\/www.manaus.am.gov.br\/ccc\/manaus-a-caminho-da-lideranca-em-tecnologia-e-inovacao-com-inauguracoes-do-polo-digital-e-ccc\/#primaryimage\"},\"thumbnailUrl\":\"https:\/\/www.manaus.am.gov.br\/ccc\/wp-content\/uploads\/sites\/4\/2022\/12\/Manaus-a-caminho-da-lideranca-em-tecnologia-e-inovacao-com-inauguracoes-do-Polo-Digital-e-CCC.jpg\",\"datePublished\":\"2020-10-08T20:50:34+00:00\",\"dateModified\":\"2022-12-21T14:01:12+00:00\",\"author\":{\"@id\":\"https:\/\/www.manaus.am.gov.br\/ccc\/#\/schema\/person\/fe69d2249d78e7a3112d42bc34c44a58\"},\"inLanguage\":\"pt-BR\",\"potentialAction\":[{\"@type\":\"ReadAction\",\"target\":[\"https:\/\/www.manaus.am.gov.br\/ccc\/manaus-a-caminho-da-lideranca-em-tecnologia-e-inovacao-com-inauguracoes-do-polo-digital-e-ccc\/\"]}]},{\"@type\":\"ImageObject\",\"inLanguage\":\"pt-BR\",\"@id\":\"https:\/\/www.manaus.am.gov.br\/ccc\/manaus-a-caminho-da-lideranca-em-tecnologia-e-inovacao-com-inauguracoes-do-polo-digital-e-ccc\/#primaryimage\",\"url\":\"https:\/\/www.manaus.am.gov.br\/ccc\/wp-content\/uploads\/sites\/4\/2022\/12\/Manaus-a-caminho-da-lideranca-em-tecnologia-e-inovacao-com-inauguracoes-do-Polo-Digital-e-CCC.jpg\",\"contentUrl\":\"https:\/\/www.manaus.am.gov.br\/ccc\/wp-content\/uploads\/sites\/4\/2022\/12\/Manaus-a-caminho-da-lideranca-em-tecnologia-e-inovacao-com-inauguracoes-do-Polo-Digital-e-CCC.jpg\",\"width\":640,\"height\":427,\"caption\":\"Manaus a caminho da lideran\u00e7a em tecnologia e inova\u00e7\u00e3o com inaugura\u00e7\u00f5es do Polo Digital e CCC\"},{\"@type\":\"WebSite\",\"@id\":\"https:\/\/www.manaus.am.gov.br\/ccc\/#website\",\"url\":\"https:\/\/www.manaus.am.gov.br\/ccc\/\",\"name\":\"CCC\",\"description\":\"Centro de Coopera\u00e7\u00e3o da Cidade\",\"alternateName\":\"Centro de Coopera\u00e7\u00e3o da Cidade\",\"potentialAction\":[{\"@type\":\"SearchAction\",\"target\":{\"@type\":\"EntryPoint\",\"urlTemplate\":\"https:\/\/www.manaus.am.gov.br\/ccc\/?s={search_term_string}\"},\"query-input\":\"required name=search_term_string\"}],\"inLanguage\":\"pt-BR\"},{\"@type\":\"Person\",\"@id\":\"https:\/\/www.manaus.am.gov.br\/ccc\/#\/schema\/person\/fe69d2249d78e7a3112d42bc34c44a58\",\"name\":\"Glauber Farias\",\"image\":{\"@type\":\"ImageObject\",\"inLanguage\":\"pt-BR\",\"@id\":\"https:\/\/www.manaus.am.gov.br\/ccc\/#\/schema\/person\/image\/\",\"url\":\"https:\/\/secure.gravatar.com\/avatar\/eb33200ffd19538372f635b2165531c0?s=96&d=mm&r=g\",\"contentUrl\":\"https:\/\/secure.gravatar.com\/avatar\/eb33200ffd19538372f635b2165531c0?s=96&d=mm&r=g\",\"caption\":\"Glauber Farias\"}}]}<\/script>\n<!-- \/ Yoast SEO plugin. -->","yoast_head_json":{"title":"Manaus a caminho da lideran\u00e7a em tecnologia e inova\u00e7\u00e3o com inaugura\u00e7\u00f5es do Polo Digital e CCC - CCC","robots":{"index":"index","follow":"follow","max-snippet":"max-snippet:-1","max-image-preview":"max-image-preview:large","max-video-preview":"max-video-preview:-1"},"canonical":"https:\/\/www.manaus.am.gov.br\/ccc\/manaus-a-caminho-da-lideranca-em-tecnologia-e-inovacao-com-inauguracoes-do-polo-digital-e-ccc\/","og_locale":"pt_BR","og_type":"article","og_title":"Manaus a caminho da lideran\u00e7a em tecnologia e inova\u00e7\u00e3o com inaugura\u00e7\u00f5es do Polo Digital e CCC - CCC","og_url":"https:\/\/www.manaus.am.gov.br\/ccc\/manaus-a-caminho-da-lideranca-em-tecnologia-e-inovacao-com-inauguracoes-do-polo-digital-e-ccc\/","og_site_name":"CCC","article_published_time":"2020-10-08T20:50:34+00:00","article_modified_time":"2022-12-21T14:01:12+00:00","og_image":[{"width":640,"height":427,"url":"https:\/\/www.manaus.am.gov.br\/ccc\/wp-content\/uploads\/sites\/4\/2022\/12\/Manaus-a-caminho-da-lideranca-em-tecnologia-e-inovacao-com-inauguracoes-do-Polo-Digital-e-CCC.jpg","type":"image\/jpeg"}],"author":"Glauber Farias","twitter_card":"summary_large_image","twitter_misc":{"Written by":"Glauber Farias","Est. reading time":"5 minutos"},"schema":{"@context":"https:\/\/schema.org","@graph":[{"@type":"WebPage","@id":"https:\/\/www.manaus.am.gov.br\/ccc\/manaus-a-caminho-da-lideranca-em-tecnologia-e-inovacao-com-inauguracoes-do-polo-digital-e-ccc\/","url":"https:\/\/www.manaus.am.gov.br\/ccc\/manaus-a-caminho-da-lideranca-em-tecnologia-e-inovacao-com-inauguracoes-do-polo-digital-e-ccc\/","name":"Manaus a caminho da lideran\u00e7a em tecnologia e inova\u00e7\u00e3o com inaugura\u00e7\u00f5es do Polo Digital e CCC - CCC","isPartOf":{"@id":"https:\/\/www.manaus.am.gov.br\/ccc\/#website"},"primaryImageOfPage":{"@id":"https:\/\/www.manaus.am.gov.br\/ccc\/manaus-a-caminho-da-lideranca-em-tecnologia-e-inovacao-com-inauguracoes-do-polo-digital-e-ccc\/#primaryimage"},"image":{"@id":"https:\/\/www.manaus.am.gov.br\/ccc\/manaus-a-caminho-da-lideranca-em-tecnologia-e-inovacao-com-inauguracoes-do-polo-digital-e-ccc\/#primaryimage"},"thumbnailUrl":"https:\/\/www.manaus.am.gov.br\/ccc\/wp-content\/uploads\/sites\/4\/2022\/12\/Manaus-a-caminho-da-lideranca-em-tecnologia-e-inovacao-com-inauguracoes-do-Polo-Digital-e-CCC.jpg","datePublished":"2020-10-08T20:50:34+00:00","dateModified":"2022-12-21T14:01:12+00:00","author":{"@id":"https:\/\/www.manaus.am.gov.br\/ccc\/#\/schema\/person\/fe69d2249d78e7a3112d42bc34c44a58"},"inLanguage":"pt-BR","potentialAction":[{"@type":"ReadAction","target":["https:\/\/www.manaus.am.gov.br\/ccc\/manaus-a-caminho-da-lideranca-em-tecnologia-e-inovacao-com-inauguracoes-do-polo-digital-e-ccc\/"]}]},{"@type":"ImageObject","inLanguage":"pt-BR","@id":"https:\/\/www.manaus.am.gov.br\/ccc\/manaus-a-caminho-da-lideranca-em-tecnologia-e-inovacao-com-inauguracoes-do-polo-digital-e-ccc\/#primaryimage","url":"https:\/\/www.manaus.am.gov.br\/ccc\/wp-content\/uploads\/sites\/4\/2022\/12\/Manaus-a-caminho-da-lideranca-em-tecnologia-e-inovacao-com-inauguracoes-do-Polo-Digital-e-CCC.jpg","contentUrl":"https:\/\/www.manaus.am.gov.br\/ccc\/wp-content\/uploads\/sites\/4\/2022\/12\/Manaus-a-caminho-da-lideranca-em-tecnologia-e-inovacao-com-inauguracoes-do-Polo-Digital-e-CCC.jpg","width":640,"height":427,"caption":"Manaus a caminho da lideran\u00e7a em tecnologia e inova\u00e7\u00e3o com inaugura\u00e7\u00f5es do Polo Digital e CCC"},{"@type":"WebSite","@id":"https:\/\/www.manaus.am.gov.br\/ccc\/#website","url":"https:\/\/www.manaus.am.gov.br\/ccc\/","name":"CCC","description":"Centro de Coopera\u00e7\u00e3o da Cidade","alternateName":"Centro de Coopera\u00e7\u00e3o da Cidade","potentialAction":[{"@type":"SearchAction","target":{"@type":"EntryPoint","urlTemplate":"https:\/\/www.manaus.am.gov.br\/ccc\/?s={search_term_string}"},"query-input":"required name=search_term_string"}],"inLanguage":"pt-BR"},{"@type":"Person","@id":"https:\/\/www.manaus.am.gov.br\/ccc\/#\/schema\/person\/fe69d2249d78e7a3112d42bc34c44a58","name":"Glauber Farias","image":{"@type":"ImageObject","inLanguage":"pt-BR","@id":"https:\/\/www.manaus.am.gov.br\/ccc\/#\/schema\/person\/image\/","url":"https:\/\/secure.gravatar.com\/avatar\/eb33200ffd19538372f635b2165531c0?s=96&d=mm&r=g","contentUrl":"https:\/\/secure.gravatar.com\/avatar\/eb33200ffd19538372f635b2165531c0?s=96&d=mm&r=g","caption":"Glauber Farias"}}]}},"_links":{"self":[{"href":"https:\/\/www.manaus.am.gov.br\/ccc\/wp-json\/wp\/v2\/posts\/188"}],"collection":[{"href":"https:\/\/www.manaus.am.gov.br\/ccc\/wp-json\/wp\/v2\/posts"}],"about":[{"href":"https:\/\/www.manaus.am.gov.br\/ccc\/wp-json\/wp\/v2\/types\/post"}],"author":[{"embeddable":true,"href":"https:\/\/www.manaus.am.gov.br\/ccc\/wp-json\/wp\/v2\/users\/8"}],"replies":[{"embeddable":true,"href":"https:\/\/www.manaus.am.gov.br\/ccc\/wp-json\/wp\/v2\/comments?post=188"}],"version-history":[{"count":0,"href":"https:\/\/www.manaus.am.gov.br\/ccc\/wp-json\/wp\/v2\/posts\/188\/revisions"}],"wp:featuredmedia":[{"embeddable":true,"href":"https:\/\/www.manaus.am.gov.br\/ccc\/wp-json\/wp\/v2\/media\/189"}],"wp:attachment":[{"href":"https:\/\/www.manaus.am.gov.br\/ccc\/wp-json\/wp\/v2\/media?parent=188"}],"wp:term":[{"taxonomy":"category","embeddable":true,"href":"https:\/\/www.manaus.am.gov.br\/ccc\/wp-json\/wp\/v2\/categories?post=188"},{"taxonomy":"post_tag","embeddable":true,"href":"https:\/\/www.manaus.am.gov.br\/ccc\/wp-json\/wp\/v2\/tags?post=188"}],"curies":[{"name":"wp","href":"https:\/\/api.w.org\/{rel}","templated":true}]}}