{"id":177,"date":"2020-12-14T15:24:00","date_gmt":"2020-12-14T19:24:00","guid":{"rendered":"https:\/\/www.manaus.am.gov.br\/ccc\/prefeito-secretarios-ccc-homenageia-servidores\/"},"modified":"2022-12-21T09:53:09","modified_gmt":"2022-12-21T13:53:09","slug":"prefeito-secretarios-ccc-homenageia-servidores","status":"publish","type":"post","link":"https:\/\/www.manaus.am.gov.br\/ccc\/prefeito-secretarios-ccc-homenageia-servidores\/","title":{"rendered":"Prefeito re\u00fane secret\u00e1rios no CCC e homenageia servidores da Previd\u00eancia"},"content":{"rendered":"\n<p>O prefeito de <a href=\"https:\/\/www.manaus.am.gov.br\/\" target=\"_blank\" rel=\"noopener\">Manaus<\/a>, Arthur Virg\u00edlio Neto, acompanhado da primeira-dama e presidente do Fundo Manaus Solid\u00e1ria, Elisabeth Valeiko Ribeiro, realizou na manh\u00e3 desta segunda-feira, 14\/12, a primeira reuni\u00e3o de secret\u00e1rios no Centro de Coopera\u00e7\u00e3o da Cidade (CCC), que est\u00e1 totalmente mobiliado e em fase final de instala\u00e7\u00e3o dos recursos tecnol\u00f3gicos, j\u00e1 com 100% das opera\u00e7\u00f5es de tr\u00e2nsito em funcionamento. \u201c\u00c9 uma obra revolucion\u00e1ria e com ela estaremos, definitivamente, na condi\u00e7\u00e3o de cidade inteligente\u201d, afirmou Arthur, ao revelar que, at\u00e9 o fim do mandato, vai usar o local para trabalho.<\/p>\n\n\n\n<p>Na ocasi\u00e3o, o prefeito Arthur Neto recebeu a placa da Associa\u00e7\u00e3o Brasileira de Institui\u00e7\u00f5es de Previd\u00eancia Estaduais e Municipais (Abipem), referente \u00e0 premia\u00e7\u00e3o de 1\u00ba lugar no Pr\u00eamio Destaque Brasil de Investimentos, conquistado no in\u00edcio de dezembro, em Fortaleza (CE), assim como a Certifica\u00e7\u00e3o Institucional e Moderniza\u00e7\u00e3o da Gest\u00e3o dos Regimes Pr\u00f3prios de Previd\u00eancia Social da Uni\u00e3o, dos Estados, do Distrito Federal e dos Munic\u00edpios (Pr\u00f3-Gest\u00e3o RPPS), obtida em outubro deste ano e a confirma\u00e7\u00e3o da renova\u00e7\u00e3o da certifica\u00e7\u00e3o ISO 9000.<\/p>\n\n\n\n<p>\u201cN\u00f3s temos, sem d\u00favida, a melhor Previd\u00eancia do pa\u00eds e talvez a \u00fanica com autonomia de gest\u00e3o\u201d, disse o prefeito Arthur Neto. Ele usou como compara\u00e7\u00e3o a luta pela autonomia do Banco Central, que j\u00e1 vem desde a \u00e9poca do governo Fernando Henrique e cujo projeto de Lei Complementar j\u00e1 foi aprovado pelo Senado e est\u00e1 em tramita\u00e7\u00e3o na C\u00e2mara dos Deputados. \u201cH\u00e1 um apego ao poder que n\u00e3o consigo entender nem explicar e isso foi o que fez nosso pa\u00eds enfrentar crise atr\u00e1s de crise e uma recess\u00e3o sem tamanho, porque a autonomia do Banco Central ainda n\u00e3o foi transformada em lei. Eu quis fazer a Previd\u00eancia Municipal aut\u00f4noma, longe da influ\u00eancia de mandatos de prefeitos e outros pol\u00edticos\u201d, explicou.<\/p>\n\n\n\n<p>O prefeito tamb\u00e9m entregou diplomas de honra ao m\u00e9rito a servidores da Manaus Previd\u00eancia, \u00f3rg\u00e3o que administra a Previd\u00eancia municipal, pelo desempenho obtido durante seus oito anos de gest\u00e3o, que foram respons\u00e1veis pelas conquistas nacionais da Previd\u00eancia, entre elas o pr\u00eamio Abipem e a Certifica\u00e7\u00e3o Pr\u00f3-Gest\u00e3o RPPS, obtida em outubro deste ano, com nota m\u00e1xima, tornando-se a \u00fanica capital brasileira a alcan\u00e7ar o n\u00edvel 4, ap\u00f3s auditoria externa do governo federal. Para evitar aglomera\u00e7\u00e3o, o diploma de Honra ao M\u00e9rito foi entregue simbolicamente a representantes dos diversos setores da Previd\u00eancia.<\/p>\n\n\n\n<p>\u201cA Previd\u00eancia de Manaus \u00e9 respeitada no pa\u00eds inteiro, ganhou todos os pr\u00eamios que tinha que ganhar e acabou de trazer mais um. Fomos galgando esse respeito, acertamos todos os procedimentos e hoje est\u00e1 a\u00ed a Manaus Previd\u00eancia, capaz de garantir as aposentadorias e benef\u00edcios para todos os segurados\u201d, afirmou. \u201cManaus hoje tem crescimento e maturidade institucional, boa rela\u00e7\u00e3o com todos os poderes. Manaus hoje \u00e9 uma cidade que surpreende por isso, e esse avan\u00e7o n\u00e3o d\u00e1 para mensurar, mas propicia todas as obras para melhoria da cidade\u201d, disse.<\/p>\n\n\n\n<p>Os resultados alcan\u00e7ados com a Previd\u00eancia manauara nos \u00faltimos anos, recebedora de pr\u00eamios de excel\u00eancia em gest\u00e3o, \u00e9 a coroa\u00e7\u00e3o do objetivo estipulado no \u201cPlanejamento Estrat\u00e9gico Manaus 2030\u201d, de elevar o padr\u00e3o da efici\u00eancia da gest\u00e3o municipal e tornar sustent\u00e1vel a Previd\u00eancia municipal. A recupera\u00e7\u00e3o dos ativos, de reestrutura\u00e7\u00e3o de governan\u00e7a corporativa foi a principal respons\u00e1vel para que a Manaus Previd\u00eancia alcan\u00e7asse o n\u00edvel 4 do Pr\u00f3-Gest\u00e3o, a certifica\u00e7\u00e3o da ISO 9001\/2015 e fosse refer\u00eancia nacional para os outros regimes pr\u00f3prios.<\/p>\n\n\n\n<p>\u201cTodos os servidores e colaboradores da Previd\u00eancia, desde os servidores da portaria at\u00e9 o conselho municipal, todos nos engajamos a esse projeto. Nosso esfor\u00e7o foi imprescind\u00edvel, mas o apoio do prefeito foi fundamental para alcan\u00e7armos os objetivos. Agrade\u00e7o a ele por ter permitido que escrev\u00eassemos esse cap\u00edtulo na hist\u00f3ria, colocando nossos segurados acima de tudo\u201d, ressaltou a diretora\u2013presidente da Manaus Previd\u00eancia, Daniela Benayon.<\/p>\n\n\n\n<p><strong>Centro de Controle<\/strong><\/p>\n\n\n\n<p>As instala\u00e7\u00f5es f\u00edsicas do Centro de Coopera\u00e7\u00e3o da Cidade foram inauguradas em agosto deste ano, pelo prefeito Arthur Neto, e j\u00e1 recebeu todo o mobili\u00e1rio, faltando apenas alguns detalhes da instala\u00e7\u00e3o de equipamentos tecnol\u00f3gicos e sistemas. Localizado no cruzamento das avenidas Efig\u00eanio Salles e Umberto Calderaro Filho, no bairro Adrian\u00f3polis, zona Centro-Sul, o&nbsp;CCC&nbsp;ir\u00e1 integrar o trabalho de diversas secretarias, dando maior celeridade \u00e0s demandas da capital, ajudando no transporte, na sa\u00fade, seguran\u00e7a p\u00fablica, resili\u00eancia, entre outros. \u00c9 uma ampla sala para solu\u00e7\u00f5es de crises, planejamento de a\u00e7\u00f5es e respostas r\u00e1pidas \u00e0s situa\u00e7\u00f5es do cotidiano.<\/p>\n\n\n\n<p>\u201cJ\u00e1 estamos recebendo os \u00faltimos insumos para o v\u00eddeo on e isso aqui, junto com o Casar\u00e3o da Inova\u00e7\u00e3o Cassina, \u00e9 a cidade inteligente. Manaus entra em outro n\u00edvel de rela\u00e7\u00e3o administrativa e vou passar a despachar daqui como um ato simb\u00f3lico\u201d, disse o prefeito. O chefe do Executivo municipal explicou que a obra vai beneficiar, principalmente, o pr\u00f3ximo prefeito. \u201cFiz pensando na cidade, no interesse p\u00fablico, em metropolizar essa cidade. \u00c9 uma declara\u00e7\u00e3o de amor a Manaus\u201d, sustentou.<\/p>\n\n\n\n<p>O sistema, que integrar\u00e1 as informa\u00e7\u00f5es do poder p\u00fablico municipal, \u00e9 chamado de \u201c<em>software<\/em> de intelig\u00eancia\u201d e vai unir dados de secretarias, partindo do conceito de atendimento que, hoje, elas j\u00e1 fazem, por\u00e9m de forma separada. O monitoramento da cidade vai ser feito por meio de c\u00e2meras espalhadas em todas as zonas.<\/p>\n\n\n\n<p>Um dos servi\u00e7os que j\u00e1 est\u00e1 em opera\u00e7\u00e3o no CCC \u00e9 o Disk Tr\u00e2nsito \u2013 0800 092 1188 \u2013, que funciona em regime 24 horas, pelo qual o cidad\u00e3o pode pedir a presen\u00e7a de agentes de tr\u00e2nsito, informar ocorr\u00eancias de tr\u00e2nsito e solicitar informa\u00e7\u00f5es sobre servi\u00e7os oferecidos pela gest\u00e3o de tr\u00e2nsito da Prefeitura de Manaus. O setor de radioconfer\u00eancia e monitoramento via r\u00e1dio, tamb\u00e9m j\u00e1 est\u00e1 em opera\u00e7\u00e3o.<\/p>\n\n\n\n<p><strong>Texto<em> \u2013 <\/em><\/strong>Jacira Oliveira \/ Semcom<\/p>\n\n\n\n<p><strong>Fotos<em> \u2013<\/em><\/strong> M\u00e1rio Oliveira \/ Semcom<\/p>\n\n\n\n<p><strong>Dispon\u00edveis em (Homenagem)<\/strong> \u2013 <a href=\"https:\/\/flic.kr\/s\/aHsmSNJZqe\">https:\/\/flic.kr\/s\/aHsmSNJZqe<\/a><\/p>\n\n\n\n<p><strong>Dispon\u00edveis em (Reuni\u00e3o)<\/strong> \u2013 <a href=\"https:\/\/flic.kr\/s\/aHsmSNCg8D\">https:\/\/flic.kr\/s\/aHsmSNCg8D<\/a><\/p>\n","protected":false},"excerpt":{"rendered":"","protected":false},"author":8,"featured_media":178,"comment_status":"closed","ping_status":"closed","sticky":false,"template":"","format":"standard","meta":{"footnotes":""},"categories":[26],"tags":[],"acf":[],"yoast_head":"<!-- This site is optimized with the Yoast SEO plugin v23.0 - https:\/\/yoast.com\/wordpress\/plugins\/seo\/ -->\n<title>Prefeito re\u00fane secret\u00e1rios no CCC e homenageia servidores<\/title>\n<meta name=\"description\" content=\"O prefeito de Manaus, Arthur Virg\u00edlio Neto, acompanhado da primeira-dama e presidente do Fundo Manaus Solid\u00e1ria, Elisabeth Valeiko Ribeiro...\" \/>\n<meta name=\"robots\" content=\"index, follow, max-snippet:-1, max-image-preview:large, max-video-preview:-1\" \/>\n<link rel=\"canonical\" href=\"https:\/\/www.manaus.am.gov.br\/ccc\/prefeito-secretarios-ccc-homenageia-servidores\/\" \/>\n<meta property=\"og:locale\" content=\"pt_BR\" \/>\n<meta property=\"og:type\" content=\"article\" \/>\n<meta property=\"og:title\" content=\"Prefeito re\u00fane secret\u00e1rios no CCC e homenageia servidores\" \/>\n<meta property=\"og:description\" content=\"O prefeito de Manaus, Arthur Virg\u00edlio Neto, acompanhado da primeira-dama e presidente do Fundo Manaus Solid\u00e1ria, Elisabeth Valeiko Ribeiro...\" \/>\n<meta property=\"og:url\" content=\"https:\/\/www.manaus.am.gov.br\/ccc\/prefeito-secretarios-ccc-homenageia-servidores\/\" \/>\n<meta property=\"og:site_name\" content=\"CCC\" \/>\n<meta property=\"article:published_time\" content=\"2020-12-14T19:24:00+00:00\" \/>\n<meta property=\"article:modified_time\" content=\"2022-12-21T13:53:09+00:00\" \/>\n<meta property=\"og:image\" content=\"https:\/\/www.manaus.am.gov.br\/ccc\/wp-content\/uploads\/sites\/4\/2022\/12\/Prefeito-reune-secretarios-no-CCC-e-homenageia-servidores-da-Previdencia.jpg\" \/>\n\t<meta property=\"og:image:width\" content=\"640\" \/>\n\t<meta property=\"og:image:height\" content=\"427\" \/>\n\t<meta property=\"og:image:type\" content=\"image\/jpeg\" \/>\n<meta name=\"author\" content=\"Glauber Farias\" \/>\n<meta name=\"twitter:card\" content=\"summary_large_image\" \/>\n<meta name=\"twitter:label1\" content=\"Written by\" \/>\n\t<meta name=\"twitter:data1\" content=\"Glauber Farias\" \/>\n\t<meta name=\"twitter:label2\" content=\"Est. reading time\" \/>\n\t<meta name=\"twitter:data2\" content=\"6 minutos\" \/>\n<script type=\"application\/ld+json\" class=\"yoast-schema-graph\">{\"@context\":\"https:\/\/schema.org\",\"@graph\":[{\"@type\":\"WebPage\",\"@id\":\"https:\/\/www.manaus.am.gov.br\/ccc\/prefeito-secretarios-ccc-homenageia-servidores\/\",\"url\":\"https:\/\/www.manaus.am.gov.br\/ccc\/prefeito-secretarios-ccc-homenageia-servidores\/\",\"name\":\"Prefeito re\u00fane secret\u00e1rios no CCC e homenageia servidores\",\"isPartOf\":{\"@id\":\"https:\/\/www.manaus.am.gov.br\/ccc\/#website\"},\"primaryImageOfPage\":{\"@id\":\"https:\/\/www.manaus.am.gov.br\/ccc\/prefeito-secretarios-ccc-homenageia-servidores\/#primaryimage\"},\"image\":{\"@id\":\"https:\/\/www.manaus.am.gov.br\/ccc\/prefeito-secretarios-ccc-homenageia-servidores\/#primaryimage\"},\"thumbnailUrl\":\"https:\/\/www.manaus.am.gov.br\/ccc\/wp-content\/uploads\/sites\/4\/2022\/12\/Prefeito-reune-secretarios-no-CCC-e-homenageia-servidores-da-Previdencia.jpg\",\"datePublished\":\"2020-12-14T19:24:00+00:00\",\"dateModified\":\"2022-12-21T13:53:09+00:00\",\"author\":{\"@id\":\"https:\/\/www.manaus.am.gov.br\/ccc\/#\/schema\/person\/fe69d2249d78e7a3112d42bc34c44a58\"},\"description\":\"O prefeito de Manaus, Arthur Virg\u00edlio Neto, acompanhado da primeira-dama e presidente do Fundo Manaus Solid\u00e1ria, Elisabeth Valeiko Ribeiro...\",\"inLanguage\":\"pt-BR\",\"potentialAction\":[{\"@type\":\"ReadAction\",\"target\":[\"https:\/\/www.manaus.am.gov.br\/ccc\/prefeito-secretarios-ccc-homenageia-servidores\/\"]}]},{\"@type\":\"ImageObject\",\"inLanguage\":\"pt-BR\",\"@id\":\"https:\/\/www.manaus.am.gov.br\/ccc\/prefeito-secretarios-ccc-homenageia-servidores\/#primaryimage\",\"url\":\"https:\/\/www.manaus.am.gov.br\/ccc\/wp-content\/uploads\/sites\/4\/2022\/12\/Prefeito-reune-secretarios-no-CCC-e-homenageia-servidores-da-Previdencia.jpg\",\"contentUrl\":\"https:\/\/www.manaus.am.gov.br\/ccc\/wp-content\/uploads\/sites\/4\/2022\/12\/Prefeito-reune-secretarios-no-CCC-e-homenageia-servidores-da-Previdencia.jpg\",\"width\":640,\"height\":427,\"caption\":\"Prefeito re\u00fane secret\u00e1rios no CCC e homenageia servidores da Previd\u00eancia\"},{\"@type\":\"WebSite\",\"@id\":\"https:\/\/www.manaus.am.gov.br\/ccc\/#website\",\"url\":\"https:\/\/www.manaus.am.gov.br\/ccc\/\",\"name\":\"CCC\",\"description\":\"Centro de Coopera\u00e7\u00e3o da Cidade\",\"alternateName\":\"Centro de Coopera\u00e7\u00e3o da Cidade\",\"potentialAction\":[{\"@type\":\"SearchAction\",\"target\":{\"@type\":\"EntryPoint\",\"urlTemplate\":\"https:\/\/www.manaus.am.gov.br\/ccc\/?s={search_term_string}\"},\"query-input\":\"required name=search_term_string\"}],\"inLanguage\":\"pt-BR\"},{\"@type\":\"Person\",\"@id\":\"https:\/\/www.manaus.am.gov.br\/ccc\/#\/schema\/person\/fe69d2249d78e7a3112d42bc34c44a58\",\"name\":\"Glauber Farias\",\"image\":{\"@type\":\"ImageObject\",\"inLanguage\":\"pt-BR\",\"@id\":\"https:\/\/www.manaus.am.gov.br\/ccc\/#\/schema\/person\/image\/\",\"url\":\"https:\/\/secure.gravatar.com\/avatar\/eb33200ffd19538372f635b2165531c0?s=96&d=mm&r=g\",\"contentUrl\":\"https:\/\/secure.gravatar.com\/avatar\/eb33200ffd19538372f635b2165531c0?s=96&d=mm&r=g\",\"caption\":\"Glauber Farias\"}}]}<\/script>\n<!-- \/ Yoast SEO plugin. -->","yoast_head_json":{"title":"Prefeito re\u00fane secret\u00e1rios no CCC e homenageia servidores","description":"O prefeito de Manaus, Arthur Virg\u00edlio Neto, acompanhado da primeira-dama e presidente do Fundo Manaus Solid\u00e1ria, Elisabeth Valeiko Ribeiro...","robots":{"index":"index","follow":"follow","max-snippet":"max-snippet:-1","max-image-preview":"max-image-preview:large","max-video-preview":"max-video-preview:-1"},"canonical":"https:\/\/www.manaus.am.gov.br\/ccc\/prefeito-secretarios-ccc-homenageia-servidores\/","og_locale":"pt_BR","og_type":"article","og_title":"Prefeito re\u00fane secret\u00e1rios no CCC e homenageia servidores","og_description":"O prefeito de Manaus, Arthur Virg\u00edlio Neto, acompanhado da primeira-dama e presidente do Fundo Manaus Solid\u00e1ria, Elisabeth Valeiko Ribeiro...","og_url":"https:\/\/www.manaus.am.gov.br\/ccc\/prefeito-secretarios-ccc-homenageia-servidores\/","og_site_name":"CCC","article_published_time":"2020-12-14T19:24:00+00:00","article_modified_time":"2022-12-21T13:53:09+00:00","og_image":[{"width":640,"height":427,"url":"https:\/\/www.manaus.am.gov.br\/ccc\/wp-content\/uploads\/sites\/4\/2022\/12\/Prefeito-reune-secretarios-no-CCC-e-homenageia-servidores-da-Previdencia.jpg","type":"image\/jpeg"}],"author":"Glauber Farias","twitter_card":"summary_large_image","twitter_misc":{"Written by":"Glauber Farias","Est. reading time":"6 minutos"},"schema":{"@context":"https:\/\/schema.org","@graph":[{"@type":"WebPage","@id":"https:\/\/www.manaus.am.gov.br\/ccc\/prefeito-secretarios-ccc-homenageia-servidores\/","url":"https:\/\/www.manaus.am.gov.br\/ccc\/prefeito-secretarios-ccc-homenageia-servidores\/","name":"Prefeito re\u00fane secret\u00e1rios no CCC e homenageia servidores","isPartOf":{"@id":"https:\/\/www.manaus.am.gov.br\/ccc\/#website"},"primaryImageOfPage":{"@id":"https:\/\/www.manaus.am.gov.br\/ccc\/prefeito-secretarios-ccc-homenageia-servidores\/#primaryimage"},"image":{"@id":"https:\/\/www.manaus.am.gov.br\/ccc\/prefeito-secretarios-ccc-homenageia-servidores\/#primaryimage"},"thumbnailUrl":"https:\/\/www.manaus.am.gov.br\/ccc\/wp-content\/uploads\/sites\/4\/2022\/12\/Prefeito-reune-secretarios-no-CCC-e-homenageia-servidores-da-Previdencia.jpg","datePublished":"2020-12-14T19:24:00+00:00","dateModified":"2022-12-21T13:53:09+00:00","author":{"@id":"https:\/\/www.manaus.am.gov.br\/ccc\/#\/schema\/person\/fe69d2249d78e7a3112d42bc34c44a58"},"description":"O prefeito de Manaus, Arthur Virg\u00edlio Neto, acompanhado da primeira-dama e presidente do Fundo Manaus Solid\u00e1ria, Elisabeth Valeiko Ribeiro...","inLanguage":"pt-BR","potentialAction":[{"@type":"ReadAction","target":["https:\/\/www.manaus.am.gov.br\/ccc\/prefeito-secretarios-ccc-homenageia-servidores\/"]}]},{"@type":"ImageObject","inLanguage":"pt-BR","@id":"https:\/\/www.manaus.am.gov.br\/ccc\/prefeito-secretarios-ccc-homenageia-servidores\/#primaryimage","url":"https:\/\/www.manaus.am.gov.br\/ccc\/wp-content\/uploads\/sites\/4\/2022\/12\/Prefeito-reune-secretarios-no-CCC-e-homenageia-servidores-da-Previdencia.jpg","contentUrl":"https:\/\/www.manaus.am.gov.br\/ccc\/wp-content\/uploads\/sites\/4\/2022\/12\/Prefeito-reune-secretarios-no-CCC-e-homenageia-servidores-da-Previdencia.jpg","width":640,"height":427,"caption":"Prefeito re\u00fane secret\u00e1rios no CCC e homenageia servidores da Previd\u00eancia"},{"@type":"WebSite","@id":"https:\/\/www.manaus.am.gov.br\/ccc\/#website","url":"https:\/\/www.manaus.am.gov.br\/ccc\/","name":"CCC","description":"Centro de Coopera\u00e7\u00e3o da Cidade","alternateName":"Centro de Coopera\u00e7\u00e3o da Cidade","potentialAction":[{"@type":"SearchAction","target":{"@type":"EntryPoint","urlTemplate":"https:\/\/www.manaus.am.gov.br\/ccc\/?s={search_term_string}"},"query-input":"required name=search_term_string"}],"inLanguage":"pt-BR"},{"@type":"Person","@id":"https:\/\/www.manaus.am.gov.br\/ccc\/#\/schema\/person\/fe69d2249d78e7a3112d42bc34c44a58","name":"Glauber Farias","image":{"@type":"ImageObject","inLanguage":"pt-BR","@id":"https:\/\/www.manaus.am.gov.br\/ccc\/#\/schema\/person\/image\/","url":"https:\/\/secure.gravatar.com\/avatar\/eb33200ffd19538372f635b2165531c0?s=96&d=mm&r=g","contentUrl":"https:\/\/secure.gravatar.com\/avatar\/eb33200ffd19538372f635b2165531c0?s=96&d=mm&r=g","caption":"Glauber Farias"}}]}},"_links":{"self":[{"href":"https:\/\/www.manaus.am.gov.br\/ccc\/wp-json\/wp\/v2\/posts\/177"}],"collection":[{"href":"https:\/\/www.manaus.am.gov.br\/ccc\/wp-json\/wp\/v2\/posts"}],"about":[{"href":"https:\/\/www.manaus.am.gov.br\/ccc\/wp-json\/wp\/v2\/types\/post"}],"author":[{"embeddable":true,"href":"https:\/\/www.manaus.am.gov.br\/ccc\/wp-json\/wp\/v2\/users\/8"}],"replies":[{"embeddable":true,"href":"https:\/\/www.manaus.am.gov.br\/ccc\/wp-json\/wp\/v2\/comments?post=177"}],"version-history":[{"count":0,"href":"https:\/\/www.manaus.am.gov.br\/ccc\/wp-json\/wp\/v2\/posts\/177\/revisions"}],"wp:featuredmedia":[{"embeddable":true,"href":"https:\/\/www.manaus.am.gov.br\/ccc\/wp-json\/wp\/v2\/media\/178"}],"wp:attachment":[{"href":"https:\/\/www.manaus.am.gov.br\/ccc\/wp-json\/wp\/v2\/media?parent=177"}],"wp:term":[{"taxonomy":"category","embeddable":true,"href":"https:\/\/www.manaus.am.gov.br\/ccc\/wp-json\/wp\/v2\/categories?post=177"},{"taxonomy":"post_tag","embeddable":true,"href":"https:\/\/www.manaus.am.gov.br\/ccc\/wp-json\/wp\/v2\/tags?post=177"}],"curies":[{"name":"wp","href":"https:\/\/api.w.org\/{rel}","templated":true}]}}