{"id":1729,"date":"2025-04-11T16:56:57","date_gmt":"2025-04-11T20:56:57","guid":{"rendered":"https:\/\/www.manaus.am.gov.br\/ccc\/primeira-estacao-meteorologica\/"},"modified":"2025-04-11T16:57:00","modified_gmt":"2025-04-11T20:57:00","slug":"primeira-estacao-meteorologica","status":"publish","type":"post","link":"https:\/\/www.manaus.am.gov.br\/ccc\/primeira-estacao-meteorologica\/","title":{"rendered":"Prefeito David Almeida entrega primeira esta\u00e7\u00e3o meteorol\u00f3gica municipal e refor\u00e7a frota de limpeza com 10 novos caminh\u00f5es"},"content":{"rendered":"\n<p>A Prefeitura de Manaus deu mais um passo decisivo rumo \u00e0 moderniza\u00e7\u00e3o da gest\u00e3o p\u00fablica nesta sexta-feira, 11\/4, com a entrega da primeira esta\u00e7\u00e3o meteorol\u00f3gica municipal da hist\u00f3ria da capital amazonense e de 10 novos caminh\u00f5es coletores de lixo que refor\u00e7am a frota de limpeza urbana. As duas a\u00e7\u00f5es foram lideradas pelo prefeito David Almeida, na sede da Secretaria Municipal de Limpeza Urbana (Semulsp), no bairro Compensa, zona Oeste da cidade.<\/p>\n\n\n\n<p>Com tecnologia de ponta e alinhada \u00e0s diretrizes da Organiza\u00e7\u00e3o Meteorol\u00f3gica Mundial (OMM), a esta\u00e7\u00e3o instalada \u00e9 a primeira de uma rede in\u00e9dita planejada pela prefeitura, que contar\u00e1 com nove unidades espalhadas por pontos estrat\u00e9gicos da cidade. O objetivo \u00e9 construir um sistema pr\u00f3prio e eficiente de monitoramento clim\u00e1tico, como parte do enfrentamento t\u00e9cnico e planejado \u00e0s mudan\u00e7as clim\u00e1ticas.<\/p>\n\n\n\n<p>\u201cCom essas esta\u00e7\u00f5es, Manaus passar\u00e1 a ter autonomia e precis\u00e3o na coleta de dados clim\u00e1ticos. Isso representa uma virada de chave na forma como vamos lidar com o clima, proteger a popula\u00e7\u00e3o e planejar as a\u00e7\u00f5es da prefeitura em diversas \u00e1reas\u201d, afirmou o prefeito David Almeida.<\/p>\n\n\n\n<p>O equipamento instalado realiza a coleta de nove vari\u00e1veis meteorol\u00f3gicas essenciais a cada cinco minutos: temperatura, umidade do ar, press\u00e3o atmosf\u00e9rica, radia\u00e7\u00e3o solar, velocidade do vento, dire\u00e7\u00e3o do vento, temperatura, umidade do solo e a pluviometria. Todos os dados s\u00e3o transmitidos via sat\u00e9lite para o Centro de Coopera\u00e7\u00e3o da Cidade (CCC), onde s\u00e3o armazenados, analisados e utilizados para subsidiar decis\u00f5es estrat\u00e9gicas em tempo real.<\/p>\n\n\n\n<p>Esta primeira esta\u00e7\u00e3o cobre toda a zona Oeste da cidade, beneficiando diretamente os bairros Compensa, Gl\u00f3ria, Santo Ant\u00f4nio, S\u00e3o Jorge, Nova Esperan\u00e7a, os conjuntos Belvedere, Campos El\u00edseos, da Ilha, Flamanaus, Jardim Versalhes, entre outros.<\/p>\n\n\n\n<p>As informa\u00e7\u00f5es geradas v\u00e3o embasar o trabalho de pastas como a Defesa Civil e as secretarias municipais de Sa\u00fade (Semsa), Infraestrutura (Seminf), Limpeza Urbana (Semulsp), e demais \u00f3rg\u00e3os que atuam em \u00e1reas sens\u00edveis a mudan\u00e7as clim\u00e1ticas, como preven\u00e7\u00e3o de alagamentos, controle de vetores, manuten\u00e7\u00e3o vi\u00e1ria, coleta de res\u00edduos e servi\u00e7os ambientais.<\/p>\n\n\n\n<p>Segundo o prefeito, a implanta\u00e7\u00e3o das esta\u00e7\u00f5es representa um avan\u00e7o na governan\u00e7a da cidade. \u201cEstamos deixando o improviso para tr\u00e1s e entrando em uma nova fase, em que decis\u00f5es p\u00fablicas ser\u00e3o tomadas com base em ci\u00eancia, dados e planejamento\u201d, destacou David Almeida.<\/p>\n\n\n\n<p><strong>Tecnologia de alta precis\u00e3o e pronta resposta<\/strong><\/p>\n\n\n\n<p>O secret\u00e1rio-executivo de Prote\u00e7\u00e3o e Defesa Civil de Manaus, Cel. Lima J\u00fanior, ressaltou o papel fundamental das esta\u00e7\u00f5es para a atua\u00e7\u00e3o preventiva. \u201cN\u00f3s da Defesa Civil Municipal teremos acesso imediato \u00e0 quantidade de chuvas em tempo real, o que permitir\u00e1 respostas mais r\u00e1pidas e precisas. Esse monitoramento vai al\u00e9m da precipita\u00e7\u00e3o: inclui dados de temperatura, velocidade dos ventos e umidade, ampliando nossa capacidade de proteger a popula\u00e7\u00e3o\u201d, explicou.<\/p>\n\n\n\n<p>O meteorologista da Defesa Civil de Manaus, Guilherme Figliuolo, refor\u00e7ou que o monitoramento cont\u00ednuo das vari\u00e1veis clim\u00e1ticas trar\u00e1 ganhos diretos para a gest\u00e3o de riscos. \u201cAs esta\u00e7\u00f5es v\u00e3o transmitir em tempo real nove vari\u00e1veis meteorol\u00f3gicas. Isso nos permitir\u00e1 saber exatamente onde est\u00e1 chovendo forte, por exemplo, o que facilita o envio imediato de equipes da Defesa Civil para as \u00e1reas de risco. Em uma cidade como Manaus, onde o clima varia muito por regi\u00e3o, isso \u00e9 fundamental para prevenir trag\u00e9dias\u201d, afirmou.<\/p>\n\n\n\n<p><strong>Limpeza urbana mais \u00e1gil e eficiente<\/strong><\/p>\n\n\n\n<p>No mesmo evento, a Prefeitura de Manaus entregou 10 novos caminh\u00f5es coletores de lixo, que passam a refor\u00e7ar a frota da empresa Tumpex, uma das concession\u00e1rias respons\u00e1veis pela coleta domiciliar em Manaus. Com os novos ve\u00edculos, a Tumpex eleva sua frota para mais de 40 caminh\u00f5es, garantindo mais cobertura, agilidade e capacidade de resposta \u2014 especialmente no per\u00edodo chuvoso, quando o risco de ac\u00famulo de lixo aumenta.<\/p>\n\n\n\n<p>Cada uma das empresas que operam a coleta em Manaus \u2014 Tumpex e Marquise Ambiental \u2014 atua com cerca de 32 caminh\u00f5es por turno. A chegada de novas unidades permite uma redistribui\u00e7\u00e3o mais eficiente da frota, garantindo que \u00e1reas de alta demanda recebam atendimento adequado e cont\u00ednuo.<\/p>\n\n\n\n<p>\u201cEssas entregas fazem parte de um pacote maior de a\u00e7\u00f5es que t\u00eam um \u00fanico foco: cuidar de gente. Estamos investindo em tecnologia, estrutura e inova\u00e7\u00e3o para que Manaus seja uma cidade mais preparada, mais limpa, mais segura e mais inteligente\u201d, finalizou o prefeito.<\/p>\n\n\n\n<p>&#8212; &#8212; &#8212;<br><strong>Texto &#8211;<\/strong> Emanuelle Baires \/ Semcom<br><strong>Fotos &#8211;<\/strong> Dhyeizo Lemos e Jo\u00e3o Viana \/ Semcom<br><strong>Dispon\u00edveis em &#8211;<\/strong><a href=\"https:\/\/flic.kr\/s\/aHBqjC8Fe2\">https:\/\/flic.kr\/s\/aHBqjC8Fe2<\/a><\/p>\n","protected":false},"excerpt":{"rendered":"","protected":false},"author":68,"featured_media":1730,"comment_status":"closed","ping_status":"closed","sticky":false,"template":"","format":"standard","meta":{"footnotes":""},"categories":[26],"tags":[14,540,38],"acf":[],"yoast_head":"<!-- This site is optimized with the Yoast SEO plugin v23.0 - https:\/\/yoast.com\/wordpress\/plugins\/seo\/ -->\n<title>Prefeito David Almeida entrega primeira esta\u00e7\u00e3o meteorol\u00f3gica municipal e refor\u00e7a frota de limpeza com 10 novos caminh\u00f5es<\/title>\n<meta name=\"description\" content=\"A Prefeitura de Manaus deu mais um passo decisivo rumo \u00e0 moderniza\u00e7\u00e3o da gest\u00e3o p\u00fablica nesta sexta-feira, 11\/4, com a entrega da primeira esta\u00e7\u00e3o meteorol\u00f3gica municipal da hist\u00f3ria da capital amazonense e de 10 novos caminh\u00f5es coletores de lixo que refor\u00e7am a frota de limpeza urbana. As duas a\u00e7\u00f5es foram lideradas pelo prefeito David Almeida, na sede da Secretaria Municipal de Limpeza Urbana (Semulsp), no bairro Compensa, zona Oeste da cidade.\" \/>\n<meta name=\"robots\" content=\"index, follow, max-snippet:-1, max-image-preview:large, max-video-preview:-1\" \/>\n<link rel=\"canonical\" href=\"https:\/\/www.manaus.am.gov.br\/ccc\/primeira-estacao-meteorologica\/\" \/>\n<meta property=\"og:locale\" content=\"pt_BR\" \/>\n<meta property=\"og:type\" content=\"article\" \/>\n<meta property=\"og:title\" content=\"Prefeito David Almeida entrega primeira esta\u00e7\u00e3o meteorol\u00f3gica municipal e refor\u00e7a frota de limpeza com 10 novos caminh\u00f5es\" \/>\n<meta property=\"og:description\" content=\"A Prefeitura de Manaus deu mais um passo decisivo rumo \u00e0 moderniza\u00e7\u00e3o da gest\u00e3o p\u00fablica nesta sexta-feira, 11\/4, com a entrega da primeira esta\u00e7\u00e3o meteorol\u00f3gica municipal da hist\u00f3ria da capital amazonense e de 10 novos caminh\u00f5es coletores de lixo que refor\u00e7am a frota de limpeza urbana. As duas a\u00e7\u00f5es foram lideradas pelo prefeito David Almeida, na sede da Secretaria Municipal de Limpeza Urbana (Semulsp), no bairro Compensa, zona Oeste da cidade.\" \/>\n<meta property=\"og:url\" content=\"https:\/\/www.manaus.am.gov.br\/ccc\/primeira-estacao-meteorologica\/\" \/>\n<meta property=\"og:site_name\" content=\"CCC\" \/>\n<meta property=\"article:published_time\" content=\"2025-04-11T20:56:57+00:00\" \/>\n<meta property=\"article:modified_time\" content=\"2025-04-11T20:57:00+00:00\" \/>\n<meta property=\"og:image\" content=\"https:\/\/www.manaus.am.gov.br\/ccc\/wp-content\/uploads\/sites\/4\/2025\/04\/WhatsApp-Image-2025-04-11-at-16.48.14.jpeg\" \/>\n\t<meta property=\"og:image:width\" content=\"799\" \/>\n\t<meta property=\"og:image:height\" content=\"533\" \/>\n\t<meta property=\"og:image:type\" content=\"image\/jpeg\" \/>\n<meta name=\"author\" content=\"bvalente\" \/>\n<meta name=\"twitter:card\" content=\"summary_large_image\" \/>\n<meta name=\"twitter:label1\" content=\"Written by\" \/>\n\t<meta name=\"twitter:data1\" content=\"bvalente\" \/>\n\t<meta name=\"twitter:label2\" content=\"Est. reading time\" \/>\n\t<meta name=\"twitter:data2\" content=\"5 minutos\" \/>\n<script type=\"application\/ld+json\" class=\"yoast-schema-graph\">{\"@context\":\"https:\/\/schema.org\",\"@graph\":[{\"@type\":\"WebPage\",\"@id\":\"https:\/\/www.manaus.am.gov.br\/ccc\/primeira-estacao-meteorologica\/\",\"url\":\"https:\/\/www.manaus.am.gov.br\/ccc\/primeira-estacao-meteorologica\/\",\"name\":\"Prefeito David Almeida entrega primeira esta\u00e7\u00e3o meteorol\u00f3gica municipal e refor\u00e7a frota de limpeza com 10 novos caminh\u00f5es\",\"isPartOf\":{\"@id\":\"https:\/\/www.manaus.am.gov.br\/ccc\/#website\"},\"primaryImageOfPage\":{\"@id\":\"https:\/\/www.manaus.am.gov.br\/ccc\/primeira-estacao-meteorologica\/#primaryimage\"},\"image\":{\"@id\":\"https:\/\/www.manaus.am.gov.br\/ccc\/primeira-estacao-meteorologica\/#primaryimage\"},\"thumbnailUrl\":\"https:\/\/www.manaus.am.gov.br\/ccc\/wp-content\/uploads\/sites\/4\/2025\/04\/WhatsApp-Image-2025-04-11-at-16.48.14.jpeg\",\"datePublished\":\"2025-04-11T20:56:57+00:00\",\"dateModified\":\"2025-04-11T20:57:00+00:00\",\"author\":{\"@id\":\"https:\/\/www.manaus.am.gov.br\/ccc\/#\/schema\/person\/466a0e03ae4b6062809046bd560ac955\"},\"description\":\"A Prefeitura de Manaus deu mais um passo decisivo rumo \u00e0 moderniza\u00e7\u00e3o da gest\u00e3o p\u00fablica nesta sexta-feira, 11\/4, com a entrega da primeira esta\u00e7\u00e3o meteorol\u00f3gica municipal da hist\u00f3ria da capital amazonense e de 10 novos caminh\u00f5es coletores de lixo que refor\u00e7am a frota de limpeza urbana. As duas a\u00e7\u00f5es foram lideradas pelo prefeito David Almeida, na sede da Secretaria Municipal de Limpeza Urbana (Semulsp), no bairro Compensa, zona Oeste da cidade.\",\"inLanguage\":\"pt-BR\",\"potentialAction\":[{\"@type\":\"ReadAction\",\"target\":[\"https:\/\/www.manaus.am.gov.br\/ccc\/primeira-estacao-meteorologica\/\"]}]},{\"@type\":\"ImageObject\",\"inLanguage\":\"pt-BR\",\"@id\":\"https:\/\/www.manaus.am.gov.br\/ccc\/primeira-estacao-meteorologica\/#primaryimage\",\"url\":\"https:\/\/www.manaus.am.gov.br\/ccc\/wp-content\/uploads\/sites\/4\/2025\/04\/WhatsApp-Image-2025-04-11-at-16.48.14.jpeg\",\"contentUrl\":\"https:\/\/www.manaus.am.gov.br\/ccc\/wp-content\/uploads\/sites\/4\/2025\/04\/WhatsApp-Image-2025-04-11-at-16.48.14.jpeg\",\"width\":799,\"height\":533},{\"@type\":\"WebSite\",\"@id\":\"https:\/\/www.manaus.am.gov.br\/ccc\/#website\",\"url\":\"https:\/\/www.manaus.am.gov.br\/ccc\/\",\"name\":\"CCC\",\"description\":\"Centro de Coopera\u00e7\u00e3o da Cidade\",\"alternateName\":\"Centro de Coopera\u00e7\u00e3o da Cidade\",\"potentialAction\":[{\"@type\":\"SearchAction\",\"target\":{\"@type\":\"EntryPoint\",\"urlTemplate\":\"https:\/\/www.manaus.am.gov.br\/ccc\/?s={search_term_string}\"},\"query-input\":\"required name=search_term_string\"}],\"inLanguage\":\"pt-BR\"},{\"@type\":\"Person\",\"@id\":\"https:\/\/www.manaus.am.gov.br\/ccc\/#\/schema\/person\/466a0e03ae4b6062809046bd560ac955\",\"name\":\"bvalente\",\"image\":{\"@type\":\"ImageObject\",\"inLanguage\":\"pt-BR\",\"@id\":\"https:\/\/www.manaus.am.gov.br\/ccc\/#\/schema\/person\/image\/\",\"url\":\"https:\/\/secure.gravatar.com\/avatar\/3e69bc2b014bdad41adfec3a39de07d2?s=96&d=mm&r=g\",\"contentUrl\":\"https:\/\/secure.gravatar.com\/avatar\/3e69bc2b014bdad41adfec3a39de07d2?s=96&d=mm&r=g\",\"caption\":\"bvalente\"}}]}<\/script>\n<!-- \/ Yoast SEO plugin. -->","yoast_head_json":{"title":"Prefeito David Almeida entrega primeira esta\u00e7\u00e3o meteorol\u00f3gica municipal e refor\u00e7a frota de limpeza com 10 novos caminh\u00f5es","description":"A Prefeitura de Manaus deu mais um passo decisivo rumo \u00e0 moderniza\u00e7\u00e3o da gest\u00e3o p\u00fablica nesta sexta-feira, 11\/4, com a entrega da primeira esta\u00e7\u00e3o meteorol\u00f3gica municipal da hist\u00f3ria da capital amazonense e de 10 novos caminh\u00f5es coletores de lixo que refor\u00e7am a frota de limpeza urbana. As duas a\u00e7\u00f5es foram lideradas pelo prefeito David Almeida, na sede da Secretaria Municipal de Limpeza Urbana (Semulsp), no bairro Compensa, zona Oeste da cidade.","robots":{"index":"index","follow":"follow","max-snippet":"max-snippet:-1","max-image-preview":"max-image-preview:large","max-video-preview":"max-video-preview:-1"},"canonical":"https:\/\/www.manaus.am.gov.br\/ccc\/primeira-estacao-meteorologica\/","og_locale":"pt_BR","og_type":"article","og_title":"Prefeito David Almeida entrega primeira esta\u00e7\u00e3o meteorol\u00f3gica municipal e refor\u00e7a frota de limpeza com 10 novos caminh\u00f5es","og_description":"A Prefeitura de Manaus deu mais um passo decisivo rumo \u00e0 moderniza\u00e7\u00e3o da gest\u00e3o p\u00fablica nesta sexta-feira, 11\/4, com a entrega da primeira esta\u00e7\u00e3o meteorol\u00f3gica municipal da hist\u00f3ria da capital amazonense e de 10 novos caminh\u00f5es coletores de lixo que refor\u00e7am a frota de limpeza urbana. As duas a\u00e7\u00f5es foram lideradas pelo prefeito David Almeida, na sede da Secretaria Municipal de Limpeza Urbana (Semulsp), no bairro Compensa, zona Oeste da cidade.","og_url":"https:\/\/www.manaus.am.gov.br\/ccc\/primeira-estacao-meteorologica\/","og_site_name":"CCC","article_published_time":"2025-04-11T20:56:57+00:00","article_modified_time":"2025-04-11T20:57:00+00:00","og_image":[{"width":799,"height":533,"url":"https:\/\/www.manaus.am.gov.br\/ccc\/wp-content\/uploads\/sites\/4\/2025\/04\/WhatsApp-Image-2025-04-11-at-16.48.14.jpeg","type":"image\/jpeg"}],"author":"bvalente","twitter_card":"summary_large_image","twitter_misc":{"Written by":"bvalente","Est. reading time":"5 minutos"},"schema":{"@context":"https:\/\/schema.org","@graph":[{"@type":"WebPage","@id":"https:\/\/www.manaus.am.gov.br\/ccc\/primeira-estacao-meteorologica\/","url":"https:\/\/www.manaus.am.gov.br\/ccc\/primeira-estacao-meteorologica\/","name":"Prefeito David Almeida entrega primeira esta\u00e7\u00e3o meteorol\u00f3gica municipal e refor\u00e7a frota de limpeza com 10 novos caminh\u00f5es","isPartOf":{"@id":"https:\/\/www.manaus.am.gov.br\/ccc\/#website"},"primaryImageOfPage":{"@id":"https:\/\/www.manaus.am.gov.br\/ccc\/primeira-estacao-meteorologica\/#primaryimage"},"image":{"@id":"https:\/\/www.manaus.am.gov.br\/ccc\/primeira-estacao-meteorologica\/#primaryimage"},"thumbnailUrl":"https:\/\/www.manaus.am.gov.br\/ccc\/wp-content\/uploads\/sites\/4\/2025\/04\/WhatsApp-Image-2025-04-11-at-16.48.14.jpeg","datePublished":"2025-04-11T20:56:57+00:00","dateModified":"2025-04-11T20:57:00+00:00","author":{"@id":"https:\/\/www.manaus.am.gov.br\/ccc\/#\/schema\/person\/466a0e03ae4b6062809046bd560ac955"},"description":"A Prefeitura de Manaus deu mais um passo decisivo rumo \u00e0 moderniza\u00e7\u00e3o da gest\u00e3o p\u00fablica nesta sexta-feira, 11\/4, com a entrega da primeira esta\u00e7\u00e3o meteorol\u00f3gica municipal da hist\u00f3ria da capital amazonense e de 10 novos caminh\u00f5es coletores de lixo que refor\u00e7am a frota de limpeza urbana. As duas a\u00e7\u00f5es foram lideradas pelo prefeito David Almeida, na sede da Secretaria Municipal de Limpeza Urbana (Semulsp), no bairro Compensa, zona Oeste da cidade.","inLanguage":"pt-BR","potentialAction":[{"@type":"ReadAction","target":["https:\/\/www.manaus.am.gov.br\/ccc\/primeira-estacao-meteorologica\/"]}]},{"@type":"ImageObject","inLanguage":"pt-BR","@id":"https:\/\/www.manaus.am.gov.br\/ccc\/primeira-estacao-meteorologica\/#primaryimage","url":"https:\/\/www.manaus.am.gov.br\/ccc\/wp-content\/uploads\/sites\/4\/2025\/04\/WhatsApp-Image-2025-04-11-at-16.48.14.jpeg","contentUrl":"https:\/\/www.manaus.am.gov.br\/ccc\/wp-content\/uploads\/sites\/4\/2025\/04\/WhatsApp-Image-2025-04-11-at-16.48.14.jpeg","width":799,"height":533},{"@type":"WebSite","@id":"https:\/\/www.manaus.am.gov.br\/ccc\/#website","url":"https:\/\/www.manaus.am.gov.br\/ccc\/","name":"CCC","description":"Centro de Coopera\u00e7\u00e3o da Cidade","alternateName":"Centro de Coopera\u00e7\u00e3o da Cidade","potentialAction":[{"@type":"SearchAction","target":{"@type":"EntryPoint","urlTemplate":"https:\/\/www.manaus.am.gov.br\/ccc\/?s={search_term_string}"},"query-input":"required name=search_term_string"}],"inLanguage":"pt-BR"},{"@type":"Person","@id":"https:\/\/www.manaus.am.gov.br\/ccc\/#\/schema\/person\/466a0e03ae4b6062809046bd560ac955","name":"bvalente","image":{"@type":"ImageObject","inLanguage":"pt-BR","@id":"https:\/\/www.manaus.am.gov.br\/ccc\/#\/schema\/person\/image\/","url":"https:\/\/secure.gravatar.com\/avatar\/3e69bc2b014bdad41adfec3a39de07d2?s=96&d=mm&r=g","contentUrl":"https:\/\/secure.gravatar.com\/avatar\/3e69bc2b014bdad41adfec3a39de07d2?s=96&d=mm&r=g","caption":"bvalente"}}]}},"_links":{"self":[{"href":"https:\/\/www.manaus.am.gov.br\/ccc\/wp-json\/wp\/v2\/posts\/1729"}],"collection":[{"href":"https:\/\/www.manaus.am.gov.br\/ccc\/wp-json\/wp\/v2\/posts"}],"about":[{"href":"https:\/\/www.manaus.am.gov.br\/ccc\/wp-json\/wp\/v2\/types\/post"}],"author":[{"embeddable":true,"href":"https:\/\/www.manaus.am.gov.br\/ccc\/wp-json\/wp\/v2\/users\/68"}],"replies":[{"embeddable":true,"href":"https:\/\/www.manaus.am.gov.br\/ccc\/wp-json\/wp\/v2\/comments?post=1729"}],"version-history":[{"count":0,"href":"https:\/\/www.manaus.am.gov.br\/ccc\/wp-json\/wp\/v2\/posts\/1729\/revisions"}],"wp:featuredmedia":[{"embeddable":true,"href":"https:\/\/www.manaus.am.gov.br\/ccc\/wp-json\/wp\/v2\/media\/1730"}],"wp:attachment":[{"href":"https:\/\/www.manaus.am.gov.br\/ccc\/wp-json\/wp\/v2\/media?parent=1729"}],"wp:term":[{"taxonomy":"category","embeddable":true,"href":"https:\/\/www.manaus.am.gov.br\/ccc\/wp-json\/wp\/v2\/categories?post=1729"},{"taxonomy":"post_tag","embeddable":true,"href":"https:\/\/www.manaus.am.gov.br\/ccc\/wp-json\/wp\/v2\/tags?post=1729"}],"curies":[{"name":"wp","href":"https:\/\/api.w.org\/{rel}","templated":true}]}}