{"id":171,"date":"2021-10-25T17:38:31","date_gmt":"2021-10-25T21:38:31","guid":{"rendered":"https:\/\/www.manaus.am.gov.br\/ccc\/maratona-manaus-visao-hack-experience-contou-com-mentoria-do-ccc\/"},"modified":"2022-12-21T09:51:24","modified_gmt":"2022-12-21T13:51:24","slug":"maratona-manaus-visao-hack-experience-contou-com-mentoria-do-ccc","status":"publish","type":"post","link":"https:\/\/www.manaus.am.gov.br\/ccc\/maratona-manaus-visao-hack-experience-contou-com-mentoria-do-ccc\/","title":{"rendered":"Maratona Manaus Vis\u00e3o Hack Experience contou com mentoria do CCC"},"content":{"rendered":"\n<p>A maratona Manaus Vis\u00e3o Hack Experience, promovida pela <a href=\"https:\/\/www.manaus.am.gov.br\">Prefeitura de Manaus<\/a>, neste fim de semana, por meio da Secretaria Municipal de Empreendedorismo e Inova\u00e7\u00e3o (Semtepi), no Casar\u00e3o da Inova\u00e7\u00e3o Cassina, Centro, contou com a participa\u00e7\u00e3o de servidores do Instituto Municipal de Mobilidade Urbana (Immu) e Centro de Coopera\u00e7\u00e3o da Cidade (CCC), que prestaram mentoria \u00e0s equipes participantes. Com a tem\u00e1tica Mobilidade Urbana, o evento encerrou neste domingo, 24\/10, tendo como vencedor o time Aruan\u00e3.<\/p>\n\n\n\n<p>O evento reuniu programadores, desenvolvedores de softwares, designers, empreendedores e outros profissionais de tecnologia, com 48 horas de desafio, tudo isso em parceria com o Instituto Vis\u00e3o Amaz\u00f4nica. A mentoria proporcionada pelos colaboradores do CCC, mostrou aos competidores a import\u00e2ncia da integra\u00e7\u00e3o entre os servi\u00e7os e como a mobilidade pode ir al\u00e9m do tr\u00e2nsito.<\/p>\n\n\n\n<p>Para Sandro Diz, superintendente do Centro de Coopera\u00e7\u00e3o, o evento foi uma oportunidade de interc\u00e2mbio entre sociedade civil e o Executivo municipal.<\/p>\n\n\n\n<p>\u201cEsses eventos s\u00e3o fundamentais para gerar solu\u00e7\u00f5es que encurtem o relacionamento entre a Prefeitura de Manaus e a sociedade civil, incentivando novas lideran\u00e7as e o desenvolvimento do empreendedorismo na Ind\u00fastria 4.0. O Centro de Coopera\u00e7\u00e3o da Cidade est\u00e1, como o pr\u00f3prio nome diz, para cooperar com a gest\u00e3o utilizando ferramentas tecnol\u00f3gicas\u201d, pontuou Sandro.<\/p>\n\n\n\n<p>Para um dos mentores do evento, o engenheiro de automa\u00e7\u00e3o, Gabriel Barbosa, a maratona Manaus Vis\u00e3o Hack Experience, foi um passo importante para colocar Manaus como refer\u00eancia no Brasil<\/p>\n\n\n\n<p>\u201cN\u00e3o tem como pensar em um futuro sem inova\u00e7\u00e3o e a Ind\u00fastria 4.0 est\u00e1 a\u00ed para provar isso. Desafios como esse conseguem desenvolver tecnologias de baixo custo, que tocam diretamente no real problema da cidade\u201d, disse.<\/p>\n\n\n\n<p>Dos tr\u00eas desafios apresentados, duas das solu\u00e7\u00f5es envolveram as tecnologias do CCC por meio do monitoramento e&nbsp;<em>Contact Center<\/em>, melhorando o que j\u00e1 existe e ampliando a comunica\u00e7\u00e3o dos servi\u00e7os com os usu\u00e1rios.<\/p>\n\n\n\n<p>Cada equipe teve um&nbsp;<em>pitch<\/em>&nbsp;&#8211; apresenta\u00e7\u00e3o da ideia em um per\u00edodo de 3 a 5 minutos. Ap\u00f3s as apresenta\u00e7\u00f5es, a comiss\u00e3o julgadora avaliou o desempenho de cada equipe, escolhendo as tr\u00eas que mais se destacaram.<\/p>\n\n\n\n<p>&#8212; &#8212; &#8212;<\/p>\n\n\n\n<p><strong>Texto<\/strong> \u2013 Jamyly Macedo \/ CCC<\/p>\n\n\n\n<p><strong>Fotos<\/strong> \u2013 Divulga\u00e7\u00e3o \/ CCC e Divulga\u00e7\u00e3o \/ Semtepi<\/p>\n","protected":false},"excerpt":{"rendered":"","protected":false},"author":13,"featured_media":176,"comment_status":"closed","ping_status":"closed","sticky":false,"template":"","format":"standard","meta":{"footnotes":""},"categories":[22],"tags":[11,8,23,24,25],"acf":[],"yoast_head":"<!-- This site is optimized with the Yoast SEO plugin v23.0 - https:\/\/yoast.com\/wordpress\/plugins\/seo\/ -->\n<title>Maratona Manaus Vis\u00e3o Hack Experience contou com mentoria do CCC<\/title>\n<meta name=\"description\" content=\"Maratona Manaus Vis\u00e3o Hack Experience contou com mentoria do CCC, e tamb\u00e9m de servidores do IMMu que orientaram as equipes...\" \/>\n<meta name=\"robots\" content=\"index, follow, max-snippet:-1, max-image-preview:large, max-video-preview:-1\" \/>\n<link rel=\"canonical\" href=\"https:\/\/www.manaus.am.gov.br\/ccc\/maratona-manaus-visao-hack-experience-contou-com-mentoria-do-ccc\/\" \/>\n<meta property=\"og:locale\" content=\"pt_BR\" \/>\n<meta property=\"og:type\" content=\"article\" \/>\n<meta property=\"og:title\" content=\"Maratona Manaus Vis\u00e3o Hack Experience contou com mentoria do CCC\" \/>\n<meta property=\"og:description\" content=\"Maratona Manaus Vis\u00e3o Hack Experience contou com mentoria do CCC, e tamb\u00e9m de servidores do IMMu que orientaram as equipes...\" \/>\n<meta property=\"og:url\" content=\"https:\/\/www.manaus.am.gov.br\/ccc\/maratona-manaus-visao-hack-experience-contou-com-mentoria-do-ccc\/\" \/>\n<meta property=\"og:site_name\" content=\"CCC\" \/>\n<meta property=\"article:published_time\" content=\"2021-10-25T21:38:31+00:00\" \/>\n<meta property=\"article:modified_time\" content=\"2022-12-21T13:51:24+00:00\" \/>\n<meta property=\"og:image\" content=\"https:\/\/www.manaus.am.gov.br\/ccc\/wp-content\/uploads\/sites\/4\/2022\/12\/Maratona-Manaus-Visao-Hack-Experience-contou-com-mentoria-do-CCC.jpg\" \/>\n\t<meta property=\"og:image:width\" content=\"720\" \/>\n\t<meta property=\"og:image:height\" content=\"405\" \/>\n\t<meta property=\"og:image:type\" content=\"image\/jpeg\" \/>\n<meta name=\"twitter:card\" content=\"summary_large_image\" \/>\n<meta name=\"twitter:label1\" content=\"Written by\" \/>\n\t<meta name=\"twitter:data1\" content=\"\" \/>\n\t<meta name=\"twitter:label2\" content=\"Est. reading time\" \/>\n\t<meta name=\"twitter:data2\" content=\"2 minutos\" \/>\n<script type=\"application\/ld+json\" class=\"yoast-schema-graph\">{\"@context\":\"https:\/\/schema.org\",\"@graph\":[{\"@type\":\"WebPage\",\"@id\":\"https:\/\/www.manaus.am.gov.br\/ccc\/maratona-manaus-visao-hack-experience-contou-com-mentoria-do-ccc\/\",\"url\":\"https:\/\/www.manaus.am.gov.br\/ccc\/maratona-manaus-visao-hack-experience-contou-com-mentoria-do-ccc\/\",\"name\":\"Maratona Manaus Vis\u00e3o Hack Experience contou com mentoria do CCC\",\"isPartOf\":{\"@id\":\"https:\/\/www.manaus.am.gov.br\/ccc\/#website\"},\"primaryImageOfPage\":{\"@id\":\"https:\/\/www.manaus.am.gov.br\/ccc\/maratona-manaus-visao-hack-experience-contou-com-mentoria-do-ccc\/#primaryimage\"},\"image\":{\"@id\":\"https:\/\/www.manaus.am.gov.br\/ccc\/maratona-manaus-visao-hack-experience-contou-com-mentoria-do-ccc\/#primaryimage\"},\"thumbnailUrl\":\"https:\/\/www.manaus.am.gov.br\/ccc\/wp-content\/uploads\/sites\/4\/2022\/12\/Maratona-Manaus-Visao-Hack-Experience-contou-com-mentoria-do-CCC.jpg\",\"datePublished\":\"2021-10-25T21:38:31+00:00\",\"dateModified\":\"2022-12-21T13:51:24+00:00\",\"author\":{\"@id\":\"\"},\"description\":\"Maratona Manaus Vis\u00e3o Hack Experience contou com mentoria do CCC, e tamb\u00e9m de servidores do IMMu que orientaram as equipes...\",\"inLanguage\":\"pt-BR\",\"potentialAction\":[{\"@type\":\"ReadAction\",\"target\":[\"https:\/\/www.manaus.am.gov.br\/ccc\/maratona-manaus-visao-hack-experience-contou-com-mentoria-do-ccc\/\"]}]},{\"@type\":\"ImageObject\",\"inLanguage\":\"pt-BR\",\"@id\":\"https:\/\/www.manaus.am.gov.br\/ccc\/maratona-manaus-visao-hack-experience-contou-com-mentoria-do-ccc\/#primaryimage\",\"url\":\"https:\/\/www.manaus.am.gov.br\/ccc\/wp-content\/uploads\/sites\/4\/2022\/12\/Maratona-Manaus-Visao-Hack-Experience-contou-com-mentoria-do-CCC.jpg\",\"contentUrl\":\"https:\/\/www.manaus.am.gov.br\/ccc\/wp-content\/uploads\/sites\/4\/2022\/12\/Maratona-Manaus-Visao-Hack-Experience-contou-com-mentoria-do-CCC.jpg\",\"width\":720,\"height\":405,\"caption\":\"Maratona Manaus Vis\u00e3o Hack Experience contou com mentoria do CCC\"},{\"@type\":\"WebSite\",\"@id\":\"https:\/\/www.manaus.am.gov.br\/ccc\/#website\",\"url\":\"https:\/\/www.manaus.am.gov.br\/ccc\/\",\"name\":\"CCC\",\"description\":\"Centro de Coopera\u00e7\u00e3o da Cidade\",\"alternateName\":\"Centro de Coopera\u00e7\u00e3o da Cidade\",\"potentialAction\":[{\"@type\":\"SearchAction\",\"target\":{\"@type\":\"EntryPoint\",\"urlTemplate\":\"https:\/\/www.manaus.am.gov.br\/ccc\/?s={search_term_string}\"},\"query-input\":\"required name=search_term_string\"}],\"inLanguage\":\"pt-BR\"},{\"@type\":\"Person\",\"@id\":\"\"}]}<\/script>\n<!-- \/ Yoast SEO plugin. -->","yoast_head_json":{"title":"Maratona Manaus Vis\u00e3o Hack Experience contou com mentoria do CCC","description":"Maratona Manaus Vis\u00e3o Hack Experience contou com mentoria do CCC, e tamb\u00e9m de servidores do IMMu que orientaram as equipes...","robots":{"index":"index","follow":"follow","max-snippet":"max-snippet:-1","max-image-preview":"max-image-preview:large","max-video-preview":"max-video-preview:-1"},"canonical":"https:\/\/www.manaus.am.gov.br\/ccc\/maratona-manaus-visao-hack-experience-contou-com-mentoria-do-ccc\/","og_locale":"pt_BR","og_type":"article","og_title":"Maratona Manaus Vis\u00e3o Hack Experience contou com mentoria do CCC","og_description":"Maratona Manaus Vis\u00e3o Hack Experience contou com mentoria do CCC, e tamb\u00e9m de servidores do IMMu que orientaram as equipes...","og_url":"https:\/\/www.manaus.am.gov.br\/ccc\/maratona-manaus-visao-hack-experience-contou-com-mentoria-do-ccc\/","og_site_name":"CCC","article_published_time":"2021-10-25T21:38:31+00:00","article_modified_time":"2022-12-21T13:51:24+00:00","og_image":[{"width":720,"height":405,"url":"https:\/\/www.manaus.am.gov.br\/ccc\/wp-content\/uploads\/sites\/4\/2022\/12\/Maratona-Manaus-Visao-Hack-Experience-contou-com-mentoria-do-CCC.jpg","type":"image\/jpeg"}],"twitter_card":"summary_large_image","twitter_misc":{"Written by":"","Est. reading time":"2 minutos"},"schema":{"@context":"https:\/\/schema.org","@graph":[{"@type":"WebPage","@id":"https:\/\/www.manaus.am.gov.br\/ccc\/maratona-manaus-visao-hack-experience-contou-com-mentoria-do-ccc\/","url":"https:\/\/www.manaus.am.gov.br\/ccc\/maratona-manaus-visao-hack-experience-contou-com-mentoria-do-ccc\/","name":"Maratona Manaus Vis\u00e3o Hack Experience contou com mentoria do CCC","isPartOf":{"@id":"https:\/\/www.manaus.am.gov.br\/ccc\/#website"},"primaryImageOfPage":{"@id":"https:\/\/www.manaus.am.gov.br\/ccc\/maratona-manaus-visao-hack-experience-contou-com-mentoria-do-ccc\/#primaryimage"},"image":{"@id":"https:\/\/www.manaus.am.gov.br\/ccc\/maratona-manaus-visao-hack-experience-contou-com-mentoria-do-ccc\/#primaryimage"},"thumbnailUrl":"https:\/\/www.manaus.am.gov.br\/ccc\/wp-content\/uploads\/sites\/4\/2022\/12\/Maratona-Manaus-Visao-Hack-Experience-contou-com-mentoria-do-CCC.jpg","datePublished":"2021-10-25T21:38:31+00:00","dateModified":"2022-12-21T13:51:24+00:00","author":{"@id":""},"description":"Maratona Manaus Vis\u00e3o Hack Experience contou com mentoria do CCC, e tamb\u00e9m de servidores do IMMu que orientaram as equipes...","inLanguage":"pt-BR","potentialAction":[{"@type":"ReadAction","target":["https:\/\/www.manaus.am.gov.br\/ccc\/maratona-manaus-visao-hack-experience-contou-com-mentoria-do-ccc\/"]}]},{"@type":"ImageObject","inLanguage":"pt-BR","@id":"https:\/\/www.manaus.am.gov.br\/ccc\/maratona-manaus-visao-hack-experience-contou-com-mentoria-do-ccc\/#primaryimage","url":"https:\/\/www.manaus.am.gov.br\/ccc\/wp-content\/uploads\/sites\/4\/2022\/12\/Maratona-Manaus-Visao-Hack-Experience-contou-com-mentoria-do-CCC.jpg","contentUrl":"https:\/\/www.manaus.am.gov.br\/ccc\/wp-content\/uploads\/sites\/4\/2022\/12\/Maratona-Manaus-Visao-Hack-Experience-contou-com-mentoria-do-CCC.jpg","width":720,"height":405,"caption":"Maratona Manaus Vis\u00e3o Hack Experience contou com mentoria do CCC"},{"@type":"WebSite","@id":"https:\/\/www.manaus.am.gov.br\/ccc\/#website","url":"https:\/\/www.manaus.am.gov.br\/ccc\/","name":"CCC","description":"Centro de Coopera\u00e7\u00e3o da Cidade","alternateName":"Centro de Coopera\u00e7\u00e3o da Cidade","potentialAction":[{"@type":"SearchAction","target":{"@type":"EntryPoint","urlTemplate":"https:\/\/www.manaus.am.gov.br\/ccc\/?s={search_term_string}"},"query-input":"required name=search_term_string"}],"inLanguage":"pt-BR"},{"@type":"Person","@id":""}]}},"_links":{"self":[{"href":"https:\/\/www.manaus.am.gov.br\/ccc\/wp-json\/wp\/v2\/posts\/171"}],"collection":[{"href":"https:\/\/www.manaus.am.gov.br\/ccc\/wp-json\/wp\/v2\/posts"}],"about":[{"href":"https:\/\/www.manaus.am.gov.br\/ccc\/wp-json\/wp\/v2\/types\/post"}],"author":[{"embeddable":true,"href":"https:\/\/www.manaus.am.gov.br\/ccc\/wp-json\/wp\/v2\/users\/13"}],"replies":[{"embeddable":true,"href":"https:\/\/www.manaus.am.gov.br\/ccc\/wp-json\/wp\/v2\/comments?post=171"}],"version-history":[{"count":2,"href":"https:\/\/www.manaus.am.gov.br\/ccc\/wp-json\/wp\/v2\/posts\/171\/revisions"}],"predecessor-version":[{"id":175,"href":"https:\/\/www.manaus.am.gov.br\/ccc\/wp-json\/wp\/v2\/posts\/171\/revisions\/175"}],"wp:featuredmedia":[{"embeddable":true,"href":"https:\/\/www.manaus.am.gov.br\/ccc\/wp-json\/wp\/v2\/media\/176"}],"wp:attachment":[{"href":"https:\/\/www.manaus.am.gov.br\/ccc\/wp-json\/wp\/v2\/media?parent=171"}],"wp:term":[{"taxonomy":"category","embeddable":true,"href":"https:\/\/www.manaus.am.gov.br\/ccc\/wp-json\/wp\/v2\/categories?post=171"},{"taxonomy":"post_tag","embeddable":true,"href":"https:\/\/www.manaus.am.gov.br\/ccc\/wp-json\/wp\/v2\/tags?post=171"}],"curies":[{"name":"wp","href":"https:\/\/api.w.org\/{rel}","templated":true}]}}