{"id":1681,"date":"2025-03-14T14:24:23","date_gmt":"2025-03-14T18:24:23","guid":{"rendered":"https:\/\/www.manaus.am.gov.br\/ccc\/primeira-estacao-meteorologica-semulsp\/"},"modified":"2025-03-14T14:24:26","modified_gmt":"2025-03-14T18:24:26","slug":"primeira-estacao-meteorologica-semulsp","status":"publish","type":"post","link":"https:\/\/www.manaus.am.gov.br\/ccc\/primeira-estacao-meteorologica-semulsp\/","title":{"rendered":"Prefeitura de Manaus instalar\u00e1 primeira esta\u00e7\u00e3o meteorol\u00f3gica de superf\u00edcie na Semulsp"},"content":{"rendered":"\n<p> <p class=\"MsoNormal\" style=\"margin-bottom: 0.0001pt;text-align: justify;line-height: normal;background-image: initial;background-position: initial;background-size: initial;background-attachment: initial\"><span style=\"font-size:12.0pt;,sans-serif;color:#222222\">Como parte das a\u00e7\u00f5es para antecipar os impactos das chuvas e melhorar o planejamento urbano, a Secretaria Municipal de Limpeza Urbana (Semulsp) ser\u00e1 a primeira unidade, da Prefeitura de Manaus, a receber uma das nove esta\u00e7\u00f5es meteorol\u00f3gicas que ser\u00e3o instaladas na cidade. A decis\u00e3o foi definida em reuni\u00e3o nesta sexta-feira, 14\/3, entre o superintendente do Centro de Coopera\u00e7\u00e3o da Cidade (CCC), Sandro Diz, e o secret\u00e1rio da Semulsp, Sab\u00e1 Reis.<\/span><\/p><\/p>\n\n\n\n<p><p class=\"MsoNormal\" style=\"margin-bottom: 0.0001pt;text-align: justify;line-height: normal;background-image: initial;background-position: initial;background-size: initial;background-attachment: initial\"><span style=\"font-size:12.0pt;,sans-serif;color:#222222\">O encontro aconteceu na sede da Semulsp, localizada na avenida Compensa, bairro Compensa, zona Oeste, onde foram discutidos os detalhes da instala\u00e7\u00e3o e os benef\u00edcios do monitoramento clim\u00e1tico para as a\u00e7\u00f5es de limpeza urbana.<\/span><span style=\"color:#222222\"><\/span><\/p>  <p class=\"MsoNormal\" style=\"margin-bottom: 0.0001pt;text-align: justify;line-height: normal;background-image: initial;background-position: initial;background-size: initial;background-attachment: initial\"><span style=\"font-size:12.0pt;,sans-serif;color:#222222\">A escolha da sede da Semulsp para receber a primeira esta\u00e7\u00e3o meteorol\u00f3gica foi estrat\u00e9gica, j\u00e1 que a secretaria ser\u00e1 uma das principais beneficiadas com os dados gerados pelo equipamento. A nova tecnologia permitir\u00e1 um planejamento mais eficiente das a\u00e7\u00f5es de limpeza, evitando que equipes sejam surpreendidas por chuvas e garantindo respostas mais \u00e1geis a situa\u00e7\u00f5es de emerg\u00eancia.<\/span><span style=\"color:#222222\"><\/span><\/p> <p class=\"MsoNormal\" style=\"margin-bottom: 0.0001pt;text-align: justify;line-height: normal;background-image: initial;background-position: initial;background-size: initial;background-attachment: initial\"><b style=\"font-size: revert;color: initial\"><span style=\"font-size:12.0pt;,sans-serif;color:#222222\">Otimiza\u00e7\u00e3o das a\u00e7\u00f5es de limpeza<\/span><\/b><\/p> <p class=\"MsoNormal\" style=\"margin-bottom: 0.0001pt;text-align: justify;line-height: normal;background-image: initial;background-position: initial;background-size: initial;background-attachment: initial\"><\/p><p class=\"MsoNormal\" style=\"margin-bottom: 0.0001pt;text-align: justify;line-height: normal;background-image: initial;background-position: initial;background-size: initial;background-attachment: initial\"><span style=\"font-size:12.0pt;,sans-serif;color:#222222\">A esta\u00e7\u00e3o meteorol\u00f3gica fornecer\u00e1 dados em tempo real sobre temperatura, umidade do ar, velocidade e dire\u00e7\u00e3o do vento, al\u00e9m da precipita\u00e7\u00e3o acumulada. Essas informa\u00e7\u00f5es ser\u00e3o analisadas pela Defesa Civil e outras secretarias municipais, permitindo que a prefeitura tome decis\u00f5es antecipadas para minimizar impactos das chuvas.<\/span><span style=\"color:#222222\"><\/span><\/p> <span style=\"font-family: Verdana, sans-serif;font-size: 12pt;text-align: justify\">\u00a0<\/span> <p class=\"MsoNormal\" style=\"margin-bottom: 0.0001pt;text-align: justify;line-height: normal;background-image: initial;background-position: initial;background-size: initial;background-attachment: initial\"><span style=\"font-size:12.0pt;,sans-serif;color:#222222\">Para a Semulsp, os dados ser\u00e3o fundamentais para a organiza\u00e7\u00e3o do cronograma de limpeza p\u00fablica, assegurando que a\u00e7\u00f5es como capina\u00e7\u00e3o, varri\u00e7\u00e3o e desobstru\u00e7\u00e3o de igarap\u00e9s e bueiros ocorram nos momentos mais adequados, reduzindo riscos de alagamentos.\u00a0<\/span><span style=\"font-size: revert;color: initial\"> <\/span><span style=\"font-size:12.0pt;,sans-serif;color:#222222\">\u201cEsse equipamento ser\u00e1 um grande aliado na nossa rotina. Com informa\u00e7\u00f5es meteorol\u00f3gicas precisas, podemos organizar melhor nossas a\u00e7\u00f5es de limpeza, evitando desperd\u00edcio de tempo e recursos. Isso significa mais efici\u00eancia e menos transtornos para a popula\u00e7\u00e3o\u201d, destacou Sab\u00e1 Reis.<\/span><span style=\"color:#222222\"><\/span><\/p> <p class=\"MsoNormal\" style=\"margin-bottom: 0.0001pt;text-align: justify;line-height: normal;background-image: initial;background-position: initial;background-size: initial;background-attachment: initial\"><span style=\"font-size:12.0pt;,sans-serif;color:#222222\">O superintendente do CCC, Sandro Diz, ressaltou que o monitoramento clim\u00e1tico trar\u00e1 mais seguran\u00e7a e efici\u00eancia para a cidade. \u201cCom essa tecnologia, conseguiremos agir de forma antecipada, evitando transtornos e garantindo que as equipes da prefeitura trabalhem no momento certo e no local certo. A instala\u00e7\u00e3o da primeira esta\u00e7\u00e3o na Semulsp ser\u00e1 essencial para otimizar os servi\u00e7os urbanos\u201d, afirmou.<\/span><span style=\"color:#222222\"><\/span><\/p> <p class=\"MsoNormal\" style=\"margin-bottom: 0.0001pt;text-align: justify;line-height: normal;background-image: initial;background-position: initial;background-size: initial;background-attachment: initial\"><span style=\"font-size:12.0pt;,sans-serif;color:#222222\">\u00a0<\/span><span style=\"color:#222222\"><\/span><\/p> <p class=\"MsoNormal\" style=\"margin-bottom: 0.0001pt;text-align: justify;line-height: normal;background-image: initial;background-position: initial;background-size: initial;background-attachment: initial\"><b><span style=\"font-size:12.0pt;,sans-serif;color:#222222\">Preven\u00e7\u00e3o contra alagamentos<\/span><\/b><span style=\"color:#222222\"><\/span><\/p> <p class=\"MsoNormal\" style=\"margin-bottom: 0.0001pt;text-align: justify;line-height: normal;background-image: initial;background-position: initial;background-size: initial;background-attachment: initial\"><b><span style=\"font-size:12.0pt;,sans-serif;color:#222222\">\u00a0<\/span><\/b><span style=\"color:#222222\"><\/span><\/p> <p class=\"MsoNormal\" style=\"margin-bottom: 0.0001pt;text-align: justify;line-height: normal;background-image: initial;background-position: initial;background-size: initial;background-attachment: initial\"><span style=\"font-size:12.0pt;,sans-serif;color:#222222\">A instala\u00e7\u00e3o da esta\u00e7\u00e3o meteorol\u00f3gica ajudar\u00e1 a prefeitura a atuar preventivamente em \u00e1reas de risco de alagamento, como os igarap\u00e9s do Mindu e do S\u00e3o Raimundo, al\u00e9m de vias como a avenida Torquato Tapaj\u00f3s, alameda Cosme Ferreira e avenida Djalma Batista, que frequentemente sofrem com enchentes.<\/span><span style=\"color:#222222\"><\/span><\/p>  <p class=\"MsoNormal\" style=\"margin-bottom: 0.0001pt;text-align: justify;line-height: normal;background-image: initial;background-position: initial;background-size: initial;background-attachment: initial\"><span style=\"font-size:12.0pt;,sans-serif;color:#222222\">Al\u00e9m disso, a Prefeitura de Manaus j\u00e1 vem adotando outras medidas preventivas contra os impactos das chuvas. Entre 2021 e 2024, foram realizadas mais de 38 mil desobstru\u00e7\u00f5es de bueiros e recuperadas mais de sete mil tampas, atendendo a 5.580 ruas. A gest\u00e3o municipal tamb\u00e9m tem intensificado a limpeza de redes de drenagem, constru\u00e7\u00e3o de sistemas de drenagem profunda e medidas emergenciais em pontos cr\u00edticos da cidade.<\/span><span style=\"color:#222222\"><\/span><\/p> <span style=\"text-align: justify;font-size: 12pt;font-family: Verdana, sans-serif\">\u00a0<\/span><span style=\"font-size: revert;text-align: justify;color: initial\"> <\/span><p class=\"MsoNormal\" style=\"margin-bottom: 0.0001pt;text-align: justify;line-height: normal;background-image: initial;background-position: initial;background-size: initial;background-attachment: initial\"><b><span style=\"font-size:12.0pt;,sans-serif;color:#222222\">Pr\u00f3ximas instala\u00e7\u00f5es<\/span><\/b><span style=\"color:#222222\"><\/span><\/p>  <p class=\"MsoNormal\" style=\"margin-bottom: 0.0001pt;text-align: justify;line-height: normal;background-image: initial;background-position: initial;background-size: initial;background-attachment: initial\"><span style=\"font-size:12.0pt;,sans-serif;color:#222222\">A esta\u00e7\u00e3o meteorol\u00f3gica da Semulsp ser\u00e1 a primeira de um total de nove unidades que a Prefeitura de Manaus instalar\u00e1 em pontos estrat\u00e9gicos da cidade. Com essa tecnologia, Manaus estar\u00e1 mais preparada para enfrentar os desafios clim\u00e1ticos, garantindo mais efici\u00eancia na presta\u00e7\u00e3o de servi\u00e7os p\u00fablicos e mais seguran\u00e7a para a popula\u00e7\u00e3o.<\/span><span style=\"color:#222222\"><\/span><\/p> <p class=\"MsoNormal\" style=\"margin-bottom: 0.0001pt;text-align: justify;line-height: normal;background-image: initial;background-position: initial;background-size: initial;background-attachment: initial\"><span style=\"font-size:12.0pt;,sans-serif;color:#222222\">\u00a0<\/span><span style=\"color:#222222\"><\/span><\/p> <span style=\"font-family: Verdana, sans-serif;font-size: 12pt;text-align: justify\">&#8212; &#8212; &#8212;<\/span> <p class=\"MsoNormal\" style=\"margin-bottom: 0.0001pt;text-align: justify;line-height: normal;background-image: initial;background-position: initial;background-size: initial;background-attachment: initial\"><b><span style=\"font-size:12.0pt;,sans-serif;color:#222222\">Texto\u00a0<\/span><\/b><span style=\"font-size:12.0pt;,sans-serif;color:#222222\">&#8211; Dora Tupinamb\u00e1\/Semulsp<\/span><span style=\"color:#222222\"><\/span><\/p><b><span style=\"font-size:12.0pt;line-height:107%;,sans-serif\">Foto<\/span><\/b><span style=\"font-size:12.0pt;line-height:107%;,sans-serif\"> &#8211; Divulga\u00e7\u00e3o\/Semulsp <\/span><\/p>\n","protected":false},"excerpt":{"rendered":"","protected":false},"author":39,"featured_media":1682,"comment_status":"closed","ping_status":"closed","sticky":false,"template":"","format":"standard","meta":{"footnotes":""},"categories":[10],"tags":[11,532,38,533,194,534],"acf":[],"yoast_head":"<!-- This site is optimized with the Yoast SEO plugin v23.0 - https:\/\/yoast.com\/wordpress\/plugins\/seo\/ -->\n<title>Primeira esta\u00e7\u00e3o meteorol\u00f3gica de superf\u00edcie na Semulsp<\/title>\n<meta name=\"description\" content=\"Prefeitura de Manaus, por meio da Semulsp e CCC, instalar\u00e1 primeira esta\u00e7\u00e3o meteorol\u00f3gica de superf\u00edcie na secretaria de limpeza.\" \/>\n<meta name=\"robots\" content=\"index, follow, max-snippet:-1, max-image-preview:large, max-video-preview:-1\" \/>\n<link rel=\"canonical\" href=\"https:\/\/www.manaus.am.gov.br\/ccc\/primeira-estacao-meteorologica-semulsp\/\" \/>\n<meta property=\"og:locale\" content=\"pt_BR\" \/>\n<meta property=\"og:type\" content=\"article\" \/>\n<meta property=\"og:title\" content=\"Primeira esta\u00e7\u00e3o meteorol\u00f3gica de superf\u00edcie na Semulsp\" \/>\n<meta property=\"og:description\" content=\"Prefeitura de Manaus, por meio da Semulsp e CCC, instalar\u00e1 primeira esta\u00e7\u00e3o meteorol\u00f3gica de superf\u00edcie na secretaria de limpeza.\" \/>\n<meta property=\"og:url\" content=\"https:\/\/www.manaus.am.gov.br\/ccc\/primeira-estacao-meteorologica-semulsp\/\" \/>\n<meta property=\"og:site_name\" content=\"CCC\" \/>\n<meta property=\"article:published_time\" content=\"2025-03-14T18:24:23+00:00\" \/>\n<meta property=\"article:modified_time\" content=\"2025-03-14T18:24:26+00:00\" \/>\n<meta property=\"og:image\" content=\"https:\/\/www.manaus.am.gov.br\/ccc\/wp-content\/uploads\/sites\/4\/2025\/03\/WhatsApp-Image-2025-03-14-at-08.56.39-2.jpeg\" \/>\n\t<meta property=\"og:image:width\" content=\"1600\" \/>\n\t<meta property=\"og:image:height\" content=\"1200\" \/>\n\t<meta property=\"og:image:type\" content=\"image\/jpeg\" \/>\n<meta name=\"author\" content=\"Bruna Greco\" \/>\n<meta name=\"twitter:card\" content=\"summary_large_image\" \/>\n<meta name=\"twitter:label1\" content=\"Written by\" \/>\n\t<meta name=\"twitter:data1\" content=\"Bruna Greco\" \/>\n\t<meta name=\"twitter:label2\" content=\"Est. reading time\" \/>\n\t<meta name=\"twitter:data2\" content=\"4 minutos\" \/>\n<script type=\"application\/ld+json\" class=\"yoast-schema-graph\">{\"@context\":\"https:\/\/schema.org\",\"@graph\":[{\"@type\":\"WebPage\",\"@id\":\"https:\/\/www.manaus.am.gov.br\/ccc\/primeira-estacao-meteorologica-semulsp\/\",\"url\":\"https:\/\/www.manaus.am.gov.br\/ccc\/primeira-estacao-meteorologica-semulsp\/\",\"name\":\"Primeira esta\u00e7\u00e3o meteorol\u00f3gica de superf\u00edcie na Semulsp\",\"isPartOf\":{\"@id\":\"https:\/\/www.manaus.am.gov.br\/ccc\/#website\"},\"primaryImageOfPage\":{\"@id\":\"https:\/\/www.manaus.am.gov.br\/ccc\/primeira-estacao-meteorologica-semulsp\/#primaryimage\"},\"image\":{\"@id\":\"https:\/\/www.manaus.am.gov.br\/ccc\/primeira-estacao-meteorologica-semulsp\/#primaryimage\"},\"thumbnailUrl\":\"https:\/\/www.manaus.am.gov.br\/ccc\/wp-content\/uploads\/sites\/4\/2025\/03\/WhatsApp-Image-2025-03-14-at-08.56.39-2.jpeg\",\"datePublished\":\"2025-03-14T18:24:23+00:00\",\"dateModified\":\"2025-03-14T18:24:26+00:00\",\"author\":{\"@id\":\"https:\/\/www.manaus.am.gov.br\/ccc\/#\/schema\/person\/05d223aea2bf115f9883a6ff3683d81b\"},\"description\":\"Prefeitura de Manaus, por meio da Semulsp e CCC, instalar\u00e1 primeira esta\u00e7\u00e3o meteorol\u00f3gica de superf\u00edcie na secretaria de limpeza.\",\"inLanguage\":\"pt-BR\",\"potentialAction\":[{\"@type\":\"ReadAction\",\"target\":[\"https:\/\/www.manaus.am.gov.br\/ccc\/primeira-estacao-meteorologica-semulsp\/\"]}]},{\"@type\":\"ImageObject\",\"inLanguage\":\"pt-BR\",\"@id\":\"https:\/\/www.manaus.am.gov.br\/ccc\/primeira-estacao-meteorologica-semulsp\/#primaryimage\",\"url\":\"https:\/\/www.manaus.am.gov.br\/ccc\/wp-content\/uploads\/sites\/4\/2025\/03\/WhatsApp-Image-2025-03-14-at-08.56.39-2.jpeg\",\"contentUrl\":\"https:\/\/www.manaus.am.gov.br\/ccc\/wp-content\/uploads\/sites\/4\/2025\/03\/WhatsApp-Image-2025-03-14-at-08.56.39-2.jpeg\",\"width\":1600,\"height\":1200,\"caption\":\"#paratodosverem - Secret\u00e1rio da Semulsp, Sab\u00e1 Reis, e superintendente do CCC, Sandro Diz, reunidos com secretariado para alinhamento da instala\u00e7\u00e3o da primeira esta\u00e7\u00e3o meteorol\u00f3gica de superf\u00edcie na Semulsp\"},{\"@type\":\"WebSite\",\"@id\":\"https:\/\/www.manaus.am.gov.br\/ccc\/#website\",\"url\":\"https:\/\/www.manaus.am.gov.br\/ccc\/\",\"name\":\"CCC\",\"description\":\"Centro de Coopera\u00e7\u00e3o da Cidade\",\"alternateName\":\"Centro de Coopera\u00e7\u00e3o da Cidade\",\"potentialAction\":[{\"@type\":\"SearchAction\",\"target\":{\"@type\":\"EntryPoint\",\"urlTemplate\":\"https:\/\/www.manaus.am.gov.br\/ccc\/?s={search_term_string}\"},\"query-input\":\"required name=search_term_string\"}],\"inLanguage\":\"pt-BR\"},{\"@type\":\"Person\",\"@id\":\"https:\/\/www.manaus.am.gov.br\/ccc\/#\/schema\/person\/05d223aea2bf115f9883a6ff3683d81b\",\"name\":\"Bruna Greco\",\"image\":{\"@type\":\"ImageObject\",\"inLanguage\":\"pt-BR\",\"@id\":\"https:\/\/www.manaus.am.gov.br\/ccc\/#\/schema\/person\/image\/\",\"url\":\"https:\/\/secure.gravatar.com\/avatar\/9c877d1a6adc2a055330e5c09a8653ce?s=96&d=mm&r=g\",\"contentUrl\":\"https:\/\/secure.gravatar.com\/avatar\/9c877d1a6adc2a055330e5c09a8653ce?s=96&d=mm&r=g\",\"caption\":\"Bruna Greco\"}}]}<\/script>\n<!-- \/ Yoast SEO plugin. -->","yoast_head_json":{"title":"Primeira esta\u00e7\u00e3o meteorol\u00f3gica de superf\u00edcie na Semulsp","description":"Prefeitura de Manaus, por meio da Semulsp e CCC, instalar\u00e1 primeira esta\u00e7\u00e3o meteorol\u00f3gica de superf\u00edcie na secretaria de limpeza.","robots":{"index":"index","follow":"follow","max-snippet":"max-snippet:-1","max-image-preview":"max-image-preview:large","max-video-preview":"max-video-preview:-1"},"canonical":"https:\/\/www.manaus.am.gov.br\/ccc\/primeira-estacao-meteorologica-semulsp\/","og_locale":"pt_BR","og_type":"article","og_title":"Primeira esta\u00e7\u00e3o meteorol\u00f3gica de superf\u00edcie na Semulsp","og_description":"Prefeitura de Manaus, por meio da Semulsp e CCC, instalar\u00e1 primeira esta\u00e7\u00e3o meteorol\u00f3gica de superf\u00edcie na secretaria de limpeza.","og_url":"https:\/\/www.manaus.am.gov.br\/ccc\/primeira-estacao-meteorologica-semulsp\/","og_site_name":"CCC","article_published_time":"2025-03-14T18:24:23+00:00","article_modified_time":"2025-03-14T18:24:26+00:00","og_image":[{"width":1600,"height":1200,"url":"https:\/\/www.manaus.am.gov.br\/ccc\/wp-content\/uploads\/sites\/4\/2025\/03\/WhatsApp-Image-2025-03-14-at-08.56.39-2.jpeg","type":"image\/jpeg"}],"author":"Bruna Greco","twitter_card":"summary_large_image","twitter_misc":{"Written by":"Bruna Greco","Est. reading time":"4 minutos"},"schema":{"@context":"https:\/\/schema.org","@graph":[{"@type":"WebPage","@id":"https:\/\/www.manaus.am.gov.br\/ccc\/primeira-estacao-meteorologica-semulsp\/","url":"https:\/\/www.manaus.am.gov.br\/ccc\/primeira-estacao-meteorologica-semulsp\/","name":"Primeira esta\u00e7\u00e3o meteorol\u00f3gica de superf\u00edcie na Semulsp","isPartOf":{"@id":"https:\/\/www.manaus.am.gov.br\/ccc\/#website"},"primaryImageOfPage":{"@id":"https:\/\/www.manaus.am.gov.br\/ccc\/primeira-estacao-meteorologica-semulsp\/#primaryimage"},"image":{"@id":"https:\/\/www.manaus.am.gov.br\/ccc\/primeira-estacao-meteorologica-semulsp\/#primaryimage"},"thumbnailUrl":"https:\/\/www.manaus.am.gov.br\/ccc\/wp-content\/uploads\/sites\/4\/2025\/03\/WhatsApp-Image-2025-03-14-at-08.56.39-2.jpeg","datePublished":"2025-03-14T18:24:23+00:00","dateModified":"2025-03-14T18:24:26+00:00","author":{"@id":"https:\/\/www.manaus.am.gov.br\/ccc\/#\/schema\/person\/05d223aea2bf115f9883a6ff3683d81b"},"description":"Prefeitura de Manaus, por meio da Semulsp e CCC, instalar\u00e1 primeira esta\u00e7\u00e3o meteorol\u00f3gica de superf\u00edcie na secretaria de limpeza.","inLanguage":"pt-BR","potentialAction":[{"@type":"ReadAction","target":["https:\/\/www.manaus.am.gov.br\/ccc\/primeira-estacao-meteorologica-semulsp\/"]}]},{"@type":"ImageObject","inLanguage":"pt-BR","@id":"https:\/\/www.manaus.am.gov.br\/ccc\/primeira-estacao-meteorologica-semulsp\/#primaryimage","url":"https:\/\/www.manaus.am.gov.br\/ccc\/wp-content\/uploads\/sites\/4\/2025\/03\/WhatsApp-Image-2025-03-14-at-08.56.39-2.jpeg","contentUrl":"https:\/\/www.manaus.am.gov.br\/ccc\/wp-content\/uploads\/sites\/4\/2025\/03\/WhatsApp-Image-2025-03-14-at-08.56.39-2.jpeg","width":1600,"height":1200,"caption":"#paratodosverem - Secret\u00e1rio da Semulsp, Sab\u00e1 Reis, e superintendente do CCC, Sandro Diz, reunidos com secretariado para alinhamento da instala\u00e7\u00e3o da primeira esta\u00e7\u00e3o meteorol\u00f3gica de superf\u00edcie na Semulsp"},{"@type":"WebSite","@id":"https:\/\/www.manaus.am.gov.br\/ccc\/#website","url":"https:\/\/www.manaus.am.gov.br\/ccc\/","name":"CCC","description":"Centro de Coopera\u00e7\u00e3o da Cidade","alternateName":"Centro de Coopera\u00e7\u00e3o da Cidade","potentialAction":[{"@type":"SearchAction","target":{"@type":"EntryPoint","urlTemplate":"https:\/\/www.manaus.am.gov.br\/ccc\/?s={search_term_string}"},"query-input":"required name=search_term_string"}],"inLanguage":"pt-BR"},{"@type":"Person","@id":"https:\/\/www.manaus.am.gov.br\/ccc\/#\/schema\/person\/05d223aea2bf115f9883a6ff3683d81b","name":"Bruna Greco","image":{"@type":"ImageObject","inLanguage":"pt-BR","@id":"https:\/\/www.manaus.am.gov.br\/ccc\/#\/schema\/person\/image\/","url":"https:\/\/secure.gravatar.com\/avatar\/9c877d1a6adc2a055330e5c09a8653ce?s=96&d=mm&r=g","contentUrl":"https:\/\/secure.gravatar.com\/avatar\/9c877d1a6adc2a055330e5c09a8653ce?s=96&d=mm&r=g","caption":"Bruna Greco"}}]}},"_links":{"self":[{"href":"https:\/\/www.manaus.am.gov.br\/ccc\/wp-json\/wp\/v2\/posts\/1681"}],"collection":[{"href":"https:\/\/www.manaus.am.gov.br\/ccc\/wp-json\/wp\/v2\/posts"}],"about":[{"href":"https:\/\/www.manaus.am.gov.br\/ccc\/wp-json\/wp\/v2\/types\/post"}],"author":[{"embeddable":true,"href":"https:\/\/www.manaus.am.gov.br\/ccc\/wp-json\/wp\/v2\/users\/39"}],"replies":[{"embeddable":true,"href":"https:\/\/www.manaus.am.gov.br\/ccc\/wp-json\/wp\/v2\/comments?post=1681"}],"version-history":[{"count":0,"href":"https:\/\/www.manaus.am.gov.br\/ccc\/wp-json\/wp\/v2\/posts\/1681\/revisions"}],"wp:featuredmedia":[{"embeddable":true,"href":"https:\/\/www.manaus.am.gov.br\/ccc\/wp-json\/wp\/v2\/media\/1682"}],"wp:attachment":[{"href":"https:\/\/www.manaus.am.gov.br\/ccc\/wp-json\/wp\/v2\/media?parent=1681"}],"wp:term":[{"taxonomy":"category","embeddable":true,"href":"https:\/\/www.manaus.am.gov.br\/ccc\/wp-json\/wp\/v2\/categories?post=1681"},{"taxonomy":"post_tag","embeddable":true,"href":"https:\/\/www.manaus.am.gov.br\/ccc\/wp-json\/wp\/v2\/tags?post=1681"}],"curies":[{"name":"wp","href":"https:\/\/api.w.org\/{rel}","templated":true}]}}