{"id":168,"date":"2022-01-07T15:52:41","date_gmt":"2022-01-07T19:52:41","guid":{"rendered":"https:\/\/www.manaus.am.gov.br\/ccc\/com-variante-omicron-confirmada-em-manaus-prefeitura-realiza-testagem-em-servidores-do-ccc\/"},"modified":"2022-12-21T09:56:15","modified_gmt":"2022-12-21T13:56:15","slug":"com-variante-omicron-confirmada-em-manaus-prefeitura-realiza-testagem-em-servidores-do-ccc","status":"publish","type":"post","link":"https:\/\/www.manaus.am.gov.br\/ccc\/com-variante-omicron-confirmada-em-manaus-prefeitura-realiza-testagem-em-servidores-do-ccc\/","title":{"rendered":"Com variante \u00d4micron confirmada em Manaus, prefeitura realiza testagem em servidores do CCC"},"content":{"rendered":"\n<p>Com a chegada da variante \u00d4micron na capital amazonense, a Prefeitura de Manaus reuniu os servidores do Centro de Coopera\u00e7\u00e3o da Cidade (CCC) para realizar testagem em massa. A a\u00e7\u00e3o, que acontece em parceria com a Secretaria Municipal de Sa\u00fade (Semsa), tem como objetivo monitorar e evitar a prolifera\u00e7\u00e3o do v\u00edrus.<\/p>\n\n\n\n<p>De acordo com o superintendente do CCC, Sandro Diz, a medida far\u00e1 parte da rotina dos agentes. \u201cN\u00e3o \u00e9 a primeira vez que realizamos uma a\u00e7\u00e3o dessa, mas com certeza com a chegada da variante, ela dever\u00e1 acontecer em espa\u00e7os mais curtos de tempo. Nossos servidores est\u00e3o vacinados com as duas doses e alguns at\u00e9 com a terceira, mas a prote\u00e7\u00e3o nunca \u00e9 demais e essa \u00e9 a determina\u00e7\u00e3o do prefeito David Almeida, que o trabalho n\u00e3o pare, mas que ele aconte\u00e7a em seguran\u00e7a\u201d, ressaltou.<\/p>\n\n\n\n<p>Est\u00e3o sendo disponibilizados testes do tipo RT-PCR, que detectam se o v\u00edrus se encontra ativo (em fase de transmiss\u00e3o) no organismo. O CCC segue todos os protocolos estabelecidos pelos \u00f3rg\u00e3os de sa\u00fade quanto \u00e0s medidas de prote\u00e7\u00e3o de seus servidores, distribuindo \u00e1lcool em gel para os departamentos e exigindo uso de m\u00e1scara facial de todos.<\/p>\n\n\n\n<p>&#8212; &#8212; &#8212;<\/p>\n\n\n\n<p><strong>Texto \u2013&nbsp;<\/strong>Divulga\u00e7\u00e3o \/ CCC<\/p>\n\n\n\n<p><strong>Foto \u2013&nbsp;<\/strong>Divulga\u00e7\u00e3o \/ CCC<\/p>\n\n\n\n<p>&nbsp;<\/p>\n","protected":false},"excerpt":{"rendered":"","protected":false},"author":24,"featured_media":185,"comment_status":"closed","ping_status":"closed","sticky":false,"template":"","format":"standard","meta":{"footnotes":""},"categories":[10],"tags":[11,12,13,14,15,16,17,18,19,20,21],"acf":[],"yoast_head":"<!-- This site is optimized with the Yoast SEO plugin v23.0 - https:\/\/yoast.com\/wordpress\/plugins\/seo\/ -->\n<title>Com variante \u00d4micron confirmada em Manaus, prefeitura realiza testagem em servidores do CCC - CCC<\/title>\n<meta name=\"robots\" content=\"index, follow, max-snippet:-1, max-image-preview:large, max-video-preview:-1\" \/>\n<link rel=\"canonical\" href=\"https:\/\/www.manaus.am.gov.br\/ccc\/com-variante-omicron-confirmada-em-manaus-prefeitura-realiza-testagem-em-servidores-do-ccc\/\" \/>\n<meta property=\"og:locale\" content=\"pt_BR\" \/>\n<meta property=\"og:type\" content=\"article\" \/>\n<meta property=\"og:title\" content=\"Com variante \u00d4micron confirmada em Manaus, prefeitura realiza testagem em servidores do CCC - CCC\" \/>\n<meta property=\"og:url\" content=\"https:\/\/www.manaus.am.gov.br\/ccc\/com-variante-omicron-confirmada-em-manaus-prefeitura-realiza-testagem-em-servidores-do-ccc\/\" \/>\n<meta property=\"og:site_name\" content=\"CCC\" \/>\n<meta property=\"article:published_time\" content=\"2022-01-07T19:52:41+00:00\" \/>\n<meta property=\"article:modified_time\" content=\"2022-12-21T13:56:15+00:00\" \/>\n<meta property=\"og:image\" content=\"https:\/\/www.manaus.am.gov.br\/ccc\/wp-content\/uploads\/sites\/4\/2022\/12\/Com-variante-Omicron-confirmada-em-Manaus-prefeitura-realiza-testagem-em-servidores-do-CCC.jpg\" \/>\n\t<meta property=\"og:image:width\" content=\"600\" \/>\n\t<meta property=\"og:image:height\" content=\"407\" \/>\n\t<meta property=\"og:image:type\" content=\"image\/jpeg\" \/>\n<meta name=\"author\" content=\"Cl\u00e1udia Barbosa\" \/>\n<meta name=\"twitter:card\" content=\"summary_large_image\" \/>\n<meta name=\"twitter:label1\" content=\"Written by\" \/>\n\t<meta name=\"twitter:data1\" content=\"Cl\u00e1udia Barbosa\" \/>\n\t<meta name=\"twitter:label2\" content=\"Est. reading time\" \/>\n\t<meta name=\"twitter:data2\" content=\"2 minutos\" \/>\n<script type=\"application\/ld+json\" class=\"yoast-schema-graph\">{\"@context\":\"https:\/\/schema.org\",\"@graph\":[{\"@type\":\"WebPage\",\"@id\":\"https:\/\/www.manaus.am.gov.br\/ccc\/com-variante-omicron-confirmada-em-manaus-prefeitura-realiza-testagem-em-servidores-do-ccc\/\",\"url\":\"https:\/\/www.manaus.am.gov.br\/ccc\/com-variante-omicron-confirmada-em-manaus-prefeitura-realiza-testagem-em-servidores-do-ccc\/\",\"name\":\"Com variante \u00d4micron confirmada em Manaus, prefeitura realiza testagem em servidores do CCC - CCC\",\"isPartOf\":{\"@id\":\"https:\/\/www.manaus.am.gov.br\/ccc\/#website\"},\"primaryImageOfPage\":{\"@id\":\"https:\/\/www.manaus.am.gov.br\/ccc\/com-variante-omicron-confirmada-em-manaus-prefeitura-realiza-testagem-em-servidores-do-ccc\/#primaryimage\"},\"image\":{\"@id\":\"https:\/\/www.manaus.am.gov.br\/ccc\/com-variante-omicron-confirmada-em-manaus-prefeitura-realiza-testagem-em-servidores-do-ccc\/#primaryimage\"},\"thumbnailUrl\":\"https:\/\/www.manaus.am.gov.br\/ccc\/wp-content\/uploads\/sites\/4\/2022\/12\/Com-variante-Omicron-confirmada-em-Manaus-prefeitura-realiza-testagem-em-servidores-do-CCC.jpg\",\"datePublished\":\"2022-01-07T19:52:41+00:00\",\"dateModified\":\"2022-12-21T13:56:15+00:00\",\"author\":{\"@id\":\"https:\/\/www.manaus.am.gov.br\/ccc\/#\/schema\/person\/d0a166b5031154c33c77794ddc9a827e\"},\"inLanguage\":\"pt-BR\",\"potentialAction\":[{\"@type\":\"ReadAction\",\"target\":[\"https:\/\/www.manaus.am.gov.br\/ccc\/com-variante-omicron-confirmada-em-manaus-prefeitura-realiza-testagem-em-servidores-do-ccc\/\"]}]},{\"@type\":\"ImageObject\",\"inLanguage\":\"pt-BR\",\"@id\":\"https:\/\/www.manaus.am.gov.br\/ccc\/com-variante-omicron-confirmada-em-manaus-prefeitura-realiza-testagem-em-servidores-do-ccc\/#primaryimage\",\"url\":\"https:\/\/www.manaus.am.gov.br\/ccc\/wp-content\/uploads\/sites\/4\/2022\/12\/Com-variante-Omicron-confirmada-em-Manaus-prefeitura-realiza-testagem-em-servidores-do-CCC.jpg\",\"contentUrl\":\"https:\/\/www.manaus.am.gov.br\/ccc\/wp-content\/uploads\/sites\/4\/2022\/12\/Com-variante-Omicron-confirmada-em-Manaus-prefeitura-realiza-testagem-em-servidores-do-CCC.jpg\",\"width\":600,\"height\":407,\"caption\":\"Com variante \u00d4micron confirmada em Manaus, prefeitura realiza testagem em servidores do CCC\"},{\"@type\":\"WebSite\",\"@id\":\"https:\/\/www.manaus.am.gov.br\/ccc\/#website\",\"url\":\"https:\/\/www.manaus.am.gov.br\/ccc\/\",\"name\":\"CCC\",\"description\":\"Centro de Coopera\u00e7\u00e3o da Cidade\",\"alternateName\":\"Centro de Coopera\u00e7\u00e3o da Cidade\",\"potentialAction\":[{\"@type\":\"SearchAction\",\"target\":{\"@type\":\"EntryPoint\",\"urlTemplate\":\"https:\/\/www.manaus.am.gov.br\/ccc\/?s={search_term_string}\"},\"query-input\":\"required name=search_term_string\"}],\"inLanguage\":\"pt-BR\"},{\"@type\":\"Person\",\"@id\":\"https:\/\/www.manaus.am.gov.br\/ccc\/#\/schema\/person\/d0a166b5031154c33c77794ddc9a827e\",\"name\":\"Cl\u00e1udia Barbosa\",\"image\":{\"@type\":\"ImageObject\",\"inLanguage\":\"pt-BR\",\"@id\":\"https:\/\/www.manaus.am.gov.br\/ccc\/#\/schema\/person\/image\/\",\"url\":\"https:\/\/secure.gravatar.com\/avatar\/42958a1cf007f1a00534009218c72590?s=96&d=mm&r=g\",\"contentUrl\":\"https:\/\/secure.gravatar.com\/avatar\/42958a1cf007f1a00534009218c72590?s=96&d=mm&r=g\",\"caption\":\"Cl\u00e1udia Barbosa\"}}]}<\/script>\n<!-- \/ Yoast SEO plugin. -->","yoast_head_json":{"title":"Com variante \u00d4micron confirmada em Manaus, prefeitura realiza testagem em servidores do CCC - CCC","robots":{"index":"index","follow":"follow","max-snippet":"max-snippet:-1","max-image-preview":"max-image-preview:large","max-video-preview":"max-video-preview:-1"},"canonical":"https:\/\/www.manaus.am.gov.br\/ccc\/com-variante-omicron-confirmada-em-manaus-prefeitura-realiza-testagem-em-servidores-do-ccc\/","og_locale":"pt_BR","og_type":"article","og_title":"Com variante \u00d4micron confirmada em Manaus, prefeitura realiza testagem em servidores do CCC - CCC","og_url":"https:\/\/www.manaus.am.gov.br\/ccc\/com-variante-omicron-confirmada-em-manaus-prefeitura-realiza-testagem-em-servidores-do-ccc\/","og_site_name":"CCC","article_published_time":"2022-01-07T19:52:41+00:00","article_modified_time":"2022-12-21T13:56:15+00:00","og_image":[{"width":600,"height":407,"url":"https:\/\/www.manaus.am.gov.br\/ccc\/wp-content\/uploads\/sites\/4\/2022\/12\/Com-variante-Omicron-confirmada-em-Manaus-prefeitura-realiza-testagem-em-servidores-do-CCC.jpg","type":"image\/jpeg"}],"author":"Cl\u00e1udia Barbosa","twitter_card":"summary_large_image","twitter_misc":{"Written by":"Cl\u00e1udia Barbosa","Est. reading time":"2 minutos"},"schema":{"@context":"https:\/\/schema.org","@graph":[{"@type":"WebPage","@id":"https:\/\/www.manaus.am.gov.br\/ccc\/com-variante-omicron-confirmada-em-manaus-prefeitura-realiza-testagem-em-servidores-do-ccc\/","url":"https:\/\/www.manaus.am.gov.br\/ccc\/com-variante-omicron-confirmada-em-manaus-prefeitura-realiza-testagem-em-servidores-do-ccc\/","name":"Com variante \u00d4micron confirmada em Manaus, prefeitura realiza testagem em servidores do CCC - CCC","isPartOf":{"@id":"https:\/\/www.manaus.am.gov.br\/ccc\/#website"},"primaryImageOfPage":{"@id":"https:\/\/www.manaus.am.gov.br\/ccc\/com-variante-omicron-confirmada-em-manaus-prefeitura-realiza-testagem-em-servidores-do-ccc\/#primaryimage"},"image":{"@id":"https:\/\/www.manaus.am.gov.br\/ccc\/com-variante-omicron-confirmada-em-manaus-prefeitura-realiza-testagem-em-servidores-do-ccc\/#primaryimage"},"thumbnailUrl":"https:\/\/www.manaus.am.gov.br\/ccc\/wp-content\/uploads\/sites\/4\/2022\/12\/Com-variante-Omicron-confirmada-em-Manaus-prefeitura-realiza-testagem-em-servidores-do-CCC.jpg","datePublished":"2022-01-07T19:52:41+00:00","dateModified":"2022-12-21T13:56:15+00:00","author":{"@id":"https:\/\/www.manaus.am.gov.br\/ccc\/#\/schema\/person\/d0a166b5031154c33c77794ddc9a827e"},"inLanguage":"pt-BR","potentialAction":[{"@type":"ReadAction","target":["https:\/\/www.manaus.am.gov.br\/ccc\/com-variante-omicron-confirmada-em-manaus-prefeitura-realiza-testagem-em-servidores-do-ccc\/"]}]},{"@type":"ImageObject","inLanguage":"pt-BR","@id":"https:\/\/www.manaus.am.gov.br\/ccc\/com-variante-omicron-confirmada-em-manaus-prefeitura-realiza-testagem-em-servidores-do-ccc\/#primaryimage","url":"https:\/\/www.manaus.am.gov.br\/ccc\/wp-content\/uploads\/sites\/4\/2022\/12\/Com-variante-Omicron-confirmada-em-Manaus-prefeitura-realiza-testagem-em-servidores-do-CCC.jpg","contentUrl":"https:\/\/www.manaus.am.gov.br\/ccc\/wp-content\/uploads\/sites\/4\/2022\/12\/Com-variante-Omicron-confirmada-em-Manaus-prefeitura-realiza-testagem-em-servidores-do-CCC.jpg","width":600,"height":407,"caption":"Com variante \u00d4micron confirmada em Manaus, prefeitura realiza testagem em servidores do CCC"},{"@type":"WebSite","@id":"https:\/\/www.manaus.am.gov.br\/ccc\/#website","url":"https:\/\/www.manaus.am.gov.br\/ccc\/","name":"CCC","description":"Centro de Coopera\u00e7\u00e3o da Cidade","alternateName":"Centro de Coopera\u00e7\u00e3o da Cidade","potentialAction":[{"@type":"SearchAction","target":{"@type":"EntryPoint","urlTemplate":"https:\/\/www.manaus.am.gov.br\/ccc\/?s={search_term_string}"},"query-input":"required name=search_term_string"}],"inLanguage":"pt-BR"},{"@type":"Person","@id":"https:\/\/www.manaus.am.gov.br\/ccc\/#\/schema\/person\/d0a166b5031154c33c77794ddc9a827e","name":"Cl\u00e1udia Barbosa","image":{"@type":"ImageObject","inLanguage":"pt-BR","@id":"https:\/\/www.manaus.am.gov.br\/ccc\/#\/schema\/person\/image\/","url":"https:\/\/secure.gravatar.com\/avatar\/42958a1cf007f1a00534009218c72590?s=96&d=mm&r=g","contentUrl":"https:\/\/secure.gravatar.com\/avatar\/42958a1cf007f1a00534009218c72590?s=96&d=mm&r=g","caption":"Cl\u00e1udia Barbosa"}}]}},"_links":{"self":[{"href":"https:\/\/www.manaus.am.gov.br\/ccc\/wp-json\/wp\/v2\/posts\/168"}],"collection":[{"href":"https:\/\/www.manaus.am.gov.br\/ccc\/wp-json\/wp\/v2\/posts"}],"about":[{"href":"https:\/\/www.manaus.am.gov.br\/ccc\/wp-json\/wp\/v2\/types\/post"}],"author":[{"embeddable":true,"href":"https:\/\/www.manaus.am.gov.br\/ccc\/wp-json\/wp\/v2\/users\/24"}],"replies":[{"embeddable":true,"href":"https:\/\/www.manaus.am.gov.br\/ccc\/wp-json\/wp\/v2\/comments?post=168"}],"version-history":[{"count":2,"href":"https:\/\/www.manaus.am.gov.br\/ccc\/wp-json\/wp\/v2\/posts\/168\/revisions"}],"predecessor-version":[{"id":184,"href":"https:\/\/www.manaus.am.gov.br\/ccc\/wp-json\/wp\/v2\/posts\/168\/revisions\/184"}],"wp:featuredmedia":[{"embeddable":true,"href":"https:\/\/www.manaus.am.gov.br\/ccc\/wp-json\/wp\/v2\/media\/185"}],"wp:attachment":[{"href":"https:\/\/www.manaus.am.gov.br\/ccc\/wp-json\/wp\/v2\/media?parent=168"}],"wp:term":[{"taxonomy":"category","embeddable":true,"href":"https:\/\/www.manaus.am.gov.br\/ccc\/wp-json\/wp\/v2\/categories?post=168"},{"taxonomy":"post_tag","embeddable":true,"href":"https:\/\/www.manaus.am.gov.br\/ccc\/wp-json\/wp\/v2\/tags?post=168"}],"curies":[{"name":"wp","href":"https:\/\/api.w.org\/{rel}","templated":true}]}}