{"id":164,"date":"2022-06-23T18:02:57","date_gmt":"2022-06-23T22:02:57","guid":{"rendered":"https:\/\/www.manaus.am.gov.br\/ccc\/forum-sobre-mobilidade-encerra-com-apresentacao-de-propostas-e-visita-ao-ccc\/"},"modified":"2022-12-21T09:54:53","modified_gmt":"2022-12-21T13:54:53","slug":"forum-sobre-mobilidade-encerra-com-apresentacao-de-propostas-e-visita-ao-ccc","status":"publish","type":"post","link":"https:\/\/www.manaus.am.gov.br\/ccc\/forum-sobre-mobilidade-encerra-com-apresentacao-de-propostas-e-visita-ao-ccc\/","title":{"rendered":"F\u00f3rum sobre mobilidade encerra com apresenta\u00e7\u00e3o de propostas e visita ao CCC"},"content":{"rendered":"\n<p><span style=\"font-family: verdana, geneva, sans-serif;\">Realizada pela <a href=\"https:\/\/www.manaus.am.gov.br\/\">Prefeitura de Manaus<\/a>, em conjunto com a Associa\u00e7\u00e3o Nacional de Transportes P\u00fablicos (ANPT), a 111\u00aa. Reuni\u00e3o do F\u00f3rum Nacional de Secret\u00e1rios e Dirigentes de Mobilidade Urbana, em seu encerramento, nesta quinta-feira, 23\/6, discutiu temas como redu\u00e7\u00e3o de acidentes de tr\u00e2nsito e experi\u00eancias de outras cidades pelo pa\u00eds.<\/span><\/p>\n\n\n\n<p><span style=\"font-family: verdana, geneva, sans-serif;\">O evento realizado no hotel Intercity, no bairro Adrian\u00f3polis, zona Centro-Sul, contou com a participa\u00e7\u00e3o de gestores do pa\u00eds, representando \u00f3rg\u00e3os p\u00fablicos e entes privados, uma oportunidade para troca de experi\u00eancias e informa\u00e7\u00f5es visando melhoria da mobilidade urbana.<\/span><\/p>\n\n\n\n<p><span style=\"font-family: verdana, geneva, sans-serif;\">&#8220;Um assunto bastante relevante, foi como fazer com que o subs\u00eddio do transporte seja uma realidade e que tenha participa\u00e7\u00e3o de outros atores, para que haja incremento de outras receitas, tais como o governo do Estado e governo federal, al\u00e9m de outras partes da sociedade. \u00c9 salutar que essas receitas n\u00e3o fiquem t\u00e3o focadas apenas em recursos das prefeituras&#8221;, comentou o diretor-presidente do Instituto Municipal de Mobilidade Urbana (IMMU), Paulo Henrique Martins, em avalia\u00e7\u00e3o ao evento, assim como os temas abordados.<\/span><\/p>\n\n\n\n<p><span style=\"font-family: verdana, geneva, sans-serif;\">Tamb\u00e9m foram apresentadas experi\u00eancias de outras cidades do pa\u00eds como Natal (RN), Santa Maria (RS) e Hortol\u00e2ndia (SP).<\/span><\/p>\n\n\n\n<p><span style=\"font-family: verdana, geneva, sans-serif;\"><strong>Pnatrans<\/strong><\/span><\/p>\n\n\n\n<p><span style=\"font-family: verdana, geneva, sans-serif;\">Ap\u00f3s as apresenta\u00e7\u00f5es foi discutido o processo de implanta\u00e7\u00e3o do Plano Nacional de Redu\u00e7\u00e3o de Mortes e Les\u00f5es no Tr\u00e2nsito (Pnatrans), por Marcela La\u00eds, representante da Secretaria Nacional de Tr\u00e2nsito (Senatran). A participa\u00e7\u00e3o ocorreu em formato virtual<\/span><\/p>\n\n\n\n<p><span style=\"font-family: verdana, geneva, sans-serif;\">O Pnatrans foi criado em 2018, pela lei n\u00ba 13.614, para orientar e implementar a\u00e7\u00f5es com o objetivo de reduzir mortes e les\u00f5es no tr\u00e2nsito.<\/span><\/p>\n\n\n\n<p><span style=\"font-family: verdana, geneva, sans-serif;\">Para o secret\u00e1rio municipal de Mobilidade Urbana de Maring\u00e1, Jos\u00e9 Gilberto Purpur, reduzir os acidentes e mortes no tr\u00e2nsito \u00e9 um trabalho de persist\u00eancia.<\/span><\/p>\n\n\n\n<p><span style=\"font-family: verdana, geneva, sans-serif;\">\u201cN\u00e3o se reduz os acidentes e mortes no tr\u00e2nsito da noite para o dia.&nbsp; \u00c9 preciso um trabalho persistente e, quanto melhor o resultado, mais dif\u00edcil \u00e9 mant\u00ea-lo.&nbsp; Faz-se necess\u00e1rio, trabalhar na fiscaliza\u00e7\u00e3o eletr\u00f4nica, fiscaliza\u00e7\u00e3o presencial e educa\u00e7\u00e3o para o tr\u00e2nsito, al\u00e9m da engenharia. \u00c9 esse trip\u00e9 que faz baixar o n\u00famero de mortes nas cidades&#8221;, destacou.<\/span><\/p>\n\n\n\n<p><span style=\"font-family: verdana, geneva, sans-serif;\"><strong>Visita<\/strong><\/span><\/p>\n\n\n\n<p><span style=\"font-family: verdana, geneva, sans-serif;\">Durante a tarde, os participantes do evento realizaram uma visita t\u00e9cnica ao Centro de Coopera\u00e7\u00e3o da Cidade (CCC), no bairro Parque 10 de Novembro, onde tiveram contato com o monitoramento do tr\u00e2nsito realizado em diversas \u00e1reas da capital.<\/span><\/p>\n\n\n\n<p><span style=\"font-family: verdana, geneva, sans-serif;\">O secret\u00e1rio municipal de Mobilidade Urbana de Hortol\u00e2ndia, At\u00edlio Andr\u00e9 Pereira, elogiou a estrutura do CCC. \u201cEstamos todos aqui impressionados com a estrutura e servi\u00e7os dispon\u00edveis no CCC. \u00c9 um exemplo, n\u00e3o s\u00f3 para as cidades do pa\u00eds, mas tamb\u00e9m para muitas capitais\u201d, afirmou.<\/span><\/p>\n\n\n\n<p><span style=\"font-family: verdana, geneva, sans-serif;\">&#8212; &#8212; &#8212;<\/span><\/p>\n\n\n\n<p><span style=\"font-family: verdana, geneva, sans-serif;\"><strong>Texto<\/strong> &#8211; Divulga\u00e7\u00e3o\/IMMU<\/span><\/p>\n\n\n\n<p><span style=\"font-family: verdana, geneva, sans-serif;\"><strong>Foto &#8211;<\/strong> Arnoudo Andrade \/ IMMU<\/span><\/p>\n","protected":false},"excerpt":{"rendered":"","protected":false},"author":13,"featured_media":183,"comment_status":"closed","ping_status":"closed","sticky":false,"template":"","format":"standard","meta":{"footnotes":""},"categories":[5],"tags":[6,7,8,9],"acf":[],"yoast_head":"<!-- This site is optimized with the Yoast SEO plugin v23.0 - https:\/\/yoast.com\/wordpress\/plugins\/seo\/ -->\n<title>F\u00f3rum sobre mobilidade encerra com propostas e visita ao CCC<\/title>\n<meta name=\"description\" content=\"F\u00f3rum sobre mobilidade encerra com apresenta\u00e7\u00e3o de propostas e visita ao CCC, no bairro Parque 10 de Novembro, onde tiveram contato...\" \/>\n<meta name=\"robots\" content=\"index, follow, max-snippet:-1, max-image-preview:large, max-video-preview:-1\" \/>\n<link rel=\"canonical\" href=\"https:\/\/www.manaus.am.gov.br\/ccc\/forum-sobre-mobilidade-encerra-com-apresentacao-de-propostas-e-visita-ao-ccc\/\" \/>\n<meta property=\"og:locale\" content=\"pt_BR\" \/>\n<meta property=\"og:type\" content=\"article\" \/>\n<meta property=\"og:title\" content=\"F\u00f3rum sobre mobilidade encerra com propostas e visita ao CCC\" \/>\n<meta property=\"og:description\" content=\"F\u00f3rum sobre mobilidade encerra com apresenta\u00e7\u00e3o de propostas e visita ao CCC, no bairro Parque 10 de Novembro, onde tiveram contato...\" \/>\n<meta property=\"og:url\" content=\"https:\/\/www.manaus.am.gov.br\/ccc\/forum-sobre-mobilidade-encerra-com-apresentacao-de-propostas-e-visita-ao-ccc\/\" \/>\n<meta property=\"og:site_name\" content=\"CCC\" \/>\n<meta property=\"article:published_time\" content=\"2022-06-23T22:02:57+00:00\" \/>\n<meta property=\"article:modified_time\" content=\"2022-12-21T13:54:53+00:00\" \/>\n<meta property=\"og:image\" content=\"https:\/\/www.manaus.am.gov.br\/ccc\/wp-content\/uploads\/sites\/4\/2022\/12\/Forum-sobre-mobilidade-encerra-com-apresentacao-de-propostas-e-visita-ao-CCC.jpg\" \/>\n\t<meta property=\"og:image:width\" content=\"720\" \/>\n\t<meta property=\"og:image:height\" content=\"407\" \/>\n\t<meta property=\"og:image:type\" content=\"image\/jpeg\" \/>\n<meta name=\"twitter:card\" content=\"summary_large_image\" \/>\n<meta name=\"twitter:label1\" content=\"Written by\" \/>\n\t<meta name=\"twitter:data1\" content=\"\" \/>\n\t<meta name=\"twitter:label2\" content=\"Est. reading time\" \/>\n\t<meta name=\"twitter:data2\" content=\"3 minutos\" \/>\n<script type=\"application\/ld+json\" class=\"yoast-schema-graph\">{\"@context\":\"https:\/\/schema.org\",\"@graph\":[{\"@type\":\"WebPage\",\"@id\":\"https:\/\/www.manaus.am.gov.br\/ccc\/forum-sobre-mobilidade-encerra-com-apresentacao-de-propostas-e-visita-ao-ccc\/\",\"url\":\"https:\/\/www.manaus.am.gov.br\/ccc\/forum-sobre-mobilidade-encerra-com-apresentacao-de-propostas-e-visita-ao-ccc\/\",\"name\":\"F\u00f3rum sobre mobilidade encerra com propostas e visita ao CCC\",\"isPartOf\":{\"@id\":\"https:\/\/www.manaus.am.gov.br\/ccc\/#website\"},\"primaryImageOfPage\":{\"@id\":\"https:\/\/www.manaus.am.gov.br\/ccc\/forum-sobre-mobilidade-encerra-com-apresentacao-de-propostas-e-visita-ao-ccc\/#primaryimage\"},\"image\":{\"@id\":\"https:\/\/www.manaus.am.gov.br\/ccc\/forum-sobre-mobilidade-encerra-com-apresentacao-de-propostas-e-visita-ao-ccc\/#primaryimage\"},\"thumbnailUrl\":\"https:\/\/www.manaus.am.gov.br\/ccc\/wp-content\/uploads\/sites\/4\/2022\/12\/Forum-sobre-mobilidade-encerra-com-apresentacao-de-propostas-e-visita-ao-CCC.jpg\",\"datePublished\":\"2022-06-23T22:02:57+00:00\",\"dateModified\":\"2022-12-21T13:54:53+00:00\",\"author\":{\"@id\":\"\"},\"description\":\"F\u00f3rum sobre mobilidade encerra com apresenta\u00e7\u00e3o de propostas e visita ao CCC, no bairro Parque 10 de Novembro, onde tiveram contato...\",\"inLanguage\":\"pt-BR\",\"potentialAction\":[{\"@type\":\"ReadAction\",\"target\":[\"https:\/\/www.manaus.am.gov.br\/ccc\/forum-sobre-mobilidade-encerra-com-apresentacao-de-propostas-e-visita-ao-ccc\/\"]}]},{\"@type\":\"ImageObject\",\"inLanguage\":\"pt-BR\",\"@id\":\"https:\/\/www.manaus.am.gov.br\/ccc\/forum-sobre-mobilidade-encerra-com-apresentacao-de-propostas-e-visita-ao-ccc\/#primaryimage\",\"url\":\"https:\/\/www.manaus.am.gov.br\/ccc\/wp-content\/uploads\/sites\/4\/2022\/12\/Forum-sobre-mobilidade-encerra-com-apresentacao-de-propostas-e-visita-ao-CCC.jpg\",\"contentUrl\":\"https:\/\/www.manaus.am.gov.br\/ccc\/wp-content\/uploads\/sites\/4\/2022\/12\/Forum-sobre-mobilidade-encerra-com-apresentacao-de-propostas-e-visita-ao-CCC.jpg\",\"width\":720,\"height\":407,\"caption\":\"F\u00f3rum sobre mobilidade encerra com apresenta\u00e7\u00e3o de propostas e visita ao CCC\"},{\"@type\":\"WebSite\",\"@id\":\"https:\/\/www.manaus.am.gov.br\/ccc\/#website\",\"url\":\"https:\/\/www.manaus.am.gov.br\/ccc\/\",\"name\":\"CCC\",\"description\":\"Centro de Coopera\u00e7\u00e3o da Cidade\",\"alternateName\":\"Centro de Coopera\u00e7\u00e3o da Cidade\",\"potentialAction\":[{\"@type\":\"SearchAction\",\"target\":{\"@type\":\"EntryPoint\",\"urlTemplate\":\"https:\/\/www.manaus.am.gov.br\/ccc\/?s={search_term_string}\"},\"query-input\":\"required name=search_term_string\"}],\"inLanguage\":\"pt-BR\"},{\"@type\":\"Person\",\"@id\":\"\"}]}<\/script>\n<!-- \/ Yoast SEO plugin. -->","yoast_head_json":{"title":"F\u00f3rum sobre mobilidade encerra com propostas e visita ao CCC","description":"F\u00f3rum sobre mobilidade encerra com apresenta\u00e7\u00e3o de propostas e visita ao CCC, no bairro Parque 10 de Novembro, onde tiveram contato...","robots":{"index":"index","follow":"follow","max-snippet":"max-snippet:-1","max-image-preview":"max-image-preview:large","max-video-preview":"max-video-preview:-1"},"canonical":"https:\/\/www.manaus.am.gov.br\/ccc\/forum-sobre-mobilidade-encerra-com-apresentacao-de-propostas-e-visita-ao-ccc\/","og_locale":"pt_BR","og_type":"article","og_title":"F\u00f3rum sobre mobilidade encerra com propostas e visita ao CCC","og_description":"F\u00f3rum sobre mobilidade encerra com apresenta\u00e7\u00e3o de propostas e visita ao CCC, no bairro Parque 10 de Novembro, onde tiveram contato...","og_url":"https:\/\/www.manaus.am.gov.br\/ccc\/forum-sobre-mobilidade-encerra-com-apresentacao-de-propostas-e-visita-ao-ccc\/","og_site_name":"CCC","article_published_time":"2022-06-23T22:02:57+00:00","article_modified_time":"2022-12-21T13:54:53+00:00","og_image":[{"width":720,"height":407,"url":"https:\/\/www.manaus.am.gov.br\/ccc\/wp-content\/uploads\/sites\/4\/2022\/12\/Forum-sobre-mobilidade-encerra-com-apresentacao-de-propostas-e-visita-ao-CCC.jpg","type":"image\/jpeg"}],"twitter_card":"summary_large_image","twitter_misc":{"Written by":"","Est. reading time":"3 minutos"},"schema":{"@context":"https:\/\/schema.org","@graph":[{"@type":"WebPage","@id":"https:\/\/www.manaus.am.gov.br\/ccc\/forum-sobre-mobilidade-encerra-com-apresentacao-de-propostas-e-visita-ao-ccc\/","url":"https:\/\/www.manaus.am.gov.br\/ccc\/forum-sobre-mobilidade-encerra-com-apresentacao-de-propostas-e-visita-ao-ccc\/","name":"F\u00f3rum sobre mobilidade encerra com propostas e visita ao CCC","isPartOf":{"@id":"https:\/\/www.manaus.am.gov.br\/ccc\/#website"},"primaryImageOfPage":{"@id":"https:\/\/www.manaus.am.gov.br\/ccc\/forum-sobre-mobilidade-encerra-com-apresentacao-de-propostas-e-visita-ao-ccc\/#primaryimage"},"image":{"@id":"https:\/\/www.manaus.am.gov.br\/ccc\/forum-sobre-mobilidade-encerra-com-apresentacao-de-propostas-e-visita-ao-ccc\/#primaryimage"},"thumbnailUrl":"https:\/\/www.manaus.am.gov.br\/ccc\/wp-content\/uploads\/sites\/4\/2022\/12\/Forum-sobre-mobilidade-encerra-com-apresentacao-de-propostas-e-visita-ao-CCC.jpg","datePublished":"2022-06-23T22:02:57+00:00","dateModified":"2022-12-21T13:54:53+00:00","author":{"@id":""},"description":"F\u00f3rum sobre mobilidade encerra com apresenta\u00e7\u00e3o de propostas e visita ao CCC, no bairro Parque 10 de Novembro, onde tiveram contato...","inLanguage":"pt-BR","potentialAction":[{"@type":"ReadAction","target":["https:\/\/www.manaus.am.gov.br\/ccc\/forum-sobre-mobilidade-encerra-com-apresentacao-de-propostas-e-visita-ao-ccc\/"]}]},{"@type":"ImageObject","inLanguage":"pt-BR","@id":"https:\/\/www.manaus.am.gov.br\/ccc\/forum-sobre-mobilidade-encerra-com-apresentacao-de-propostas-e-visita-ao-ccc\/#primaryimage","url":"https:\/\/www.manaus.am.gov.br\/ccc\/wp-content\/uploads\/sites\/4\/2022\/12\/Forum-sobre-mobilidade-encerra-com-apresentacao-de-propostas-e-visita-ao-CCC.jpg","contentUrl":"https:\/\/www.manaus.am.gov.br\/ccc\/wp-content\/uploads\/sites\/4\/2022\/12\/Forum-sobre-mobilidade-encerra-com-apresentacao-de-propostas-e-visita-ao-CCC.jpg","width":720,"height":407,"caption":"F\u00f3rum sobre mobilidade encerra com apresenta\u00e7\u00e3o de propostas e visita ao CCC"},{"@type":"WebSite","@id":"https:\/\/www.manaus.am.gov.br\/ccc\/#website","url":"https:\/\/www.manaus.am.gov.br\/ccc\/","name":"CCC","description":"Centro de Coopera\u00e7\u00e3o da Cidade","alternateName":"Centro de Coopera\u00e7\u00e3o da Cidade","potentialAction":[{"@type":"SearchAction","target":{"@type":"EntryPoint","urlTemplate":"https:\/\/www.manaus.am.gov.br\/ccc\/?s={search_term_string}"},"query-input":"required name=search_term_string"}],"inLanguage":"pt-BR"},{"@type":"Person","@id":""}]}},"_links":{"self":[{"href":"https:\/\/www.manaus.am.gov.br\/ccc\/wp-json\/wp\/v2\/posts\/164"}],"collection":[{"href":"https:\/\/www.manaus.am.gov.br\/ccc\/wp-json\/wp\/v2\/posts"}],"about":[{"href":"https:\/\/www.manaus.am.gov.br\/ccc\/wp-json\/wp\/v2\/types\/post"}],"author":[{"embeddable":true,"href":"https:\/\/www.manaus.am.gov.br\/ccc\/wp-json\/wp\/v2\/users\/13"}],"replies":[{"embeddable":true,"href":"https:\/\/www.manaus.am.gov.br\/ccc\/wp-json\/wp\/v2\/comments?post=164"}],"version-history":[{"count":2,"href":"https:\/\/www.manaus.am.gov.br\/ccc\/wp-json\/wp\/v2\/posts\/164\/revisions"}],"predecessor-version":[{"id":182,"href":"https:\/\/www.manaus.am.gov.br\/ccc\/wp-json\/wp\/v2\/posts\/164\/revisions\/182"}],"wp:featuredmedia":[{"embeddable":true,"href":"https:\/\/www.manaus.am.gov.br\/ccc\/wp-json\/wp\/v2\/media\/183"}],"wp:attachment":[{"href":"https:\/\/www.manaus.am.gov.br\/ccc\/wp-json\/wp\/v2\/media?parent=164"}],"wp:term":[{"taxonomy":"category","embeddable":true,"href":"https:\/\/www.manaus.am.gov.br\/ccc\/wp-json\/wp\/v2\/categories?post=164"},{"taxonomy":"post_tag","embeddable":true,"href":"https:\/\/www.manaus.am.gov.br\/ccc\/wp-json\/wp\/v2\/tags?post=164"}],"curies":[{"name":"wp","href":"https:\/\/api.w.org\/{rel}","templated":true}]}}