{"id":1265,"date":"2024-04-14T13:29:06","date_gmt":"2024-04-14T17:29:06","guid":{"rendered":"https:\/\/www.manaus.am.gov.br\/ccc\/prefeitura-de-manaus-disponibiliza-servicos-em-acao-promovida-pelo-cma-na-semana-do-exercito-brasileiro\/"},"modified":"2024-04-14T13:29:07","modified_gmt":"2024-04-14T17:29:07","slug":"prefeitura-de-manaus-disponibiliza-servicos-em-acao-promovida-pelo-cma-na-semana-do-exercito-brasileiro","status":"publish","type":"post","link":"https:\/\/www.manaus.am.gov.br\/ccc\/prefeitura-de-manaus-disponibiliza-servicos-em-acao-promovida-pelo-cma-na-semana-do-exercito-brasileiro\/","title":{"rendered":"Prefeitura de Manaus disponibiliza servi\u00e7os em a\u00e7\u00e3o promovida pelo CMA na Semana do Ex\u00e9rcito Brasileiro"},"content":{"rendered":"\n<p>A Prefeitura de Manaus disponibilizou, ao longo deste domingo, 14\/4, no complexo tur\u00edstico Ponta Negra, zona Oeste da cidade, servi\u00e7os diversos, em apoio \u00e0 A\u00e7\u00e3o de Cidadania promovida pelo Comando Militar da Amaz\u00f4nia (CMA) como parte das comemora\u00e7\u00f5es do Dia do Ex\u00e9rcito, celebrado no pr\u00f3ximo dia 19.<\/p>\n\n\n\n<p>A solenidade de abertura teve in\u00edcio \u00e0s 9h, na casa de praia Zezinho Corr\u00eaa. No local, foram ofertados \u00e0 popula\u00e7\u00e3o, at\u00e9 as 19h30, diversos servi\u00e7os, entre atendimentos m\u00e9dicos, vacina\u00e7\u00e3o de adultos e crian\u00e7as, doa\u00e7\u00e3o de sangue, emiss\u00e3o de documentos, junta militar, doa\u00e7\u00e3o de mudas e vacina\u00e7\u00e3o de pets.<\/p>\n\n\n\n<p>Como parte da programa\u00e7\u00e3o, o Ex\u00e9rcito Brasileiro promoveu exposi\u00e7\u00f5es de materiais militares e demonstra\u00e7\u00f5es em motocicletas, c\u00e3es de guerra, apresenta\u00e7\u00e3o da Banda de M\u00fasica do CMA, dentre outras atividades. Durante toda a semana, outros eventos est\u00e3o previstos em alus\u00e3o aos 376 anos de hist\u00f3ria do EB.<\/p>\n\n\n\n<p>O prefeito de Manaus, David Almeida, prestigiou o evento logo nas primeiras horas da manh\u00e3 e acompanhou, de perto, os servi\u00e7os oferecidos pelas secretarias municipais no local. \u201c\u00c9 a Semana do Ex\u00e9rcito e n\u00f3s estamos aqui, em parceria com v\u00e1rias organiza\u00e7\u00f5es da sociedade civil, oferecendo, ao longo do dia, diversos servi\u00e7os para a popula\u00e7\u00e3o\u201d, disse.&nbsp;<\/p>\n\n\n\n<p>Para o comandante da 12\u00aa Regi\u00e3o Militar (12\u00aa RM), general de Divis\u00e3o Flavio Alvarenga Filho, a parceria com a Prefeitura de Manaus e demais entidades envolvidas na a\u00e7\u00e3o \u00e9 imprescind\u00edvel para levar um servi\u00e7o de qualidade \u00e0 popula\u00e7\u00e3o.<\/p>\n\n\n\n<p>\u201cEstamos realizando essa atividade em parceria com a prefeitura, em particular com o CCC, \u00f3rg\u00e3os estaduais, organiza\u00e7\u00f5es da cidade de Manaus, CDL, Fieam, Senai e tantas outras. Essa atividade est\u00e1 no contexto da Semana do Ex\u00e9rcito. Nosso objetivo \u00e9 intensificar nossa integra\u00e7\u00e3o com a popula\u00e7\u00e3o de Manaus, com a popula\u00e7\u00e3o da Amaz\u00f4nia\u201d, declarou Alvarenga.<\/p>\n\n\n\n<p>Decidido a manter h\u00e1bitos mais saud\u00e1veis, o eletricista Reinaldo Souza, 37, morador do bairro Cachoeirinha, na zona Sul, aproveitou os servi\u00e7os oferecidos na a\u00e7\u00e3o. \u201cParei de fumar e de consumir bebidas alco\u00f3licas. Acordei 6h30 e vim caminhar na Ponta Negra. Vai ser um domingo diferente, por\u00e9m bastante proveitoso. Esse tipo de a\u00e7\u00e3o \u00e9 de suma import\u00e2ncia para a sociedade, pois facilita nosso acesso a muitos servi\u00e7os\u201d, pontuou.<\/p>\n\n\n\n<p>A servidora p\u00fablica Maria Anete Moraes, 62, aproveitou a a\u00e7\u00e3o para renovar o Cart\u00e3o de Estacionamento para Idoso, emitido pelo Instituto Municipal de Mobilidade Urbana (IMMU). \u201cAgrade\u00e7o a Prefeitura de Manaus por essa oportunidade, por essa a\u00e7\u00e3o magn\u00edfica que teve pelo cidad\u00e3o\u201d.<\/p>\n\n\n\n<p>Superintendente do Centro de Coopera\u00e7\u00e3o da Cidade (CCC), Sandro Diz destacou que \u00e9 determina\u00e7\u00e3o do prefeito David Almeida cooperar com as For\u00e7as Armadas sempre que solicitado.<\/p>\n\n\n\n<p>\u201cN\u00f3s estamos aqui de prontid\u00e3o para ajudar. \u00c9 um dia para a popula\u00e7\u00e3o e o CCC n\u00e3o poderia ficar de fora dessa comemora\u00e7\u00e3o, alusiva ao Dia do Ex\u00e9rcito. Portando, prestigiem e aproveitem os servi\u00e7os que est\u00e3o sendo ofertados pelas secretarias municipais, que s\u00e3o muitos\u201d, concluiu.&nbsp;<\/p>\n\n\n\n<p>\u2013 \u2013 \u2013<\/p>\n\n\n\n<p><strong>Texto \u2013<\/strong> Geanne Fernandes \/ Semcom e Comunica\u00e7\u00e3o Social do CMA<\/p>\n\n\n\n<p><strong>Foto \u2013<\/strong> Valdo Le\u00e3o \/ Semcom<\/p>\n\n\n\n<p><strong>Dispon\u00edvel em &#8211;<\/strong> <a href=\"https:\/\/flic.kr\/s\/aHBqjBmo9X\">https:\/\/flic.kr\/s\/aHBqjBmo9X<\/a><\/p>\n","protected":false},"excerpt":{"rendered":"","protected":false},"author":52,"featured_media":1266,"comment_status":"closed","ping_status":"closed","sticky":false,"template":"","format":"standard","meta":{"footnotes":""},"categories":[459],"tags":[460,38,461],"acf":[],"yoast_head":"<!-- This site is optimized with the Yoast SEO plugin v23.0 - https:\/\/yoast.com\/wordpress\/plugins\/seo\/ -->\n<title>Prefeitura de Manaus disponibiliza servi\u00e7os em a\u00e7\u00e3o promovida pelo CMA na Semana do Ex\u00e9rcito Brasileiro<\/title>\n<meta name=\"robots\" content=\"index, follow, max-snippet:-1, max-image-preview:large, max-video-preview:-1\" \/>\n<link rel=\"canonical\" href=\"https:\/\/www.manaus.am.gov.br\/ccc\/prefeitura-de-manaus-disponibiliza-servicos-em-acao-promovida-pelo-cma-na-semana-do-exercito-brasileiro\/\" \/>\n<meta property=\"og:locale\" content=\"pt_BR\" \/>\n<meta property=\"og:type\" content=\"article\" \/>\n<meta property=\"og:title\" content=\"Prefeitura de Manaus disponibiliza servi\u00e7os em a\u00e7\u00e3o promovida pelo CMA na Semana do Ex\u00e9rcito Brasileiro\" \/>\n<meta property=\"og:url\" content=\"https:\/\/www.manaus.am.gov.br\/ccc\/prefeitura-de-manaus-disponibiliza-servicos-em-acao-promovida-pelo-cma-na-semana-do-exercito-brasileiro\/\" \/>\n<meta property=\"og:site_name\" content=\"CCC\" \/>\n<meta property=\"article:published_time\" content=\"2024-04-14T17:29:06+00:00\" \/>\n<meta property=\"article:modified_time\" content=\"2024-04-14T17:29:07+00:00\" \/>\n<meta property=\"og:image\" content=\"https:\/\/www.manaus.am.gov.br\/ccc\/wp-content\/uploads\/sites\/4\/2024\/04\/53652445002_01bd56f838_k.jpg\" \/>\n\t<meta property=\"og:image:width\" content=\"2047\" \/>\n\t<meta property=\"og:image:height\" content=\"1365\" \/>\n\t<meta property=\"og:image:type\" content=\"image\/jpeg\" \/>\n<meta name=\"author\" content=\"csilveira\" \/>\n<meta name=\"twitter:card\" content=\"summary_large_image\" \/>\n<meta name=\"twitter:label1\" content=\"Written by\" \/>\n\t<meta name=\"twitter:data1\" content=\"csilveira\" \/>\n\t<meta name=\"twitter:label2\" content=\"Est. reading time\" \/>\n\t<meta name=\"twitter:data2\" content=\"3 minutos\" \/>\n<script type=\"application\/ld+json\" class=\"yoast-schema-graph\">{\"@context\":\"https:\/\/schema.org\",\"@graph\":[{\"@type\":\"WebPage\",\"@id\":\"https:\/\/www.manaus.am.gov.br\/ccc\/prefeitura-de-manaus-disponibiliza-servicos-em-acao-promovida-pelo-cma-na-semana-do-exercito-brasileiro\/\",\"url\":\"https:\/\/www.manaus.am.gov.br\/ccc\/prefeitura-de-manaus-disponibiliza-servicos-em-acao-promovida-pelo-cma-na-semana-do-exercito-brasileiro\/\",\"name\":\"Prefeitura de Manaus disponibiliza servi\u00e7os em a\u00e7\u00e3o promovida pelo CMA na Semana do Ex\u00e9rcito Brasileiro\",\"isPartOf\":{\"@id\":\"https:\/\/www.manaus.am.gov.br\/ccc\/#website\"},\"primaryImageOfPage\":{\"@id\":\"https:\/\/www.manaus.am.gov.br\/ccc\/prefeitura-de-manaus-disponibiliza-servicos-em-acao-promovida-pelo-cma-na-semana-do-exercito-brasileiro\/#primaryimage\"},\"image\":{\"@id\":\"https:\/\/www.manaus.am.gov.br\/ccc\/prefeitura-de-manaus-disponibiliza-servicos-em-acao-promovida-pelo-cma-na-semana-do-exercito-brasileiro\/#primaryimage\"},\"thumbnailUrl\":\"https:\/\/www.manaus.am.gov.br\/ccc\/wp-content\/uploads\/sites\/4\/2024\/04\/53652445002_01bd56f838_k.jpg\",\"datePublished\":\"2024-04-14T17:29:06+00:00\",\"dateModified\":\"2024-04-14T17:29:07+00:00\",\"author\":{\"@id\":\"https:\/\/www.manaus.am.gov.br\/ccc\/#\/schema\/person\/bfafc779be2e19b3d3ef4a59d418b606\"},\"inLanguage\":\"pt-BR\",\"potentialAction\":[{\"@type\":\"ReadAction\",\"target\":[\"https:\/\/www.manaus.am.gov.br\/ccc\/prefeitura-de-manaus-disponibiliza-servicos-em-acao-promovida-pelo-cma-na-semana-do-exercito-brasileiro\/\"]}]},{\"@type\":\"ImageObject\",\"inLanguage\":\"pt-BR\",\"@id\":\"https:\/\/www.manaus.am.gov.br\/ccc\/prefeitura-de-manaus-disponibiliza-servicos-em-acao-promovida-pelo-cma-na-semana-do-exercito-brasileiro\/#primaryimage\",\"url\":\"https:\/\/www.manaus.am.gov.br\/ccc\/wp-content\/uploads\/sites\/4\/2024\/04\/53652445002_01bd56f838_k.jpg\",\"contentUrl\":\"https:\/\/www.manaus.am.gov.br\/ccc\/wp-content\/uploads\/sites\/4\/2024\/04\/53652445002_01bd56f838_k.jpg\",\"width\":2047,\"height\":1365},{\"@type\":\"WebSite\",\"@id\":\"https:\/\/www.manaus.am.gov.br\/ccc\/#website\",\"url\":\"https:\/\/www.manaus.am.gov.br\/ccc\/\",\"name\":\"CCC\",\"description\":\"Centro de Coopera\u00e7\u00e3o da Cidade\",\"alternateName\":\"Centro de Coopera\u00e7\u00e3o da Cidade\",\"potentialAction\":[{\"@type\":\"SearchAction\",\"target\":{\"@type\":\"EntryPoint\",\"urlTemplate\":\"https:\/\/www.manaus.am.gov.br\/ccc\/?s={search_term_string}\"},\"query-input\":\"required name=search_term_string\"}],\"inLanguage\":\"pt-BR\"},{\"@type\":\"Person\",\"@id\":\"https:\/\/www.manaus.am.gov.br\/ccc\/#\/schema\/person\/bfafc779be2e19b3d3ef4a59d418b606\",\"name\":\"csilveira\",\"image\":{\"@type\":\"ImageObject\",\"inLanguage\":\"pt-BR\",\"@id\":\"https:\/\/www.manaus.am.gov.br\/ccc\/#\/schema\/person\/image\/\",\"url\":\"https:\/\/secure.gravatar.com\/avatar\/9c2e2f00138fcd35401c748bd030d3b5?s=96&d=mm&r=g\",\"contentUrl\":\"https:\/\/secure.gravatar.com\/avatar\/9c2e2f00138fcd35401c748bd030d3b5?s=96&d=mm&r=g\",\"caption\":\"csilveira\"}}]}<\/script>\n<!-- \/ Yoast SEO plugin. -->","yoast_head_json":{"title":"Prefeitura de Manaus disponibiliza servi\u00e7os em a\u00e7\u00e3o promovida pelo CMA na Semana do Ex\u00e9rcito Brasileiro","robots":{"index":"index","follow":"follow","max-snippet":"max-snippet:-1","max-image-preview":"max-image-preview:large","max-video-preview":"max-video-preview:-1"},"canonical":"https:\/\/www.manaus.am.gov.br\/ccc\/prefeitura-de-manaus-disponibiliza-servicos-em-acao-promovida-pelo-cma-na-semana-do-exercito-brasileiro\/","og_locale":"pt_BR","og_type":"article","og_title":"Prefeitura de Manaus disponibiliza servi\u00e7os em a\u00e7\u00e3o promovida pelo CMA na Semana do Ex\u00e9rcito Brasileiro","og_url":"https:\/\/www.manaus.am.gov.br\/ccc\/prefeitura-de-manaus-disponibiliza-servicos-em-acao-promovida-pelo-cma-na-semana-do-exercito-brasileiro\/","og_site_name":"CCC","article_published_time":"2024-04-14T17:29:06+00:00","article_modified_time":"2024-04-14T17:29:07+00:00","og_image":[{"width":2047,"height":1365,"url":"https:\/\/www.manaus.am.gov.br\/ccc\/wp-content\/uploads\/sites\/4\/2024\/04\/53652445002_01bd56f838_k.jpg","type":"image\/jpeg"}],"author":"csilveira","twitter_card":"summary_large_image","twitter_misc":{"Written by":"csilveira","Est. reading time":"3 minutos"},"schema":{"@context":"https:\/\/schema.org","@graph":[{"@type":"WebPage","@id":"https:\/\/www.manaus.am.gov.br\/ccc\/prefeitura-de-manaus-disponibiliza-servicos-em-acao-promovida-pelo-cma-na-semana-do-exercito-brasileiro\/","url":"https:\/\/www.manaus.am.gov.br\/ccc\/prefeitura-de-manaus-disponibiliza-servicos-em-acao-promovida-pelo-cma-na-semana-do-exercito-brasileiro\/","name":"Prefeitura de Manaus disponibiliza servi\u00e7os em a\u00e7\u00e3o promovida pelo CMA na Semana do Ex\u00e9rcito Brasileiro","isPartOf":{"@id":"https:\/\/www.manaus.am.gov.br\/ccc\/#website"},"primaryImageOfPage":{"@id":"https:\/\/www.manaus.am.gov.br\/ccc\/prefeitura-de-manaus-disponibiliza-servicos-em-acao-promovida-pelo-cma-na-semana-do-exercito-brasileiro\/#primaryimage"},"image":{"@id":"https:\/\/www.manaus.am.gov.br\/ccc\/prefeitura-de-manaus-disponibiliza-servicos-em-acao-promovida-pelo-cma-na-semana-do-exercito-brasileiro\/#primaryimage"},"thumbnailUrl":"https:\/\/www.manaus.am.gov.br\/ccc\/wp-content\/uploads\/sites\/4\/2024\/04\/53652445002_01bd56f838_k.jpg","datePublished":"2024-04-14T17:29:06+00:00","dateModified":"2024-04-14T17:29:07+00:00","author":{"@id":"https:\/\/www.manaus.am.gov.br\/ccc\/#\/schema\/person\/bfafc779be2e19b3d3ef4a59d418b606"},"inLanguage":"pt-BR","potentialAction":[{"@type":"ReadAction","target":["https:\/\/www.manaus.am.gov.br\/ccc\/prefeitura-de-manaus-disponibiliza-servicos-em-acao-promovida-pelo-cma-na-semana-do-exercito-brasileiro\/"]}]},{"@type":"ImageObject","inLanguage":"pt-BR","@id":"https:\/\/www.manaus.am.gov.br\/ccc\/prefeitura-de-manaus-disponibiliza-servicos-em-acao-promovida-pelo-cma-na-semana-do-exercito-brasileiro\/#primaryimage","url":"https:\/\/www.manaus.am.gov.br\/ccc\/wp-content\/uploads\/sites\/4\/2024\/04\/53652445002_01bd56f838_k.jpg","contentUrl":"https:\/\/www.manaus.am.gov.br\/ccc\/wp-content\/uploads\/sites\/4\/2024\/04\/53652445002_01bd56f838_k.jpg","width":2047,"height":1365},{"@type":"WebSite","@id":"https:\/\/www.manaus.am.gov.br\/ccc\/#website","url":"https:\/\/www.manaus.am.gov.br\/ccc\/","name":"CCC","description":"Centro de Coopera\u00e7\u00e3o da Cidade","alternateName":"Centro de Coopera\u00e7\u00e3o da Cidade","potentialAction":[{"@type":"SearchAction","target":{"@type":"EntryPoint","urlTemplate":"https:\/\/www.manaus.am.gov.br\/ccc\/?s={search_term_string}"},"query-input":"required name=search_term_string"}],"inLanguage":"pt-BR"},{"@type":"Person","@id":"https:\/\/www.manaus.am.gov.br\/ccc\/#\/schema\/person\/bfafc779be2e19b3d3ef4a59d418b606","name":"csilveira","image":{"@type":"ImageObject","inLanguage":"pt-BR","@id":"https:\/\/www.manaus.am.gov.br\/ccc\/#\/schema\/person\/image\/","url":"https:\/\/secure.gravatar.com\/avatar\/9c2e2f00138fcd35401c748bd030d3b5?s=96&d=mm&r=g","contentUrl":"https:\/\/secure.gravatar.com\/avatar\/9c2e2f00138fcd35401c748bd030d3b5?s=96&d=mm&r=g","caption":"csilveira"}}]}},"_links":{"self":[{"href":"https:\/\/www.manaus.am.gov.br\/ccc\/wp-json\/wp\/v2\/posts\/1265"}],"collection":[{"href":"https:\/\/www.manaus.am.gov.br\/ccc\/wp-json\/wp\/v2\/posts"}],"about":[{"href":"https:\/\/www.manaus.am.gov.br\/ccc\/wp-json\/wp\/v2\/types\/post"}],"author":[{"embeddable":true,"href":"https:\/\/www.manaus.am.gov.br\/ccc\/wp-json\/wp\/v2\/users\/52"}],"replies":[{"embeddable":true,"href":"https:\/\/www.manaus.am.gov.br\/ccc\/wp-json\/wp\/v2\/comments?post=1265"}],"version-history":[{"count":0,"href":"https:\/\/www.manaus.am.gov.br\/ccc\/wp-json\/wp\/v2\/posts\/1265\/revisions"}],"wp:featuredmedia":[{"embeddable":true,"href":"https:\/\/www.manaus.am.gov.br\/ccc\/wp-json\/wp\/v2\/media\/1266"}],"wp:attachment":[{"href":"https:\/\/www.manaus.am.gov.br\/ccc\/wp-json\/wp\/v2\/media?parent=1265"}],"wp:term":[{"taxonomy":"category","embeddable":true,"href":"https:\/\/www.manaus.am.gov.br\/ccc\/wp-json\/wp\/v2\/categories?post=1265"},{"taxonomy":"post_tag","embeddable":true,"href":"https:\/\/www.manaus.am.gov.br\/ccc\/wp-json\/wp\/v2\/tags?post=1265"}],"curies":[{"name":"wp","href":"https:\/\/api.w.org\/{rel}","templated":true}]}}