{"id":1213,"date":"2024-03-18T07:59:31","date_gmt":"2024-03-18T11:59:31","guid":{"rendered":"https:\/\/www.manaus.am.gov.br\/ccc\/previsao-ccc-1803\/"},"modified":"2024-03-18T08:05:24","modified_gmt":"2024-03-18T12:05:24","slug":"previsao-ccc-1803","status":"publish","type":"post","link":"https:\/\/www.manaus.am.gov.br\/ccc\/previsao-ccc-1803\/","title":{"rendered":"Prefeitura de Manaus informa previs\u00e3o do tempo para esta segunda-feira, 18\/3"},"content":{"rendered":"\n<p>A Prefeitura de Manaus, por meio do Centro de Coopera\u00e7\u00e3o da Cidade (CCC), informa a previs\u00e3o meteorol\u00f3gica para esta segunda-feira, 18\/3, que indica c\u00e9u parcialmente nublado na capital amazonense, com ocorr\u00eancia de chuvas isoladas.<\/p>\n\n\n\n<p>As temperaturas devem variar entre 25\u00b0C como m\u00ednima e 31\u00b0C como m\u00e1xima, proporcionando um clima ameno ao longo do dia.<\/p>\n\n\n\n<p>Quanto \u00e0 umidade, a previs\u00e3o \u00e9 que fique entre 75% como m\u00ednima e 95% como m\u00e1xima, indicando um ambiente \u00famido na regi\u00e3o.<\/p>\n\n\n\n<p><strong>Canal de atendimento 24 horas<\/strong><\/p>\n\n\n\n<p>Em caso de ocorr\u00eancias, para assist\u00eancia imediata, os cidad\u00e3os podem entrar em contato ligando para o Disque 199 (Defesa Civil), do Centro de Coopera\u00e7\u00e3o da Cidade (CCC), que opera 24 horas.<\/p>\n\n\n\n<p>\u00c9 importante ressaltar que o sistema atmosf\u00e9rico \u00e9 din\u00e2mico e a Prefeitura de Manaus continuar\u00e1 monitorando os dados de previs\u00e3o para fornecer atualiza\u00e7\u00f5es caso haja altera\u00e7\u00f5es significativas.<\/p>\n\n\n\n<p>_ _ _&nbsp;<\/p>\n\n\n\n<p><strong>Texto<\/strong> &#8211; Samira El kebbe \/ CCC<\/p>\n","protected":false},"excerpt":{"rendered":"","protected":false},"author":23,"featured_media":381,"comment_status":"closed","ping_status":"closed","sticky":false,"template":"","format":"standard","meta":{"footnotes":""},"categories":[73],"tags":[11,115,38,439],"acf":[],"yoast_head":"<!-- This site is optimized with the Yoast SEO plugin v23.0 - https:\/\/yoast.com\/wordpress\/plugins\/seo\/ -->\n<title>Prefeitura de Manaus informa previs\u00e3o do tempo para esta segunda-feira, 18\/3<\/title>\n<meta name=\"description\" content=\"A Prefeitura de Manaus, por meio do Centro de Coopera\u00e7\u00e3o da Cidade (CCC), informa a previs\u00e3o meteorol\u00f3gica para esta segunda-feira, 18\/3, que indica c\u00e9u parcialmente nublado na capital amazonense, com ocorr\u00eancia de chuvas isoladas.\" \/>\n<meta name=\"robots\" content=\"index, follow, max-snippet:-1, max-image-preview:large, max-video-preview:-1\" \/>\n<link rel=\"canonical\" href=\"https:\/\/www.manaus.am.gov.br\/ccc\/previsao-ccc-1803\/\" \/>\n<meta property=\"og:locale\" content=\"pt_BR\" \/>\n<meta property=\"og:type\" content=\"article\" \/>\n<meta property=\"og:title\" content=\"Prefeitura de Manaus informa previs\u00e3o do tempo para esta segunda-feira, 18\/3\" \/>\n<meta property=\"og:description\" content=\"A Prefeitura de Manaus, por meio do Centro de Coopera\u00e7\u00e3o da Cidade (CCC), informa a previs\u00e3o meteorol\u00f3gica para esta segunda-feira, 18\/3, que indica c\u00e9u parcialmente nublado na capital amazonense, com ocorr\u00eancia de chuvas isoladas.\" \/>\n<meta property=\"og:url\" content=\"https:\/\/www.manaus.am.gov.br\/ccc\/previsao-ccc-1803\/\" \/>\n<meta property=\"og:site_name\" content=\"CCC\" \/>\n<meta property=\"article:published_time\" content=\"2024-03-18T11:59:31+00:00\" \/>\n<meta property=\"article:modified_time\" content=\"2024-03-18T12:05:24+00:00\" \/>\n<meta property=\"og:image\" content=\"https:\/\/www.manaus.am.gov.br\/ccc\/wp-content\/uploads\/sites\/4\/2023\/03\/Nota-1.png\" \/>\n\t<meta property=\"og:image:width\" content=\"900\" \/>\n\t<meta property=\"og:image:height\" content=\"509\" \/>\n\t<meta property=\"og:image:type\" content=\"image\/png\" \/>\n<meta name=\"author\" content=\"Adriana Costa\" \/>\n<meta name=\"twitter:card\" content=\"summary_large_image\" \/>\n<meta name=\"twitter:label1\" content=\"Written by\" \/>\n\t<meta name=\"twitter:data1\" content=\"Adriana Costa\" \/>\n\t<meta name=\"twitter:label2\" content=\"Est. reading time\" \/>\n\t<meta name=\"twitter:data2\" content=\"1 minuto\" \/>\n<script type=\"application\/ld+json\" class=\"yoast-schema-graph\">{\"@context\":\"https:\/\/schema.org\",\"@graph\":[{\"@type\":\"WebPage\",\"@id\":\"https:\/\/www.manaus.am.gov.br\/ccc\/previsao-ccc-1803\/\",\"url\":\"https:\/\/www.manaus.am.gov.br\/ccc\/previsao-ccc-1803\/\",\"name\":\"Prefeitura de Manaus informa previs\u00e3o do tempo para esta segunda-feira, 18\/3\",\"isPartOf\":{\"@id\":\"https:\/\/www.manaus.am.gov.br\/ccc\/#website\"},\"primaryImageOfPage\":{\"@id\":\"https:\/\/www.manaus.am.gov.br\/ccc\/previsao-ccc-1803\/#primaryimage\"},\"image\":{\"@id\":\"https:\/\/www.manaus.am.gov.br\/ccc\/previsao-ccc-1803\/#primaryimage\"},\"thumbnailUrl\":\"https:\/\/www.manaus.am.gov.br\/ccc\/wp-content\/uploads\/sites\/4\/2023\/03\/Nota-1.png\",\"datePublished\":\"2024-03-18T11:59:31+00:00\",\"dateModified\":\"2024-03-18T12:05:24+00:00\",\"author\":{\"@id\":\"https:\/\/www.manaus.am.gov.br\/ccc\/#\/schema\/person\/4e49f4e267757a06ca072ec61b2b9968\"},\"description\":\"A Prefeitura de Manaus, por meio do Centro de Coopera\u00e7\u00e3o da Cidade (CCC), informa a previs\u00e3o meteorol\u00f3gica para esta segunda-feira, 18\/3, que indica c\u00e9u parcialmente nublado na capital amazonense, com ocorr\u00eancia de chuvas isoladas.\",\"inLanguage\":\"pt-BR\",\"potentialAction\":[{\"@type\":\"ReadAction\",\"target\":[\"https:\/\/www.manaus.am.gov.br\/ccc\/previsao-ccc-1803\/\"]}]},{\"@type\":\"ImageObject\",\"inLanguage\":\"pt-BR\",\"@id\":\"https:\/\/www.manaus.am.gov.br\/ccc\/previsao-ccc-1803\/#primaryimage\",\"url\":\"https:\/\/www.manaus.am.gov.br\/ccc\/wp-content\/uploads\/sites\/4\/2023\/03\/Nota-1.png\",\"contentUrl\":\"https:\/\/www.manaus.am.gov.br\/ccc\/wp-content\/uploads\/sites\/4\/2023\/03\/Nota-1.png\",\"width\":900,\"height\":509},{\"@type\":\"WebSite\",\"@id\":\"https:\/\/www.manaus.am.gov.br\/ccc\/#website\",\"url\":\"https:\/\/www.manaus.am.gov.br\/ccc\/\",\"name\":\"CCC\",\"description\":\"Centro de Coopera\u00e7\u00e3o da Cidade\",\"alternateName\":\"Centro de Coopera\u00e7\u00e3o da Cidade\",\"potentialAction\":[{\"@type\":\"SearchAction\",\"target\":{\"@type\":\"EntryPoint\",\"urlTemplate\":\"https:\/\/www.manaus.am.gov.br\/ccc\/?s={search_term_string}\"},\"query-input\":\"required name=search_term_string\"}],\"inLanguage\":\"pt-BR\"},{\"@type\":\"Person\",\"@id\":\"https:\/\/www.manaus.am.gov.br\/ccc\/#\/schema\/person\/4e49f4e267757a06ca072ec61b2b9968\",\"name\":\"Adriana Costa\",\"image\":{\"@type\":\"ImageObject\",\"inLanguage\":\"pt-BR\",\"@id\":\"https:\/\/www.manaus.am.gov.br\/ccc\/#\/schema\/person\/image\/\",\"url\":\"https:\/\/secure.gravatar.com\/avatar\/576258617ef7194f718179e766d57bd4?s=96&d=mm&r=g\",\"contentUrl\":\"https:\/\/secure.gravatar.com\/avatar\/576258617ef7194f718179e766d57bd4?s=96&d=mm&r=g\",\"caption\":\"Adriana Costa\"}}]}<\/script>\n<!-- \/ Yoast SEO plugin. -->","yoast_head_json":{"title":"Prefeitura de Manaus informa previs\u00e3o do tempo para esta segunda-feira, 18\/3","description":"A Prefeitura de Manaus, por meio do Centro de Coopera\u00e7\u00e3o da Cidade (CCC), informa a previs\u00e3o meteorol\u00f3gica para esta segunda-feira, 18\/3, que indica c\u00e9u parcialmente nublado na capital amazonense, com ocorr\u00eancia de chuvas isoladas.","robots":{"index":"index","follow":"follow","max-snippet":"max-snippet:-1","max-image-preview":"max-image-preview:large","max-video-preview":"max-video-preview:-1"},"canonical":"https:\/\/www.manaus.am.gov.br\/ccc\/previsao-ccc-1803\/","og_locale":"pt_BR","og_type":"article","og_title":"Prefeitura de Manaus informa previs\u00e3o do tempo para esta segunda-feira, 18\/3","og_description":"A Prefeitura de Manaus, por meio do Centro de Coopera\u00e7\u00e3o da Cidade (CCC), informa a previs\u00e3o meteorol\u00f3gica para esta segunda-feira, 18\/3, que indica c\u00e9u parcialmente nublado na capital amazonense, com ocorr\u00eancia de chuvas isoladas.","og_url":"https:\/\/www.manaus.am.gov.br\/ccc\/previsao-ccc-1803\/","og_site_name":"CCC","article_published_time":"2024-03-18T11:59:31+00:00","article_modified_time":"2024-03-18T12:05:24+00:00","og_image":[{"width":900,"height":509,"url":"https:\/\/www.manaus.am.gov.br\/ccc\/wp-content\/uploads\/sites\/4\/2023\/03\/Nota-1.png","type":"image\/png"}],"author":"Adriana Costa","twitter_card":"summary_large_image","twitter_misc":{"Written by":"Adriana Costa","Est. reading time":"1 minuto"},"schema":{"@context":"https:\/\/schema.org","@graph":[{"@type":"WebPage","@id":"https:\/\/www.manaus.am.gov.br\/ccc\/previsao-ccc-1803\/","url":"https:\/\/www.manaus.am.gov.br\/ccc\/previsao-ccc-1803\/","name":"Prefeitura de Manaus informa previs\u00e3o do tempo para esta segunda-feira, 18\/3","isPartOf":{"@id":"https:\/\/www.manaus.am.gov.br\/ccc\/#website"},"primaryImageOfPage":{"@id":"https:\/\/www.manaus.am.gov.br\/ccc\/previsao-ccc-1803\/#primaryimage"},"image":{"@id":"https:\/\/www.manaus.am.gov.br\/ccc\/previsao-ccc-1803\/#primaryimage"},"thumbnailUrl":"https:\/\/www.manaus.am.gov.br\/ccc\/wp-content\/uploads\/sites\/4\/2023\/03\/Nota-1.png","datePublished":"2024-03-18T11:59:31+00:00","dateModified":"2024-03-18T12:05:24+00:00","author":{"@id":"https:\/\/www.manaus.am.gov.br\/ccc\/#\/schema\/person\/4e49f4e267757a06ca072ec61b2b9968"},"description":"A Prefeitura de Manaus, por meio do Centro de Coopera\u00e7\u00e3o da Cidade (CCC), informa a previs\u00e3o meteorol\u00f3gica para esta segunda-feira, 18\/3, que indica c\u00e9u parcialmente nublado na capital amazonense, com ocorr\u00eancia de chuvas isoladas.","inLanguage":"pt-BR","potentialAction":[{"@type":"ReadAction","target":["https:\/\/www.manaus.am.gov.br\/ccc\/previsao-ccc-1803\/"]}]},{"@type":"ImageObject","inLanguage":"pt-BR","@id":"https:\/\/www.manaus.am.gov.br\/ccc\/previsao-ccc-1803\/#primaryimage","url":"https:\/\/www.manaus.am.gov.br\/ccc\/wp-content\/uploads\/sites\/4\/2023\/03\/Nota-1.png","contentUrl":"https:\/\/www.manaus.am.gov.br\/ccc\/wp-content\/uploads\/sites\/4\/2023\/03\/Nota-1.png","width":900,"height":509},{"@type":"WebSite","@id":"https:\/\/www.manaus.am.gov.br\/ccc\/#website","url":"https:\/\/www.manaus.am.gov.br\/ccc\/","name":"CCC","description":"Centro de Coopera\u00e7\u00e3o da Cidade","alternateName":"Centro de Coopera\u00e7\u00e3o da Cidade","potentialAction":[{"@type":"SearchAction","target":{"@type":"EntryPoint","urlTemplate":"https:\/\/www.manaus.am.gov.br\/ccc\/?s={search_term_string}"},"query-input":"required name=search_term_string"}],"inLanguage":"pt-BR"},{"@type":"Person","@id":"https:\/\/www.manaus.am.gov.br\/ccc\/#\/schema\/person\/4e49f4e267757a06ca072ec61b2b9968","name":"Adriana Costa","image":{"@type":"ImageObject","inLanguage":"pt-BR","@id":"https:\/\/www.manaus.am.gov.br\/ccc\/#\/schema\/person\/image\/","url":"https:\/\/secure.gravatar.com\/avatar\/576258617ef7194f718179e766d57bd4?s=96&d=mm&r=g","contentUrl":"https:\/\/secure.gravatar.com\/avatar\/576258617ef7194f718179e766d57bd4?s=96&d=mm&r=g","caption":"Adriana Costa"}}]}},"_links":{"self":[{"href":"https:\/\/www.manaus.am.gov.br\/ccc\/wp-json\/wp\/v2\/posts\/1213"}],"collection":[{"href":"https:\/\/www.manaus.am.gov.br\/ccc\/wp-json\/wp\/v2\/posts"}],"about":[{"href":"https:\/\/www.manaus.am.gov.br\/ccc\/wp-json\/wp\/v2\/types\/post"}],"author":[{"embeddable":true,"href":"https:\/\/www.manaus.am.gov.br\/ccc\/wp-json\/wp\/v2\/users\/23"}],"replies":[{"embeddable":true,"href":"https:\/\/www.manaus.am.gov.br\/ccc\/wp-json\/wp\/v2\/comments?post=1213"}],"version-history":[{"count":1,"href":"https:\/\/www.manaus.am.gov.br\/ccc\/wp-json\/wp\/v2\/posts\/1213\/revisions"}],"predecessor-version":[{"id":1214,"href":"https:\/\/www.manaus.am.gov.br\/ccc\/wp-json\/wp\/v2\/posts\/1213\/revisions\/1214"}],"wp:featuredmedia":[{"embeddable":true,"href":"https:\/\/www.manaus.am.gov.br\/ccc\/wp-json\/wp\/v2\/media\/381"}],"wp:attachment":[{"href":"https:\/\/www.manaus.am.gov.br\/ccc\/wp-json\/wp\/v2\/media?parent=1213"}],"wp:term":[{"taxonomy":"category","embeddable":true,"href":"https:\/\/www.manaus.am.gov.br\/ccc\/wp-json\/wp\/v2\/categories?post=1213"},{"taxonomy":"post_tag","embeddable":true,"href":"https:\/\/www.manaus.am.gov.br\/ccc\/wp-json\/wp\/v2\/tags?post=1213"}],"curies":[{"name":"wp","href":"https:\/\/api.w.org\/{rel}","templated":true}]}}