{"id":1179,"date":"2024-03-05T07:30:00","date_gmt":"2024-03-05T11:30:00","guid":{"rendered":"https:\/\/www.manaus.am.gov.br\/ccc\/?p=1179"},"modified":"2024-03-05T07:50:21","modified_gmt":"2024-03-05T11:50:21","slug":"prefeitura-de-manaus-informa-previsao-climatica-para-terca-feira-5-3","status":"publish","type":"post","link":"https:\/\/www.manaus.am.gov.br\/ccc\/prefeitura-de-manaus-informa-previsao-climatica-para-terca-feira-5-3\/","title":{"rendered":"Prefeitura de Manaus informa previs\u00e3o clim\u00e1tica para ter\u00e7a-feira, 5\/3"},"content":{"rendered":"\n<p>A Prefeitura de Manaus, por meio do Centro de Coopera\u00e7\u00e3o da Cidade (CCC), informa a previs\u00e3o do tempo para esta ter\u00e7a-feira, dia 5 de mar\u00e7o, na capital do Amazonas.<\/p>\n\n\n\n<p>O c\u00e9u dever\u00e1 estar parcialmente nublado, com ocorr\u00eancia de chuvas isoladas durante a tarde. As temperaturas podem variar entre 25\u00b0C e 33\u00b0C, acompanhadas de uma umidade m\u00ednima de 60% e m\u00e1xima de 95%.<\/p>\n\n\n\n<p>Recomenda-se que os cidad\u00e3os estejam preparados para as condi\u00e7\u00f5es clim\u00e1ticas do dia, especialmente durante o per\u00edodo da tarde, quando h\u00e1 possibilidade de chuvas isoladas.<\/p>\n\n\n\n<p><strong>Canal de Atendimento 24h<\/strong><\/p>\n\n\n\n<p>Para obter assist\u00eancia imediata, os cidad\u00e3os podem entrar em contato com um dos servi\u00e7os de emerg\u00eancia dispon\u00edveis no Contact Center do CCC ligando para o Disque 199 (Defesa Civil), que opera 24 horas por dia.<\/p>\n\n\n\n<p>\u00c9 importante estar atento \u00e0s atualiza\u00e7\u00f5es meteorol\u00f3gicas e seguir as orienta\u00e7\u00f5es da Prefeitura de Manaus.<\/p>\n\n\n\n<p><strong>Fonte:<\/strong> Defesa Civil de Manaus \/ Sepdec<\/p>\n\n\n\n<p>&#8212; &#8212; &#8212;<\/p>\n\n\n\n<p><strong>Texto<\/strong> &#8211; Samira El kebbe \/ CCC<\/p>\n","protected":false},"excerpt":{"rendered":"","protected":false},"author":61,"featured_media":381,"comment_status":"closed","ping_status":"closed","sticky":false,"template":"","format":"standard","meta":{"footnotes":""},"categories":[422],"tags":[11,38,432],"acf":[],"yoast_head":"<!-- This site is optimized with the Yoast SEO plugin v23.0 - https:\/\/yoast.com\/wordpress\/plugins\/seo\/ -->\n<title>Prefeitura de Manaus informa previs\u00e3o clim\u00e1tica para ter\u00e7a-feira, 5<\/title>\n<meta name=\"description\" content=\"A Prefeitura de Manaus, por meio do CCC, informa a previs\u00e3o do tempo para esta ter\u00e7a-feira, dia 5 de mar\u00e7o, na capital do Amazonas.\" \/>\n<meta name=\"robots\" content=\"index, follow, max-snippet:-1, max-image-preview:large, max-video-preview:-1\" \/>\n<link rel=\"canonical\" href=\"https:\/\/www.manaus.am.gov.br\/ccc\/prefeitura-de-manaus-informa-previsao-climatica-para-terca-feira-5-3\/\" \/>\n<meta property=\"og:locale\" content=\"pt_BR\" \/>\n<meta property=\"og:type\" content=\"article\" \/>\n<meta property=\"og:title\" content=\"Prefeitura de Manaus informa previs\u00e3o clim\u00e1tica para ter\u00e7a-feira, 5\" \/>\n<meta property=\"og:description\" content=\"A Prefeitura de Manaus, por meio do CCC, informa a previs\u00e3o do tempo para esta ter\u00e7a-feira, dia 5 de mar\u00e7o, na capital do Amazonas.\" \/>\n<meta property=\"og:url\" content=\"https:\/\/www.manaus.am.gov.br\/ccc\/prefeitura-de-manaus-informa-previsao-climatica-para-terca-feira-5-3\/\" \/>\n<meta property=\"og:site_name\" content=\"CCC\" \/>\n<meta property=\"article:published_time\" content=\"2024-03-05T11:30:00+00:00\" \/>\n<meta property=\"article:modified_time\" content=\"2024-03-05T11:50:21+00:00\" \/>\n<meta property=\"og:image\" content=\"https:\/\/www.manaus.am.gov.br\/ccc\/wp-content\/uploads\/sites\/4\/2023\/03\/Nota-1.png\" \/>\n\t<meta property=\"og:image:width\" content=\"900\" \/>\n\t<meta property=\"og:image:height\" content=\"509\" \/>\n\t<meta property=\"og:image:type\" content=\"image\/png\" \/>\n<meta name=\"author\" content=\"smonteiro\" \/>\n<meta name=\"twitter:card\" content=\"summary_large_image\" \/>\n<meta name=\"twitter:label1\" content=\"Written by\" \/>\n\t<meta name=\"twitter:data1\" content=\"smonteiro\" \/>\n\t<meta name=\"twitter:label2\" content=\"Est. reading time\" \/>\n\t<meta name=\"twitter:data2\" content=\"2 minutos\" \/>\n<script type=\"application\/ld+json\" class=\"yoast-schema-graph\">{\"@context\":\"https:\/\/schema.org\",\"@graph\":[{\"@type\":\"WebPage\",\"@id\":\"https:\/\/www.manaus.am.gov.br\/ccc\/prefeitura-de-manaus-informa-previsao-climatica-para-terca-feira-5-3\/\",\"url\":\"https:\/\/www.manaus.am.gov.br\/ccc\/prefeitura-de-manaus-informa-previsao-climatica-para-terca-feira-5-3\/\",\"name\":\"Prefeitura de Manaus informa previs\u00e3o clim\u00e1tica para ter\u00e7a-feira, 5\",\"isPartOf\":{\"@id\":\"https:\/\/www.manaus.am.gov.br\/ccc\/#website\"},\"primaryImageOfPage\":{\"@id\":\"https:\/\/www.manaus.am.gov.br\/ccc\/prefeitura-de-manaus-informa-previsao-climatica-para-terca-feira-5-3\/#primaryimage\"},\"image\":{\"@id\":\"https:\/\/www.manaus.am.gov.br\/ccc\/prefeitura-de-manaus-informa-previsao-climatica-para-terca-feira-5-3\/#primaryimage\"},\"thumbnailUrl\":\"https:\/\/www.manaus.am.gov.br\/ccc\/wp-content\/uploads\/sites\/4\/2023\/03\/Nota-1.png\",\"datePublished\":\"2024-03-05T11:30:00+00:00\",\"dateModified\":\"2024-03-05T11:50:21+00:00\",\"author\":{\"@id\":\"https:\/\/www.manaus.am.gov.br\/ccc\/#\/schema\/person\/ab4dcf766a54dff74e8d267f5c591961\"},\"description\":\"A Prefeitura de Manaus, por meio do CCC, informa a previs\u00e3o do tempo para esta ter\u00e7a-feira, dia 5 de mar\u00e7o, na capital do Amazonas.\",\"inLanguage\":\"pt-BR\",\"potentialAction\":[{\"@type\":\"ReadAction\",\"target\":[\"https:\/\/www.manaus.am.gov.br\/ccc\/prefeitura-de-manaus-informa-previsao-climatica-para-terca-feira-5-3\/\"]}]},{\"@type\":\"ImageObject\",\"inLanguage\":\"pt-BR\",\"@id\":\"https:\/\/www.manaus.am.gov.br\/ccc\/prefeitura-de-manaus-informa-previsao-climatica-para-terca-feira-5-3\/#primaryimage\",\"url\":\"https:\/\/www.manaus.am.gov.br\/ccc\/wp-content\/uploads\/sites\/4\/2023\/03\/Nota-1.png\",\"contentUrl\":\"https:\/\/www.manaus.am.gov.br\/ccc\/wp-content\/uploads\/sites\/4\/2023\/03\/Nota-1.png\",\"width\":900,\"height\":509},{\"@type\":\"WebSite\",\"@id\":\"https:\/\/www.manaus.am.gov.br\/ccc\/#website\",\"url\":\"https:\/\/www.manaus.am.gov.br\/ccc\/\",\"name\":\"CCC\",\"description\":\"Centro de Coopera\u00e7\u00e3o da Cidade\",\"alternateName\":\"Centro de Coopera\u00e7\u00e3o da Cidade\",\"potentialAction\":[{\"@type\":\"SearchAction\",\"target\":{\"@type\":\"EntryPoint\",\"urlTemplate\":\"https:\/\/www.manaus.am.gov.br\/ccc\/?s={search_term_string}\"},\"query-input\":\"required name=search_term_string\"}],\"inLanguage\":\"pt-BR\"},{\"@type\":\"Person\",\"@id\":\"https:\/\/www.manaus.am.gov.br\/ccc\/#\/schema\/person\/ab4dcf766a54dff74e8d267f5c591961\",\"name\":\"smonteiro\",\"image\":{\"@type\":\"ImageObject\",\"inLanguage\":\"pt-BR\",\"@id\":\"https:\/\/www.manaus.am.gov.br\/ccc\/#\/schema\/person\/image\/\",\"url\":\"https:\/\/secure.gravatar.com\/avatar\/21c8776ef61d9272c73322052e042d77?s=96&d=mm&r=g\",\"contentUrl\":\"https:\/\/secure.gravatar.com\/avatar\/21c8776ef61d9272c73322052e042d77?s=96&d=mm&r=g\",\"caption\":\"smonteiro\"}}]}<\/script>\n<!-- \/ Yoast SEO plugin. -->","yoast_head_json":{"title":"Prefeitura de Manaus informa previs\u00e3o clim\u00e1tica para ter\u00e7a-feira, 5","description":"A Prefeitura de Manaus, por meio do CCC, informa a previs\u00e3o do tempo para esta ter\u00e7a-feira, dia 5 de mar\u00e7o, na capital do Amazonas.","robots":{"index":"index","follow":"follow","max-snippet":"max-snippet:-1","max-image-preview":"max-image-preview:large","max-video-preview":"max-video-preview:-1"},"canonical":"https:\/\/www.manaus.am.gov.br\/ccc\/prefeitura-de-manaus-informa-previsao-climatica-para-terca-feira-5-3\/","og_locale":"pt_BR","og_type":"article","og_title":"Prefeitura de Manaus informa previs\u00e3o clim\u00e1tica para ter\u00e7a-feira, 5","og_description":"A Prefeitura de Manaus, por meio do CCC, informa a previs\u00e3o do tempo para esta ter\u00e7a-feira, dia 5 de mar\u00e7o, na capital do Amazonas.","og_url":"https:\/\/www.manaus.am.gov.br\/ccc\/prefeitura-de-manaus-informa-previsao-climatica-para-terca-feira-5-3\/","og_site_name":"CCC","article_published_time":"2024-03-05T11:30:00+00:00","article_modified_time":"2024-03-05T11:50:21+00:00","og_image":[{"width":900,"height":509,"url":"https:\/\/www.manaus.am.gov.br\/ccc\/wp-content\/uploads\/sites\/4\/2023\/03\/Nota-1.png","type":"image\/png"}],"author":"smonteiro","twitter_card":"summary_large_image","twitter_misc":{"Written by":"smonteiro","Est. reading time":"2 minutos"},"schema":{"@context":"https:\/\/schema.org","@graph":[{"@type":"WebPage","@id":"https:\/\/www.manaus.am.gov.br\/ccc\/prefeitura-de-manaus-informa-previsao-climatica-para-terca-feira-5-3\/","url":"https:\/\/www.manaus.am.gov.br\/ccc\/prefeitura-de-manaus-informa-previsao-climatica-para-terca-feira-5-3\/","name":"Prefeitura de Manaus informa previs\u00e3o clim\u00e1tica para ter\u00e7a-feira, 5","isPartOf":{"@id":"https:\/\/www.manaus.am.gov.br\/ccc\/#website"},"primaryImageOfPage":{"@id":"https:\/\/www.manaus.am.gov.br\/ccc\/prefeitura-de-manaus-informa-previsao-climatica-para-terca-feira-5-3\/#primaryimage"},"image":{"@id":"https:\/\/www.manaus.am.gov.br\/ccc\/prefeitura-de-manaus-informa-previsao-climatica-para-terca-feira-5-3\/#primaryimage"},"thumbnailUrl":"https:\/\/www.manaus.am.gov.br\/ccc\/wp-content\/uploads\/sites\/4\/2023\/03\/Nota-1.png","datePublished":"2024-03-05T11:30:00+00:00","dateModified":"2024-03-05T11:50:21+00:00","author":{"@id":"https:\/\/www.manaus.am.gov.br\/ccc\/#\/schema\/person\/ab4dcf766a54dff74e8d267f5c591961"},"description":"A Prefeitura de Manaus, por meio do CCC, informa a previs\u00e3o do tempo para esta ter\u00e7a-feira, dia 5 de mar\u00e7o, na capital do Amazonas.","inLanguage":"pt-BR","potentialAction":[{"@type":"ReadAction","target":["https:\/\/www.manaus.am.gov.br\/ccc\/prefeitura-de-manaus-informa-previsao-climatica-para-terca-feira-5-3\/"]}]},{"@type":"ImageObject","inLanguage":"pt-BR","@id":"https:\/\/www.manaus.am.gov.br\/ccc\/prefeitura-de-manaus-informa-previsao-climatica-para-terca-feira-5-3\/#primaryimage","url":"https:\/\/www.manaus.am.gov.br\/ccc\/wp-content\/uploads\/sites\/4\/2023\/03\/Nota-1.png","contentUrl":"https:\/\/www.manaus.am.gov.br\/ccc\/wp-content\/uploads\/sites\/4\/2023\/03\/Nota-1.png","width":900,"height":509},{"@type":"WebSite","@id":"https:\/\/www.manaus.am.gov.br\/ccc\/#website","url":"https:\/\/www.manaus.am.gov.br\/ccc\/","name":"CCC","description":"Centro de Coopera\u00e7\u00e3o da Cidade","alternateName":"Centro de Coopera\u00e7\u00e3o da Cidade","potentialAction":[{"@type":"SearchAction","target":{"@type":"EntryPoint","urlTemplate":"https:\/\/www.manaus.am.gov.br\/ccc\/?s={search_term_string}"},"query-input":"required name=search_term_string"}],"inLanguage":"pt-BR"},{"@type":"Person","@id":"https:\/\/www.manaus.am.gov.br\/ccc\/#\/schema\/person\/ab4dcf766a54dff74e8d267f5c591961","name":"smonteiro","image":{"@type":"ImageObject","inLanguage":"pt-BR","@id":"https:\/\/www.manaus.am.gov.br\/ccc\/#\/schema\/person\/image\/","url":"https:\/\/secure.gravatar.com\/avatar\/21c8776ef61d9272c73322052e042d77?s=96&d=mm&r=g","contentUrl":"https:\/\/secure.gravatar.com\/avatar\/21c8776ef61d9272c73322052e042d77?s=96&d=mm&r=g","caption":"smonteiro"}}]}},"_links":{"self":[{"href":"https:\/\/www.manaus.am.gov.br\/ccc\/wp-json\/wp\/v2\/posts\/1179"}],"collection":[{"href":"https:\/\/www.manaus.am.gov.br\/ccc\/wp-json\/wp\/v2\/posts"}],"about":[{"href":"https:\/\/www.manaus.am.gov.br\/ccc\/wp-json\/wp\/v2\/types\/post"}],"author":[{"embeddable":true,"href":"https:\/\/www.manaus.am.gov.br\/ccc\/wp-json\/wp\/v2\/users\/61"}],"replies":[{"embeddable":true,"href":"https:\/\/www.manaus.am.gov.br\/ccc\/wp-json\/wp\/v2\/comments?post=1179"}],"version-history":[{"count":1,"href":"https:\/\/www.manaus.am.gov.br\/ccc\/wp-json\/wp\/v2\/posts\/1179\/revisions"}],"predecessor-version":[{"id":1180,"href":"https:\/\/www.manaus.am.gov.br\/ccc\/wp-json\/wp\/v2\/posts\/1179\/revisions\/1180"}],"wp:featuredmedia":[{"embeddable":true,"href":"https:\/\/www.manaus.am.gov.br\/ccc\/wp-json\/wp\/v2\/media\/381"}],"wp:attachment":[{"href":"https:\/\/www.manaus.am.gov.br\/ccc\/wp-json\/wp\/v2\/media?parent=1179"}],"wp:term":[{"taxonomy":"category","embeddable":true,"href":"https:\/\/www.manaus.am.gov.br\/ccc\/wp-json\/wp\/v2\/categories?post=1179"},{"taxonomy":"post_tag","embeddable":true,"href":"https:\/\/www.manaus.am.gov.br\/ccc\/wp-json\/wp\/v2\/tags?post=1179"}],"curies":[{"name":"wp","href":"https:\/\/api.w.org\/{rel}","templated":true}]}}