{"id":1073,"date":"2024-01-16T19:26:39","date_gmt":"2024-01-16T23:26:39","guid":{"rendered":"https:\/\/www.manaus.am.gov.br\/ccc\/prefeitura-fara-monitoramento-inteligente-no-jogo-flamengo-x-audax-nesta-quarta-feira-na-arena-da-amazonia\/"},"modified":"2024-01-16T19:26:41","modified_gmt":"2024-01-16T23:26:41","slug":"prefeitura-fara-monitoramento-inteligente-no-jogo-flamengo-x-audax-nesta-quarta-feira-na-arena-da-amazonia","status":"publish","type":"post","link":"https:\/\/www.manaus.am.gov.br\/ccc\/prefeitura-fara-monitoramento-inteligente-no-jogo-flamengo-x-audax-nesta-quarta-feira-na-arena-da-amazonia\/","title":{"rendered":"Prefeitura far\u00e1 monitoramento inteligente no jogo Flamengo x Audax nesta quarta-feira, na Arena da Amaz\u00f4nia"},"content":{"rendered":"\n<p>A Prefeitura de Manaus, por meio do Centro de Coopera\u00e7\u00e3o da Cidade (CCC), realizar\u00e1 o monitoramento por imagens do per\u00edmetro externo da Arena da Amaz\u00f4nia, na avenida Constantino Nery, zona Centro-Sul, para garantir o ordenamento durante o confronto entre Flamengo e Audax, com in\u00edcio \u00e0s 20h30 (hor\u00e1rio local), desta quarta-feira, 17\/1. A partida \u00e9 v\u00e1lida pela primeira rodada do Campeonato Carioca de 2024.<\/p>\n\n\n\n<p>O CCC, com o prop\u00f3sito de assegurar o bem-estar dos cidad\u00e3os, implementar\u00e1 um avan\u00e7ado sistema de monitoramento por imagens no per\u00edmetro externo da Arena da Amaz\u00f4nia. Com a utiliza\u00e7\u00e3o das c\u00e2meras anal\u00edticas do modelo Bullet 2MP, o Centro realizar\u00e1 um acompanhamento minucioso, sem precedentes, de cada metro das vias circundantes ao est\u00e1dio.<\/p>\n\n\n\n<p>A utiliza\u00e7\u00e3o das c\u00e2meras anal\u00edticas permitir\u00e1 o acompanhamento nos dois sentidos das vias pr\u00f3ximas ao est\u00e1dio, tanto no sentido bairro\/Centro como no sentido contr\u00e1rio. O superintendente do CCC, Sandro Diz, destacou a import\u00e2ncia desse avan\u00e7o tecnol\u00f3gico para o controle de p\u00fablico e organiza\u00e7\u00e3o do evento esportivo.<\/p>\n\n\n\n<p>&#8220;Estamos comprometidos em garantir um ambiente controlado para todos os envolvidos no jogo Flamengo x Audax. A utiliza\u00e7\u00e3o dessas tecnologias inovadoras nos permite monitorar de forma eficaz cada metro das vias circundantes \u00e0 Arena da Amaz\u00f4nia, proporcionando tranquilidade aos torcedores e garantindo a ordem durante o evento\u201d, afirmou.<\/p>\n\n\n\n<p>&#8212; &#8212; &#8212;<\/p>\n\n\n\n<p><strong>Texto <\/strong>&#8211; Samira El kebbe \/ CCC<\/p>\n\n\n\n<p><strong>Foto<\/strong> \u2013 Divulga\u00e7\u00e3o \/ CCC<\/p>\n","protected":false},"excerpt":{"rendered":"","protected":false},"author":61,"featured_media":1074,"comment_status":"closed","ping_status":"closed","sticky":false,"template":"","format":"standard","meta":{"footnotes":""},"categories":[408],"tags":[233,409,11,410,411,412,38],"acf":[],"yoast_head":"<!-- This site is optimized with the Yoast SEO plugin v23.0 - https:\/\/yoast.com\/wordpress\/plugins\/seo\/ -->\n<title>Prefeitura far\u00e1 monitoramento inteligente no jogo do Flamengo<\/title>\n<meta name=\"robots\" content=\"index, follow, max-snippet:-1, max-image-preview:large, max-video-preview:-1\" \/>\n<link rel=\"canonical\" href=\"https:\/\/www.manaus.am.gov.br\/ccc\/prefeitura-fara-monitoramento-inteligente-no-jogo-flamengo-x-audax-nesta-quarta-feira-na-arena-da-amazonia\/\" \/>\n<meta property=\"og:locale\" content=\"pt_BR\" \/>\n<meta property=\"og:type\" content=\"article\" \/>\n<meta property=\"og:title\" content=\"Prefeitura far\u00e1 monitoramento inteligente no jogo do Flamengo\" \/>\n<meta property=\"og:url\" content=\"https:\/\/www.manaus.am.gov.br\/ccc\/prefeitura-fara-monitoramento-inteligente-no-jogo-flamengo-x-audax-nesta-quarta-feira-na-arena-da-amazonia\/\" \/>\n<meta property=\"og:site_name\" content=\"CCC\" \/>\n<meta property=\"article:published_time\" content=\"2024-01-16T23:26:39+00:00\" \/>\n<meta property=\"article:modified_time\" content=\"2024-01-16T23:26:41+00:00\" \/>\n<meta property=\"og:image\" content=\"https:\/\/www.manaus.am.gov.br\/ccc\/wp-content\/uploads\/sites\/4\/2024\/01\/Monitoramento-CCC.jpeg\" \/>\n\t<meta property=\"og:image:width\" content=\"1024\" \/>\n\t<meta property=\"og:image:height\" content=\"768\" \/>\n\t<meta property=\"og:image:type\" content=\"image\/jpeg\" \/>\n<meta name=\"author\" content=\"smonteiro\" \/>\n<meta name=\"twitter:card\" content=\"summary_large_image\" \/>\n<meta name=\"twitter:label1\" content=\"Written by\" \/>\n\t<meta name=\"twitter:data1\" content=\"smonteiro\" \/>\n\t<meta name=\"twitter:label2\" content=\"Est. reading time\" \/>\n\t<meta name=\"twitter:data2\" content=\"2 minutos\" \/>\n<script type=\"application\/ld+json\" class=\"yoast-schema-graph\">{\"@context\":\"https:\/\/schema.org\",\"@graph\":[{\"@type\":\"WebPage\",\"@id\":\"https:\/\/www.manaus.am.gov.br\/ccc\/prefeitura-fara-monitoramento-inteligente-no-jogo-flamengo-x-audax-nesta-quarta-feira-na-arena-da-amazonia\/\",\"url\":\"https:\/\/www.manaus.am.gov.br\/ccc\/prefeitura-fara-monitoramento-inteligente-no-jogo-flamengo-x-audax-nesta-quarta-feira-na-arena-da-amazonia\/\",\"name\":\"Prefeitura far\u00e1 monitoramento inteligente no jogo do Flamengo\",\"isPartOf\":{\"@id\":\"https:\/\/www.manaus.am.gov.br\/ccc\/#website\"},\"primaryImageOfPage\":{\"@id\":\"https:\/\/www.manaus.am.gov.br\/ccc\/prefeitura-fara-monitoramento-inteligente-no-jogo-flamengo-x-audax-nesta-quarta-feira-na-arena-da-amazonia\/#primaryimage\"},\"image\":{\"@id\":\"https:\/\/www.manaus.am.gov.br\/ccc\/prefeitura-fara-monitoramento-inteligente-no-jogo-flamengo-x-audax-nesta-quarta-feira-na-arena-da-amazonia\/#primaryimage\"},\"thumbnailUrl\":\"https:\/\/www.manaus.am.gov.br\/ccc\/wp-content\/uploads\/sites\/4\/2024\/01\/Monitoramento-CCC.jpeg\",\"datePublished\":\"2024-01-16T23:26:39+00:00\",\"dateModified\":\"2024-01-16T23:26:41+00:00\",\"author\":{\"@id\":\"https:\/\/www.manaus.am.gov.br\/ccc\/#\/schema\/person\/ab4dcf766a54dff74e8d267f5c591961\"},\"inLanguage\":\"pt-BR\",\"potentialAction\":[{\"@type\":\"ReadAction\",\"target\":[\"https:\/\/www.manaus.am.gov.br\/ccc\/prefeitura-fara-monitoramento-inteligente-no-jogo-flamengo-x-audax-nesta-quarta-feira-na-arena-da-amazonia\/\"]}]},{\"@type\":\"ImageObject\",\"inLanguage\":\"pt-BR\",\"@id\":\"https:\/\/www.manaus.am.gov.br\/ccc\/prefeitura-fara-monitoramento-inteligente-no-jogo-flamengo-x-audax-nesta-quarta-feira-na-arena-da-amazonia\/#primaryimage\",\"url\":\"https:\/\/www.manaus.am.gov.br\/ccc\/wp-content\/uploads\/sites\/4\/2024\/01\/Monitoramento-CCC.jpeg\",\"contentUrl\":\"https:\/\/www.manaus.am.gov.br\/ccc\/wp-content\/uploads\/sites\/4\/2024\/01\/Monitoramento-CCC.jpeg\",\"width\":1024,\"height\":768,\"caption\":\"#paratodosverem - servidor do Centro de Coopera\u00e7\u00e3o da Cidade observa imagens de c\u00e2meras nos monitores\"},{\"@type\":\"WebSite\",\"@id\":\"https:\/\/www.manaus.am.gov.br\/ccc\/#website\",\"url\":\"https:\/\/www.manaus.am.gov.br\/ccc\/\",\"name\":\"CCC\",\"description\":\"Centro de Coopera\u00e7\u00e3o da Cidade\",\"alternateName\":\"Centro de Coopera\u00e7\u00e3o da Cidade\",\"potentialAction\":[{\"@type\":\"SearchAction\",\"target\":{\"@type\":\"EntryPoint\",\"urlTemplate\":\"https:\/\/www.manaus.am.gov.br\/ccc\/?s={search_term_string}\"},\"query-input\":\"required name=search_term_string\"}],\"inLanguage\":\"pt-BR\"},{\"@type\":\"Person\",\"@id\":\"https:\/\/www.manaus.am.gov.br\/ccc\/#\/schema\/person\/ab4dcf766a54dff74e8d267f5c591961\",\"name\":\"smonteiro\",\"image\":{\"@type\":\"ImageObject\",\"inLanguage\":\"pt-BR\",\"@id\":\"https:\/\/www.manaus.am.gov.br\/ccc\/#\/schema\/person\/image\/\",\"url\":\"https:\/\/secure.gravatar.com\/avatar\/21c8776ef61d9272c73322052e042d77?s=96&d=mm&r=g\",\"contentUrl\":\"https:\/\/secure.gravatar.com\/avatar\/21c8776ef61d9272c73322052e042d77?s=96&d=mm&r=g\",\"caption\":\"smonteiro\"}}]}<\/script>\n<!-- \/ Yoast SEO plugin. -->","yoast_head_json":{"title":"Prefeitura far\u00e1 monitoramento inteligente no jogo do Flamengo","robots":{"index":"index","follow":"follow","max-snippet":"max-snippet:-1","max-image-preview":"max-image-preview:large","max-video-preview":"max-video-preview:-1"},"canonical":"https:\/\/www.manaus.am.gov.br\/ccc\/prefeitura-fara-monitoramento-inteligente-no-jogo-flamengo-x-audax-nesta-quarta-feira-na-arena-da-amazonia\/","og_locale":"pt_BR","og_type":"article","og_title":"Prefeitura far\u00e1 monitoramento inteligente no jogo do Flamengo","og_url":"https:\/\/www.manaus.am.gov.br\/ccc\/prefeitura-fara-monitoramento-inteligente-no-jogo-flamengo-x-audax-nesta-quarta-feira-na-arena-da-amazonia\/","og_site_name":"CCC","article_published_time":"2024-01-16T23:26:39+00:00","article_modified_time":"2024-01-16T23:26:41+00:00","og_image":[{"width":1024,"height":768,"url":"https:\/\/www.manaus.am.gov.br\/ccc\/wp-content\/uploads\/sites\/4\/2024\/01\/Monitoramento-CCC.jpeg","type":"image\/jpeg"}],"author":"smonteiro","twitter_card":"summary_large_image","twitter_misc":{"Written by":"smonteiro","Est. reading time":"2 minutos"},"schema":{"@context":"https:\/\/schema.org","@graph":[{"@type":"WebPage","@id":"https:\/\/www.manaus.am.gov.br\/ccc\/prefeitura-fara-monitoramento-inteligente-no-jogo-flamengo-x-audax-nesta-quarta-feira-na-arena-da-amazonia\/","url":"https:\/\/www.manaus.am.gov.br\/ccc\/prefeitura-fara-monitoramento-inteligente-no-jogo-flamengo-x-audax-nesta-quarta-feira-na-arena-da-amazonia\/","name":"Prefeitura far\u00e1 monitoramento inteligente no jogo do Flamengo","isPartOf":{"@id":"https:\/\/www.manaus.am.gov.br\/ccc\/#website"},"primaryImageOfPage":{"@id":"https:\/\/www.manaus.am.gov.br\/ccc\/prefeitura-fara-monitoramento-inteligente-no-jogo-flamengo-x-audax-nesta-quarta-feira-na-arena-da-amazonia\/#primaryimage"},"image":{"@id":"https:\/\/www.manaus.am.gov.br\/ccc\/prefeitura-fara-monitoramento-inteligente-no-jogo-flamengo-x-audax-nesta-quarta-feira-na-arena-da-amazonia\/#primaryimage"},"thumbnailUrl":"https:\/\/www.manaus.am.gov.br\/ccc\/wp-content\/uploads\/sites\/4\/2024\/01\/Monitoramento-CCC.jpeg","datePublished":"2024-01-16T23:26:39+00:00","dateModified":"2024-01-16T23:26:41+00:00","author":{"@id":"https:\/\/www.manaus.am.gov.br\/ccc\/#\/schema\/person\/ab4dcf766a54dff74e8d267f5c591961"},"inLanguage":"pt-BR","potentialAction":[{"@type":"ReadAction","target":["https:\/\/www.manaus.am.gov.br\/ccc\/prefeitura-fara-monitoramento-inteligente-no-jogo-flamengo-x-audax-nesta-quarta-feira-na-arena-da-amazonia\/"]}]},{"@type":"ImageObject","inLanguage":"pt-BR","@id":"https:\/\/www.manaus.am.gov.br\/ccc\/prefeitura-fara-monitoramento-inteligente-no-jogo-flamengo-x-audax-nesta-quarta-feira-na-arena-da-amazonia\/#primaryimage","url":"https:\/\/www.manaus.am.gov.br\/ccc\/wp-content\/uploads\/sites\/4\/2024\/01\/Monitoramento-CCC.jpeg","contentUrl":"https:\/\/www.manaus.am.gov.br\/ccc\/wp-content\/uploads\/sites\/4\/2024\/01\/Monitoramento-CCC.jpeg","width":1024,"height":768,"caption":"#paratodosverem - servidor do Centro de Coopera\u00e7\u00e3o da Cidade observa imagens de c\u00e2meras nos monitores"},{"@type":"WebSite","@id":"https:\/\/www.manaus.am.gov.br\/ccc\/#website","url":"https:\/\/www.manaus.am.gov.br\/ccc\/","name":"CCC","description":"Centro de Coopera\u00e7\u00e3o da Cidade","alternateName":"Centro de Coopera\u00e7\u00e3o da Cidade","potentialAction":[{"@type":"SearchAction","target":{"@type":"EntryPoint","urlTemplate":"https:\/\/www.manaus.am.gov.br\/ccc\/?s={search_term_string}"},"query-input":"required name=search_term_string"}],"inLanguage":"pt-BR"},{"@type":"Person","@id":"https:\/\/www.manaus.am.gov.br\/ccc\/#\/schema\/person\/ab4dcf766a54dff74e8d267f5c591961","name":"smonteiro","image":{"@type":"ImageObject","inLanguage":"pt-BR","@id":"https:\/\/www.manaus.am.gov.br\/ccc\/#\/schema\/person\/image\/","url":"https:\/\/secure.gravatar.com\/avatar\/21c8776ef61d9272c73322052e042d77?s=96&d=mm&r=g","contentUrl":"https:\/\/secure.gravatar.com\/avatar\/21c8776ef61d9272c73322052e042d77?s=96&d=mm&r=g","caption":"smonteiro"}}]}},"_links":{"self":[{"href":"https:\/\/www.manaus.am.gov.br\/ccc\/wp-json\/wp\/v2\/posts\/1073"}],"collection":[{"href":"https:\/\/www.manaus.am.gov.br\/ccc\/wp-json\/wp\/v2\/posts"}],"about":[{"href":"https:\/\/www.manaus.am.gov.br\/ccc\/wp-json\/wp\/v2\/types\/post"}],"author":[{"embeddable":true,"href":"https:\/\/www.manaus.am.gov.br\/ccc\/wp-json\/wp\/v2\/users\/61"}],"replies":[{"embeddable":true,"href":"https:\/\/www.manaus.am.gov.br\/ccc\/wp-json\/wp\/v2\/comments?post=1073"}],"version-history":[{"count":0,"href":"https:\/\/www.manaus.am.gov.br\/ccc\/wp-json\/wp\/v2\/posts\/1073\/revisions"}],"wp:featuredmedia":[{"embeddable":true,"href":"https:\/\/www.manaus.am.gov.br\/ccc\/wp-json\/wp\/v2\/media\/1074"}],"wp:attachment":[{"href":"https:\/\/www.manaus.am.gov.br\/ccc\/wp-json\/wp\/v2\/media?parent=1073"}],"wp:term":[{"taxonomy":"category","embeddable":true,"href":"https:\/\/www.manaus.am.gov.br\/ccc\/wp-json\/wp\/v2\/categories?post=1073"},{"taxonomy":"post_tag","embeddable":true,"href":"https:\/\/www.manaus.am.gov.br\/ccc\/wp-json\/wp\/v2\/tags?post=1073"}],"curies":[{"name":"wp","href":"https:\/\/api.w.org\/{rel}","templated":true}]}}