{"id":1028,"date":"2023-03-26T20:54:40","date_gmt":"2023-03-27T00:54:40","guid":{"rendered":"https:\/\/www.manaus.am.gov.br\/ccc\/prefeitura-enfatiza-importancia-do-apoio-federal-para-minimizar-danos-causados-pelo-rigoroso-inverno-amazonico\/"},"modified":"2023-12-18T13:36:35","modified_gmt":"2023-12-18T17:36:35","slug":"prefeitura-enfatiza-importancia-do-apoio-federal-para-minimizar-danos-causados-pelo-rigoroso-inverno-amazonico","status":"publish","type":"post","link":"https:\/\/www.manaus.am.gov.br\/ccc\/prefeitura-enfatiza-importancia-do-apoio-federal-para-minimizar-danos-causados-pelo-rigoroso-inverno-amazonico\/","title":{"rendered":"Prefeitura enfatiza import\u00e2ncia do apoio federal para minimizar danos causados pelo rigoroso inverno amaz\u00f4nico"},"content":{"rendered":"\n<p>O <a href=\"https:\/\/www.manaus.am.gov.br\/noticias\/apoio\/prefeitura-enfatiza-importancia-do-apoio-federal-para-minimizar-danos-causados-pelo-rigoroso-inverno-amazonico\/\">prefeito de Manaus<\/a>, David Almeida, acompanhado do governador do Amazonas, Wilson Lima, recebeu, na tarde deste domingo, 26\/3, os ministros do Desenvolvimento Regional do Brasil, Waldez G\u00f3es, e de Meio Ambiente e Mudan\u00e7a do Clima, Marina Silva, para uma visita t\u00e9cnica em \u00e1reas da capital classificadas como \u2018alt\u00edssimo risco\u2019, que foram atingidas pelo rigoroso inverno amaz\u00f4nico. Os representantes do Governo Federal viram de perto o trabalho que est\u00e1 sendo realizado pelas gest\u00f5es estadual e municipal e as necessidades imediatas de recursos para a capital.<\/p>\n\n\n\n<p>David Almeida fez quest\u00e3o de salientar que esse apoio do Governo Federal \u00e9 de suma import\u00e2ncia para Manaus, uma vez que desta forma ser\u00e1 poss\u00edvel dar respostas r\u00e1pidas \u00e0 popula\u00e7\u00e3o e evitar que novas trag\u00e9dias voltem a acontecer na capital amazonense.<\/p>\n\n\n\n<p>\u201cTenho que agradecer ao Governo Federal pelo olhar que est\u00e3o tendo por Manaus e ao pr\u00f3prio governador (Wilson Lima) que est\u00e1 ajudando a nossa cidade. Esse \u00e9 o trabalho que estamos fazendo para buscar respostas a esses eventos que est\u00e3o acontecendo. No \u00faltimo dia 12, choveu 102 mm na zona Leste. Ontem, foram 122 mm. N\u00f3s temos mais gente desabrigadas pelas chuvas de ontem do que do dia da trag\u00e9dia. Por isso, quero destacar a celeridade do ministro Waldez e da sua equipe pela iniciativa imediata de estender as m\u00e3os para Manaus\u201d, enfatizou Almeida.<\/p>\n\n\n\n<p>Formada por t\u00e9cnicos das Defesas Civis federal, estadual e municipal, a comitiva passou pela comunidade da Sharp, no bairro Armando Mendes, zona Leste. A obra no local \u00e9 de responsabilidade do Governo do Amazonas, que j\u00e1 anunciou a amplia\u00e7\u00e3o do Prosamim do Igarap\u00e9 do 40.<\/p>\n\n\n\n<p>Logo depois, o comboio visitou a eros\u00e3o localizada na rua Top\u00e1zio, no bairro Jorge Teixeira, local onde ocorreu, no \u00faltimo dia 12, a trag\u00e9dia que vitimou oito pessoas. No local, o prefeito de Manaus explicou que o desmoronamento das casas que atingiram a comunidade Pingo D\u2019\u00e1gua foi causado pelo ac\u00famulo de lixo existente em uma \u00e1rea que j\u00e1 havia sido recuperada pela gest\u00e3o municipal.<\/p>\n\n\n\n<p>\u201cEssa trag\u00e9dia aqui na rua Top\u00e1zio, no Jorge Teixeira, foi causado pelo lixo. Aqui se formou uma lixeira viciada e ap\u00f3s sete horas do final da chuva, n\u00f3s tivemos o desbarrancamento. Ent\u00e3o, n\u00f3s temos que trabalhar a conscientiza\u00e7\u00e3o do descarte adequado do nosso lixo para que possamos evitar problemas como este. Ontem, os grandes problemas causados na nossa cidade foram consequ\u00eancias do lixo. Eles acabam indo para os nossos igarap\u00e9s, represando os rios, entupindo os bueiros e alagando as resid\u00eancias\u201d, afirmou David.<\/p>\n\n\n\n<p>O chefe do Executivo municipal ainda destacou o trabalho realizado em conjunto pelas secretarias para melhor atender a popula\u00e7\u00e3o, levando assim, uma resposta r\u00e1pida \u00e0 sociedade.<\/p>\n\n\n\n<p>\u201cPouca gente sabe, mas no dia da trag\u00e9dia o local estava sem luz, por isso muitas pessoas j\u00e1 estavam na rua e conseguiram escapar. Foram 92 casas atingidas. N\u00f3s tiramos essas fam\u00edlias daqui e todas est\u00e3o morando em um residencial pago pela prefeitura por meio do \u2018Aux\u00edlio Aluguel\u2019. Essas fam\u00edlias j\u00e1 foram atendidas pelas nossas equipes de assist\u00eancia social. Esse trabalho \u00e9 fundamental para dar o suporte necess\u00e1rio \u00e0 popula\u00e7\u00e3o\u201d, concluiu David.<\/p>\n\n\n\n<p>A \u00faltima parada da visita foi ao Centro de Controle da Prefeitura de Manaus, que fica localizado no Centro de Coopera\u00e7\u00e3o da Cidade (CCC), na avenida Ephig\u00eanio Salles, no bairro Adrian\u00f3polis, zona Centro-Sul.<\/p>\n\n\n\n<h2 class=\"wp-block-heading\">Projetos<\/h2>\n\n\n\n<p>Questionado sobre as a\u00e7\u00f5es que ser\u00e3o implementadas pelo Governo Federal em Manaus, o ministro Waldez G\u00f3es afirmou que a determina\u00e7\u00e3o do presidente Luiz In\u00e1cio Lula da Silva \u00e9 que seja dado o apoio integral \u00e0 popula\u00e7\u00e3o atingida por esses desastres. Ele frisou que os trabalhos iniciaram j\u00e1 no final de semana da trag\u00e9dia, quando foi decretado Estado de Emerg\u00eancia, facilitando assim o envio de ajuda e de recursos.<\/p>\n\n\n\n<p>\u201cVenho aqui declarar, em nome do presidente Lula, o apoio integral \u00e0 popula\u00e7\u00e3o de Manaus que vem encarando esse problema. J\u00e1 recebemos o prefeito David Almeida em Bras\u00edlia (DF), conversamos sobre alguns projetos habitacionais para a cidade, mas agora estamos vendo de perto a dimens\u00e3o desse desafio. Hoje, a Defesa Civil est\u00e1 assistindo cerca de 1.500 munic\u00edpios em situa\u00e7\u00e3o de emerg\u00eancia. A maior parte deles \u00e9 por estiagem, por\u00e9m, vem crescendo o n\u00famero de cidades que est\u00e3o sofrendo por alagamentos ou desmoronamentos. Assim, estamos levando o apoio necess\u00e1rio neste momento e j\u00e1 planejando envio de recursos para que possamos tirar essas pessoas de \u00e1reas de risco\u201d, citou G\u00f3es.<\/p>\n\n\n\n<p>Vale ressaltar que, ap\u00f3s a conversa entre o prefeito de Manaus, David Almeida, e o presidente Lula ficou acordado a constru\u00e7\u00e3o de 5 mil moradias em Manaus, que ser\u00e3o fundamentais para que ocorra a retirada de fam\u00edlias instaladas em \u00e1reas de risco e encostas.<\/p>\n\n\n\n<h2 class=\"wp-block-heading\">Preserva\u00e7\u00e3o<\/h2>\n\n\n\n<p>Conhecedora das peculiaridades da regi\u00e3o amaz\u00f4nica, a ministra do Meio Ambiente, Marina Silva, citou que essas fortes chuvas que est\u00e3o atingindo a regi\u00e3o Norte no primeiro trimestre de 2023 s\u00e3o resultado das mudan\u00e7as clim\u00e1ticas que v\u00eam acontecendo no planeta. Ela destacou que um projeto est\u00e1 sendo discutido no Governo Federal para que possa decretar \u2018Estado de Emerg\u00eancia Clim\u00e1tica Permanente\u2019 nos munic\u00edpios comprovadamente vulner\u00e1veis para que tenha uma a\u00e7\u00e3o cont\u00ednua.<\/p>\n\n\n\n<p>\u201cEsse \u00e9 um momento de sofrimento e dor. Essas pessoas perderam o pouco patrim\u00f4nio que tinham e \u00e9 muito necess\u00e1ria essa uni\u00e3o entre o Governo Federal, Estadual e o munic\u00edpio. Esse trabalho conjunto \u00e9 uma sinaliza\u00e7\u00e3o que precisamos criar uma din\u00e2mica diferente. Imediatamente reconhecendo o \u2018Estado de Emerg\u00eancia\u2019, voc\u00ea toma as atitudes que s\u00e3o emergenciais, como a ajuda humanit\u00e1ria. Agora, precisamos pensar nos projetos de preven\u00e7\u00e3o. N\u00f3s estamos vivendo sobre o efeito das mudan\u00e7as clim\u00e1ticas. Eles v\u00e3o continuar e precisamos pensar nesta ideia de decretar \u2018Estado de Emerg\u00eancia Clim\u00e1tica Permanente\u2019. Assim, vamos conseguir pensar a m\u00e9dio e longo prazo\u201d, finalizou a ministra.<\/p>\n\n\n\n<p>&#8212; &#8212; &#8212;<\/p>\n\n\n\n<p><strong>Texto \u2013 <\/strong>Thiago Fernando \/ Semcom<br><strong>Fotos \u2013 <\/strong>Ruan Souza \/ Semcom<br><strong>Dispon\u00edveis em &#8211;<\/strong> <a href=\"https:\/\/flic.kr\/s\/aHBqjAxn74\">https:\/\/flic.kr\/s\/aHBqjAxn74<\/a><\/p>\n","protected":false},"excerpt":{"rendered":"","protected":false},"author":39,"featured_media":1029,"comment_status":"closed","ping_status":"closed","sticky":false,"template":"","format":"standard","meta":{"footnotes":""},"categories":[32],"tags":[387,388,389,390,391,67,343,392,393],"acf":[],"yoast_head":"<!-- This site is optimized with the Yoast SEO plugin v23.0 - https:\/\/yoast.com\/wordpress\/plugins\/seo\/ -->\n<title>Prefeitura enfatiza import\u00e2ncia do apoio federal para minimizar danos causados pelo rigoroso inverno amaz\u00f4nico<\/title>\n<meta name=\"robots\" content=\"index, follow, max-snippet:-1, max-image-preview:large, max-video-preview:-1\" \/>\n<link rel=\"canonical\" href=\"https:\/\/www.manaus.am.gov.br\/ccc\/prefeitura-enfatiza-importancia-do-apoio-federal-para-minimizar-danos-causados-pelo-rigoroso-inverno-amazonico\/\" \/>\n<meta property=\"og:locale\" content=\"pt_BR\" \/>\n<meta property=\"og:type\" content=\"article\" \/>\n<meta property=\"og:title\" content=\"Prefeitura enfatiza import\u00e2ncia do apoio federal para minimizar danos causados pelo rigoroso inverno amaz\u00f4nico\" \/>\n<meta property=\"og:url\" content=\"https:\/\/www.manaus.am.gov.br\/ccc\/prefeitura-enfatiza-importancia-do-apoio-federal-para-minimizar-danos-causados-pelo-rigoroso-inverno-amazonico\/\" \/>\n<meta property=\"og:site_name\" content=\"CCC\" \/>\n<meta property=\"article:published_time\" content=\"2023-03-27T00:54:40+00:00\" \/>\n<meta property=\"article:modified_time\" content=\"2023-12-18T17:36:35+00:00\" \/>\n<meta property=\"og:image\" content=\"https:\/\/www.manaus.am.gov.br\/ccc\/wp-content\/uploads\/sites\/4\/2023\/12\/52773778108_863e5f116f_k.jpg\" \/>\n\t<meta property=\"og:image:width\" content=\"2047\" \/>\n\t<meta property=\"og:image:height\" content=\"1365\" \/>\n\t<meta property=\"og:image:type\" content=\"image\/jpeg\" \/>\n<meta name=\"author\" content=\"Bruna Greco\" \/>\n<meta name=\"twitter:card\" content=\"summary_large_image\" \/>\n<meta name=\"twitter:label1\" content=\"Written by\" \/>\n\t<meta name=\"twitter:data1\" content=\"Bruna Greco\" \/>\n\t<meta name=\"twitter:label2\" content=\"Est. reading time\" \/>\n\t<meta name=\"twitter:data2\" content=\"6 minutos\" \/>\n<script type=\"application\/ld+json\" class=\"yoast-schema-graph\">{\"@context\":\"https:\/\/schema.org\",\"@graph\":[{\"@type\":\"WebPage\",\"@id\":\"https:\/\/www.manaus.am.gov.br\/ccc\/prefeitura-enfatiza-importancia-do-apoio-federal-para-minimizar-danos-causados-pelo-rigoroso-inverno-amazonico\/\",\"url\":\"https:\/\/www.manaus.am.gov.br\/ccc\/prefeitura-enfatiza-importancia-do-apoio-federal-para-minimizar-danos-causados-pelo-rigoroso-inverno-amazonico\/\",\"name\":\"Prefeitura enfatiza import\u00e2ncia do apoio federal para minimizar danos causados pelo rigoroso inverno amaz\u00f4nico\",\"isPartOf\":{\"@id\":\"https:\/\/www.manaus.am.gov.br\/ccc\/#website\"},\"primaryImageOfPage\":{\"@id\":\"https:\/\/www.manaus.am.gov.br\/ccc\/prefeitura-enfatiza-importancia-do-apoio-federal-para-minimizar-danos-causados-pelo-rigoroso-inverno-amazonico\/#primaryimage\"},\"image\":{\"@id\":\"https:\/\/www.manaus.am.gov.br\/ccc\/prefeitura-enfatiza-importancia-do-apoio-federal-para-minimizar-danos-causados-pelo-rigoroso-inverno-amazonico\/#primaryimage\"},\"thumbnailUrl\":\"https:\/\/www.manaus.am.gov.br\/ccc\/wp-content\/uploads\/sites\/4\/2023\/12\/52773778108_863e5f116f_k.jpg\",\"datePublished\":\"2023-03-27T00:54:40+00:00\",\"dateModified\":\"2023-12-18T17:36:35+00:00\",\"author\":{\"@id\":\"https:\/\/www.manaus.am.gov.br\/ccc\/#\/schema\/person\/05d223aea2bf115f9883a6ff3683d81b\"},\"inLanguage\":\"pt-BR\",\"potentialAction\":[{\"@type\":\"ReadAction\",\"target\":[\"https:\/\/www.manaus.am.gov.br\/ccc\/prefeitura-enfatiza-importancia-do-apoio-federal-para-minimizar-danos-causados-pelo-rigoroso-inverno-amazonico\/\"]}]},{\"@type\":\"ImageObject\",\"inLanguage\":\"pt-BR\",\"@id\":\"https:\/\/www.manaus.am.gov.br\/ccc\/prefeitura-enfatiza-importancia-do-apoio-federal-para-minimizar-danos-causados-pelo-rigoroso-inverno-amazonico\/#primaryimage\",\"url\":\"https:\/\/www.manaus.am.gov.br\/ccc\/wp-content\/uploads\/sites\/4\/2023\/12\/52773778108_863e5f116f_k.jpg\",\"contentUrl\":\"https:\/\/www.manaus.am.gov.br\/ccc\/wp-content\/uploads\/sites\/4\/2023\/12\/52773778108_863e5f116f_k.jpg\",\"width\":2047,\"height\":1365},{\"@type\":\"WebSite\",\"@id\":\"https:\/\/www.manaus.am.gov.br\/ccc\/#website\",\"url\":\"https:\/\/www.manaus.am.gov.br\/ccc\/\",\"name\":\"CCC\",\"description\":\"Centro de Coopera\u00e7\u00e3o da Cidade\",\"alternateName\":\"Centro de Coopera\u00e7\u00e3o da Cidade\",\"potentialAction\":[{\"@type\":\"SearchAction\",\"target\":{\"@type\":\"EntryPoint\",\"urlTemplate\":\"https:\/\/www.manaus.am.gov.br\/ccc\/?s={search_term_string}\"},\"query-input\":\"required name=search_term_string\"}],\"inLanguage\":\"pt-BR\"},{\"@type\":\"Person\",\"@id\":\"https:\/\/www.manaus.am.gov.br\/ccc\/#\/schema\/person\/05d223aea2bf115f9883a6ff3683d81b\",\"name\":\"Bruna Greco\",\"image\":{\"@type\":\"ImageObject\",\"inLanguage\":\"pt-BR\",\"@id\":\"https:\/\/www.manaus.am.gov.br\/ccc\/#\/schema\/person\/image\/\",\"url\":\"https:\/\/secure.gravatar.com\/avatar\/9c877d1a6adc2a055330e5c09a8653ce?s=96&d=mm&r=g\",\"contentUrl\":\"https:\/\/secure.gravatar.com\/avatar\/9c877d1a6adc2a055330e5c09a8653ce?s=96&d=mm&r=g\",\"caption\":\"Bruna Greco\"}}]}<\/script>\n<!-- \/ Yoast SEO plugin. -->","yoast_head_json":{"title":"Prefeitura enfatiza import\u00e2ncia do apoio federal para minimizar danos causados pelo rigoroso inverno amaz\u00f4nico","robots":{"index":"index","follow":"follow","max-snippet":"max-snippet:-1","max-image-preview":"max-image-preview:large","max-video-preview":"max-video-preview:-1"},"canonical":"https:\/\/www.manaus.am.gov.br\/ccc\/prefeitura-enfatiza-importancia-do-apoio-federal-para-minimizar-danos-causados-pelo-rigoroso-inverno-amazonico\/","og_locale":"pt_BR","og_type":"article","og_title":"Prefeitura enfatiza import\u00e2ncia do apoio federal para minimizar danos causados pelo rigoroso inverno amaz\u00f4nico","og_url":"https:\/\/www.manaus.am.gov.br\/ccc\/prefeitura-enfatiza-importancia-do-apoio-federal-para-minimizar-danos-causados-pelo-rigoroso-inverno-amazonico\/","og_site_name":"CCC","article_published_time":"2023-03-27T00:54:40+00:00","article_modified_time":"2023-12-18T17:36:35+00:00","og_image":[{"width":2047,"height":1365,"url":"https:\/\/www.manaus.am.gov.br\/ccc\/wp-content\/uploads\/sites\/4\/2023\/12\/52773778108_863e5f116f_k.jpg","type":"image\/jpeg"}],"author":"Bruna Greco","twitter_card":"summary_large_image","twitter_misc":{"Written by":"Bruna Greco","Est. reading time":"6 minutos"},"schema":{"@context":"https:\/\/schema.org","@graph":[{"@type":"WebPage","@id":"https:\/\/www.manaus.am.gov.br\/ccc\/prefeitura-enfatiza-importancia-do-apoio-federal-para-minimizar-danos-causados-pelo-rigoroso-inverno-amazonico\/","url":"https:\/\/www.manaus.am.gov.br\/ccc\/prefeitura-enfatiza-importancia-do-apoio-federal-para-minimizar-danos-causados-pelo-rigoroso-inverno-amazonico\/","name":"Prefeitura enfatiza import\u00e2ncia do apoio federal para minimizar danos causados pelo rigoroso inverno amaz\u00f4nico","isPartOf":{"@id":"https:\/\/www.manaus.am.gov.br\/ccc\/#website"},"primaryImageOfPage":{"@id":"https:\/\/www.manaus.am.gov.br\/ccc\/prefeitura-enfatiza-importancia-do-apoio-federal-para-minimizar-danos-causados-pelo-rigoroso-inverno-amazonico\/#primaryimage"},"image":{"@id":"https:\/\/www.manaus.am.gov.br\/ccc\/prefeitura-enfatiza-importancia-do-apoio-federal-para-minimizar-danos-causados-pelo-rigoroso-inverno-amazonico\/#primaryimage"},"thumbnailUrl":"https:\/\/www.manaus.am.gov.br\/ccc\/wp-content\/uploads\/sites\/4\/2023\/12\/52773778108_863e5f116f_k.jpg","datePublished":"2023-03-27T00:54:40+00:00","dateModified":"2023-12-18T17:36:35+00:00","author":{"@id":"https:\/\/www.manaus.am.gov.br\/ccc\/#\/schema\/person\/05d223aea2bf115f9883a6ff3683d81b"},"inLanguage":"pt-BR","potentialAction":[{"@type":"ReadAction","target":["https:\/\/www.manaus.am.gov.br\/ccc\/prefeitura-enfatiza-importancia-do-apoio-federal-para-minimizar-danos-causados-pelo-rigoroso-inverno-amazonico\/"]}]},{"@type":"ImageObject","inLanguage":"pt-BR","@id":"https:\/\/www.manaus.am.gov.br\/ccc\/prefeitura-enfatiza-importancia-do-apoio-federal-para-minimizar-danos-causados-pelo-rigoroso-inverno-amazonico\/#primaryimage","url":"https:\/\/www.manaus.am.gov.br\/ccc\/wp-content\/uploads\/sites\/4\/2023\/12\/52773778108_863e5f116f_k.jpg","contentUrl":"https:\/\/www.manaus.am.gov.br\/ccc\/wp-content\/uploads\/sites\/4\/2023\/12\/52773778108_863e5f116f_k.jpg","width":2047,"height":1365},{"@type":"WebSite","@id":"https:\/\/www.manaus.am.gov.br\/ccc\/#website","url":"https:\/\/www.manaus.am.gov.br\/ccc\/","name":"CCC","description":"Centro de Coopera\u00e7\u00e3o da Cidade","alternateName":"Centro de Coopera\u00e7\u00e3o da Cidade","potentialAction":[{"@type":"SearchAction","target":{"@type":"EntryPoint","urlTemplate":"https:\/\/www.manaus.am.gov.br\/ccc\/?s={search_term_string}"},"query-input":"required name=search_term_string"}],"inLanguage":"pt-BR"},{"@type":"Person","@id":"https:\/\/www.manaus.am.gov.br\/ccc\/#\/schema\/person\/05d223aea2bf115f9883a6ff3683d81b","name":"Bruna Greco","image":{"@type":"ImageObject","inLanguage":"pt-BR","@id":"https:\/\/www.manaus.am.gov.br\/ccc\/#\/schema\/person\/image\/","url":"https:\/\/secure.gravatar.com\/avatar\/9c877d1a6adc2a055330e5c09a8653ce?s=96&d=mm&r=g","contentUrl":"https:\/\/secure.gravatar.com\/avatar\/9c877d1a6adc2a055330e5c09a8653ce?s=96&d=mm&r=g","caption":"Bruna Greco"}}]}},"_links":{"self":[{"href":"https:\/\/www.manaus.am.gov.br\/ccc\/wp-json\/wp\/v2\/posts\/1028"}],"collection":[{"href":"https:\/\/www.manaus.am.gov.br\/ccc\/wp-json\/wp\/v2\/posts"}],"about":[{"href":"https:\/\/www.manaus.am.gov.br\/ccc\/wp-json\/wp\/v2\/types\/post"}],"author":[{"embeddable":true,"href":"https:\/\/www.manaus.am.gov.br\/ccc\/wp-json\/wp\/v2\/users\/39"}],"replies":[{"embeddable":true,"href":"https:\/\/www.manaus.am.gov.br\/ccc\/wp-json\/wp\/v2\/comments?post=1028"}],"version-history":[{"count":0,"href":"https:\/\/www.manaus.am.gov.br\/ccc\/wp-json\/wp\/v2\/posts\/1028\/revisions"}],"wp:featuredmedia":[{"embeddable":true,"href":"https:\/\/www.manaus.am.gov.br\/ccc\/wp-json\/wp\/v2\/media\/1029"}],"wp:attachment":[{"href":"https:\/\/www.manaus.am.gov.br\/ccc\/wp-json\/wp\/v2\/media?parent=1028"}],"wp:term":[{"taxonomy":"category","embeddable":true,"href":"https:\/\/www.manaus.am.gov.br\/ccc\/wp-json\/wp\/v2\/categories?post=1028"},{"taxonomy":"post_tag","embeddable":true,"href":"https:\/\/www.manaus.am.gov.br\/ccc\/wp-json\/wp\/v2\/tags?post=1028"}],"curies":[{"name":"wp","href":"https:\/\/api.w.org\/{rel}","templated":true}]}}