{"id":1027,"date":"2023-03-25T14:57:04","date_gmt":"2023-03-25T18:57:04","guid":{"rendered":"https:\/\/www.manaus.am.gov.br\/ccc\/defesa-civil-registra-90-ocorrencias-e-amplia-atendentes-do-199\/"},"modified":"2023-12-18T13:35:42","modified_gmt":"2023-12-18T17:35:42","slug":"defesa-civil-registra-90-ocorrencias-e-amplia-atendentes-do-199","status":"publish","type":"post","link":"https:\/\/www.manaus.am.gov.br\/ccc\/defesa-civil-registra-90-ocorrencias-e-amplia-atendentes-do-199\/","title":{"rendered":"Defesa Civil registra 90 ocorr\u00eancias e amplia atendentes do 199"},"content":{"rendered":"\n<p>A Prefeitura de Manaus, por meio do Centro de Coopera\u00e7\u00e3o da Cidade (CCC) e da Secretaria Municipal de Seguran\u00e7a P\u00fablica e Defesa Social (Semseg), registrou na Central 199 da Defesa Civil mais de 90 ocorr\u00eancias, sendo mais da metade de alagamentos. As ocorr\u00eancias de maior severidade at\u00e9 o momento aconteceram na zona Leste, nos bairros Armando Mendes e Gilberto Mestrinho.<\/p>\n\n\n\n<p>Na comunidade da Sharp, localizada no bairro Armando Mendes, aconteceu um desmoronamento de resid\u00eancia de madeira. Dezessete fam\u00edlias que residiam no entorno foram retiradas e alocadas na escola municipal Arist\u00f3teles Comte de Alencar e devem receber os benef\u00edcios eventuais como colch\u00f5es e cestas b\u00e1sicas, da Secretaria Municipal da Mulher, Assist\u00eancia Social e Cidadania (Semasc). As fam\u00edlias da comunidade da Sharp est\u00e3o sendo atendidas pelo programa Prosamim + e por isso, n\u00e3o podem ser inseridas no Aux\u00edlio Aluguel.<\/p>\n\n\n\n<p>J\u00e1 no bairro Gilberto Mestrinho, uma casa de alvenaria desabou. A Defesa Civil j\u00e1 esteve no local e solicitou a retirada de tr\u00eas fam\u00edlias e a inclus\u00e3o das mesmas no aluguel social.<\/p>\n\n\n\n<p>Outro ponto da cidade que demandou aten\u00e7\u00e3o especial foi a comunidade Manaus 2000, no bairro Japiim, zona Sul. A \u00e1rea \u00e9 atendida pelo programa Prosamim +, e a Defesa Civil identificou nove resid\u00eancias desabadas, mas a Semasc, junto com a equipe do programa estadual, est\u00e3o realizando o levantamento da \u00e1rea e devem conceder benef\u00edcios eventuais.<\/p>\n\n\n\n<p>Devido \u00e0 alta na demanda da Central 199, a Defesa Civil ampliou o n\u00famero de atendentes, buscando dar fluidez nas liga\u00e7\u00f5es e garantir que as fam\u00edlias afetadas sejam atendidas.<\/p>\n\n\n\n<p>&#8212; &#8212; &#8212;<\/p>\n\n\n\n<p><strong>Texto \u2013&nbsp;<\/strong>Divulga\u00e7\u00e3o \/ Semseg<\/p>\n","protected":false},"excerpt":{"rendered":"","protected":false},"author":24,"featured_media":379,"comment_status":"closed","ping_status":"closed","sticky":false,"template":"","format":"standard","meta":{"footnotes":""},"categories":[73],"tags":[383,384,57,12,385,75,106,38,386,80,161,40],"acf":[],"yoast_head":"<!-- This site is optimized with the Yoast SEO plugin v23.0 - https:\/\/yoast.com\/wordpress\/plugins\/seo\/ -->\n<title>Defesa Civil registra 90 ocorr\u00eancias e amplia atendentes do 199<\/title>\n<meta name=\"robots\" content=\"index, follow, max-snippet:-1, max-image-preview:large, max-video-preview:-1\" \/>\n<link rel=\"canonical\" href=\"https:\/\/www.manaus.am.gov.br\/ccc\/defesa-civil-registra-90-ocorrencias-e-amplia-atendentes-do-199\/\" \/>\n<meta property=\"og:locale\" content=\"pt_BR\" \/>\n<meta property=\"og:type\" content=\"article\" \/>\n<meta property=\"og:title\" content=\"Defesa Civil registra 90 ocorr\u00eancias e amplia atendentes do 199\" \/>\n<meta property=\"og:url\" content=\"https:\/\/www.manaus.am.gov.br\/ccc\/defesa-civil-registra-90-ocorrencias-e-amplia-atendentes-do-199\/\" \/>\n<meta property=\"og:site_name\" content=\"CCC\" \/>\n<meta property=\"article:published_time\" content=\"2023-03-25T18:57:04+00:00\" \/>\n<meta property=\"article:modified_time\" content=\"2023-12-18T17:35:42+00:00\" \/>\n<meta property=\"og:image\" content=\"https:\/\/www.manaus.am.gov.br\/ccc\/wp-content\/uploads\/sites\/4\/2023\/03\/Nota.png\" \/>\n\t<meta property=\"og:image:width\" content=\"900\" \/>\n\t<meta property=\"og:image:height\" content=\"509\" \/>\n\t<meta property=\"og:image:type\" content=\"image\/png\" \/>\n<meta name=\"author\" content=\"Cl\u00e1udia Barbosa\" \/>\n<meta name=\"twitter:card\" content=\"summary_large_image\" \/>\n<meta name=\"twitter:label1\" content=\"Written by\" \/>\n\t<meta name=\"twitter:data1\" content=\"Cl\u00e1udia Barbosa\" \/>\n\t<meta name=\"twitter:label2\" content=\"Est. reading time\" \/>\n\t<meta name=\"twitter:data2\" content=\"2 minutos\" \/>\n<script type=\"application\/ld+json\" class=\"yoast-schema-graph\">{\"@context\":\"https:\/\/schema.org\",\"@graph\":[{\"@type\":\"WebPage\",\"@id\":\"https:\/\/www.manaus.am.gov.br\/ccc\/defesa-civil-registra-90-ocorrencias-e-amplia-atendentes-do-199\/\",\"url\":\"https:\/\/www.manaus.am.gov.br\/ccc\/defesa-civil-registra-90-ocorrencias-e-amplia-atendentes-do-199\/\",\"name\":\"Defesa Civil registra 90 ocorr\u00eancias e amplia atendentes do 199\",\"isPartOf\":{\"@id\":\"https:\/\/www.manaus.am.gov.br\/ccc\/#website\"},\"primaryImageOfPage\":{\"@id\":\"https:\/\/www.manaus.am.gov.br\/ccc\/defesa-civil-registra-90-ocorrencias-e-amplia-atendentes-do-199\/#primaryimage\"},\"image\":{\"@id\":\"https:\/\/www.manaus.am.gov.br\/ccc\/defesa-civil-registra-90-ocorrencias-e-amplia-atendentes-do-199\/#primaryimage\"},\"thumbnailUrl\":\"https:\/\/www.manaus.am.gov.br\/ccc\/wp-content\/uploads\/sites\/4\/2023\/03\/Nota.png\",\"datePublished\":\"2023-03-25T18:57:04+00:00\",\"dateModified\":\"2023-12-18T17:35:42+00:00\",\"author\":{\"@id\":\"https:\/\/www.manaus.am.gov.br\/ccc\/#\/schema\/person\/d0a166b5031154c33c77794ddc9a827e\"},\"inLanguage\":\"pt-BR\",\"potentialAction\":[{\"@type\":\"ReadAction\",\"target\":[\"https:\/\/www.manaus.am.gov.br\/ccc\/defesa-civil-registra-90-ocorrencias-e-amplia-atendentes-do-199\/\"]}]},{\"@type\":\"ImageObject\",\"inLanguage\":\"pt-BR\",\"@id\":\"https:\/\/www.manaus.am.gov.br\/ccc\/defesa-civil-registra-90-ocorrencias-e-amplia-atendentes-do-199\/#primaryimage\",\"url\":\"https:\/\/www.manaus.am.gov.br\/ccc\/wp-content\/uploads\/sites\/4\/2023\/03\/Nota.png\",\"contentUrl\":\"https:\/\/www.manaus.am.gov.br\/ccc\/wp-content\/uploads\/sites\/4\/2023\/03\/Nota.png\",\"width\":900,\"height\":509},{\"@type\":\"WebSite\",\"@id\":\"https:\/\/www.manaus.am.gov.br\/ccc\/#website\",\"url\":\"https:\/\/www.manaus.am.gov.br\/ccc\/\",\"name\":\"CCC\",\"description\":\"Centro de Coopera\u00e7\u00e3o da Cidade\",\"alternateName\":\"Centro de Coopera\u00e7\u00e3o da Cidade\",\"potentialAction\":[{\"@type\":\"SearchAction\",\"target\":{\"@type\":\"EntryPoint\",\"urlTemplate\":\"https:\/\/www.manaus.am.gov.br\/ccc\/?s={search_term_string}\"},\"query-input\":\"required name=search_term_string\"}],\"inLanguage\":\"pt-BR\"},{\"@type\":\"Person\",\"@id\":\"https:\/\/www.manaus.am.gov.br\/ccc\/#\/schema\/person\/d0a166b5031154c33c77794ddc9a827e\",\"name\":\"Cl\u00e1udia Barbosa\",\"image\":{\"@type\":\"ImageObject\",\"inLanguage\":\"pt-BR\",\"@id\":\"https:\/\/www.manaus.am.gov.br\/ccc\/#\/schema\/person\/image\/\",\"url\":\"https:\/\/secure.gravatar.com\/avatar\/42958a1cf007f1a00534009218c72590?s=96&d=mm&r=g\",\"contentUrl\":\"https:\/\/secure.gravatar.com\/avatar\/42958a1cf007f1a00534009218c72590?s=96&d=mm&r=g\",\"caption\":\"Cl\u00e1udia Barbosa\"}}]}<\/script>\n<!-- \/ Yoast SEO plugin. -->","yoast_head_json":{"title":"Defesa Civil registra 90 ocorr\u00eancias e amplia atendentes do 199","robots":{"index":"index","follow":"follow","max-snippet":"max-snippet:-1","max-image-preview":"max-image-preview:large","max-video-preview":"max-video-preview:-1"},"canonical":"https:\/\/www.manaus.am.gov.br\/ccc\/defesa-civil-registra-90-ocorrencias-e-amplia-atendentes-do-199\/","og_locale":"pt_BR","og_type":"article","og_title":"Defesa Civil registra 90 ocorr\u00eancias e amplia atendentes do 199","og_url":"https:\/\/www.manaus.am.gov.br\/ccc\/defesa-civil-registra-90-ocorrencias-e-amplia-atendentes-do-199\/","og_site_name":"CCC","article_published_time":"2023-03-25T18:57:04+00:00","article_modified_time":"2023-12-18T17:35:42+00:00","og_image":[{"width":900,"height":509,"url":"https:\/\/www.manaus.am.gov.br\/ccc\/wp-content\/uploads\/sites\/4\/2023\/03\/Nota.png","type":"image\/png"}],"author":"Cl\u00e1udia Barbosa","twitter_card":"summary_large_image","twitter_misc":{"Written by":"Cl\u00e1udia Barbosa","Est. reading time":"2 minutos"},"schema":{"@context":"https:\/\/schema.org","@graph":[{"@type":"WebPage","@id":"https:\/\/www.manaus.am.gov.br\/ccc\/defesa-civil-registra-90-ocorrencias-e-amplia-atendentes-do-199\/","url":"https:\/\/www.manaus.am.gov.br\/ccc\/defesa-civil-registra-90-ocorrencias-e-amplia-atendentes-do-199\/","name":"Defesa Civil registra 90 ocorr\u00eancias e amplia atendentes do 199","isPartOf":{"@id":"https:\/\/www.manaus.am.gov.br\/ccc\/#website"},"primaryImageOfPage":{"@id":"https:\/\/www.manaus.am.gov.br\/ccc\/defesa-civil-registra-90-ocorrencias-e-amplia-atendentes-do-199\/#primaryimage"},"image":{"@id":"https:\/\/www.manaus.am.gov.br\/ccc\/defesa-civil-registra-90-ocorrencias-e-amplia-atendentes-do-199\/#primaryimage"},"thumbnailUrl":"https:\/\/www.manaus.am.gov.br\/ccc\/wp-content\/uploads\/sites\/4\/2023\/03\/Nota.png","datePublished":"2023-03-25T18:57:04+00:00","dateModified":"2023-12-18T17:35:42+00:00","author":{"@id":"https:\/\/www.manaus.am.gov.br\/ccc\/#\/schema\/person\/d0a166b5031154c33c77794ddc9a827e"},"inLanguage":"pt-BR","potentialAction":[{"@type":"ReadAction","target":["https:\/\/www.manaus.am.gov.br\/ccc\/defesa-civil-registra-90-ocorrencias-e-amplia-atendentes-do-199\/"]}]},{"@type":"ImageObject","inLanguage":"pt-BR","@id":"https:\/\/www.manaus.am.gov.br\/ccc\/defesa-civil-registra-90-ocorrencias-e-amplia-atendentes-do-199\/#primaryimage","url":"https:\/\/www.manaus.am.gov.br\/ccc\/wp-content\/uploads\/sites\/4\/2023\/03\/Nota.png","contentUrl":"https:\/\/www.manaus.am.gov.br\/ccc\/wp-content\/uploads\/sites\/4\/2023\/03\/Nota.png","width":900,"height":509},{"@type":"WebSite","@id":"https:\/\/www.manaus.am.gov.br\/ccc\/#website","url":"https:\/\/www.manaus.am.gov.br\/ccc\/","name":"CCC","description":"Centro de Coopera\u00e7\u00e3o da Cidade","alternateName":"Centro de Coopera\u00e7\u00e3o da Cidade","potentialAction":[{"@type":"SearchAction","target":{"@type":"EntryPoint","urlTemplate":"https:\/\/www.manaus.am.gov.br\/ccc\/?s={search_term_string}"},"query-input":"required name=search_term_string"}],"inLanguage":"pt-BR"},{"@type":"Person","@id":"https:\/\/www.manaus.am.gov.br\/ccc\/#\/schema\/person\/d0a166b5031154c33c77794ddc9a827e","name":"Cl\u00e1udia Barbosa","image":{"@type":"ImageObject","inLanguage":"pt-BR","@id":"https:\/\/www.manaus.am.gov.br\/ccc\/#\/schema\/person\/image\/","url":"https:\/\/secure.gravatar.com\/avatar\/42958a1cf007f1a00534009218c72590?s=96&d=mm&r=g","contentUrl":"https:\/\/secure.gravatar.com\/avatar\/42958a1cf007f1a00534009218c72590?s=96&d=mm&r=g","caption":"Cl\u00e1udia Barbosa"}}]}},"_links":{"self":[{"href":"https:\/\/www.manaus.am.gov.br\/ccc\/wp-json\/wp\/v2\/posts\/1027"}],"collection":[{"href":"https:\/\/www.manaus.am.gov.br\/ccc\/wp-json\/wp\/v2\/posts"}],"about":[{"href":"https:\/\/www.manaus.am.gov.br\/ccc\/wp-json\/wp\/v2\/types\/post"}],"author":[{"embeddable":true,"href":"https:\/\/www.manaus.am.gov.br\/ccc\/wp-json\/wp\/v2\/users\/24"}],"replies":[{"embeddable":true,"href":"https:\/\/www.manaus.am.gov.br\/ccc\/wp-json\/wp\/v2\/comments?post=1027"}],"version-history":[{"count":0,"href":"https:\/\/www.manaus.am.gov.br\/ccc\/wp-json\/wp\/v2\/posts\/1027\/revisions"}],"wp:featuredmedia":[{"embeddable":true,"href":"https:\/\/www.manaus.am.gov.br\/ccc\/wp-json\/wp\/v2\/media\/379"}],"wp:attachment":[{"href":"https:\/\/www.manaus.am.gov.br\/ccc\/wp-json\/wp\/v2\/media?parent=1027"}],"wp:term":[{"taxonomy":"category","embeddable":true,"href":"https:\/\/www.manaus.am.gov.br\/ccc\/wp-json\/wp\/v2\/categories?post=1027"},{"taxonomy":"post_tag","embeddable":true,"href":"https:\/\/www.manaus.am.gov.br\/ccc\/wp-json\/wp\/v2\/tags?post=1027"}],"curies":[{"name":"wp","href":"https:\/\/api.w.org\/{rel}","templated":true}]}}