{"id":1023,"date":"2023-03-31T14:43:51","date_gmt":"2023-03-31T18:43:51","guid":{"rendered":"https:\/\/www.manaus.am.gov.br\/ccc\/prefeito-sanciona-lei-que-proibe-a-instalacao-de-medidores-aereos-em-manaus\/"},"modified":"2023-12-18T13:34:20","modified_gmt":"2023-12-18T17:34:20","slug":"prefeito-sanciona-lei-que-proibe-a-instalacao-de-medidores-aereos-em-manaus","status":"publish","type":"post","link":"https:\/\/www.manaus.am.gov.br\/ccc\/prefeito-sanciona-lei-que-proibe-a-instalacao-de-medidores-aereos-em-manaus\/","title":{"rendered":"Prefeito sanciona lei que pro\u00edbe a instala\u00e7\u00e3o de medidores a\u00e9reos em Manaus"},"content":{"rendered":"\n<p>O prefeito de Manaus, David Almeida, sancionou, nesta sexta-feira, 31\/3, a Lei n\u00ba 3.024\/2023, oriunda da C\u00e2mara Municipal de Manaus (CMM), que pro\u00edbe a instala\u00e7\u00e3o dos medidores a\u00e9reos de energia na cidade de Manaus. A assinatura do documento aconteceu no Centro de Coopera\u00e7\u00e3o da Cidade (CCC), no bairro Adrian\u00f3polis, zona Centro-Sul, com a presen\u00e7a do presidente da CMM, Caio Andr\u00e9, e vereadores favor\u00e1veis \u00e0 cria\u00e7\u00e3o da legisla\u00e7\u00e3o.<\/p>\n\n\n\n<p>Na ocasi\u00e3o, o prefeito destacou que uma das quest\u00f5es do projeto \u00e9 a polui\u00e7\u00e3o visual causada pelos medidores a\u00e9reos nas ruas de Manaus. A nova lei ser\u00e1 publicada na edi\u00e7\u00e3o desta sexta-feira do Di\u00e1rio Oficial do Munic\u00edpio (DOM).<\/p>\n\n\n\n<p>\u201cQuero aqui parabenizar a c\u00e2mara pela aprova\u00e7\u00e3o da lei, quero parabenizar todos os vereadores pela postura. Nesse momento acabo de sancionar uma lei aprovada pela c\u00e2mara municipal que vai para publica\u00e7\u00e3o no dia de hoje. Ela trata exatamente sobre a quest\u00e3o visual da nossa cidade, e essa lei trata exatamente isso ent\u00e3o, para que essas posturas n\u00e3o venham acontecer mais na nossa cidade. Todos aqueles cabos de fio e ainda mais com os medidores, isso traz uma polui\u00e7\u00e3o visual muito grande na cidade, n\u00f3s estamos buscando nos adequar de uma forma mais moderna atrav\u00e9s da lei do vereador Caio aprovada\u201d, assegurou o prefeito David Almeida.<\/p>\n\n\n\n<p>O Projeto de Lei, de autoria do vereador Caio Andr\u00e9, acrescenta ao artigo 1\u00ba da Lei Municipal n\u00ba 2.208\/2017, um novo par\u00e1grafo \u00fanico que pro\u00edbe a instala\u00e7\u00e3o de sistemas de medi\u00e7\u00e3o de energia el\u00e9trica, externos ou centralizados, fixados nos postes de energia el\u00e9trica, ressalvadas as caixas de passagem de energia el\u00e9trica, transformadores e cabeamento de internet e TV a cabo, desde que seja observado um raio de 500 metros entre um e outro, para evitar polui\u00e7\u00e3o visual.<\/p>\n\n\n\n<p>\u201cTodos n\u00f3s estamos fazendo nosso papel, indo ao encontro do que mais anseia a popula\u00e7\u00e3o da nossa cidade. Eu acredito que a partir de agora n\u00f3s temos um marco legal para tratar n\u00e3o s\u00f3 da quest\u00e3o dos medidores, mas principalmente das fia\u00e7\u00f5es a\u00e9reas que existem nos nossos postes\u201d, completou o presidente da c\u00e2mara, vereador Caio Assis.<\/p>\n\n\n\n<p>O projeto foi aprovado em vota\u00e7\u00e3o final, depois de ter passado por duas comiss\u00f5es na Casa Legislativa, atestando a constitucionalidade da mat\u00e9ria: Comiss\u00e3o de Constitui\u00e7\u00e3o, Justi\u00e7a e Reda\u00e7\u00e3o (CCJR); e Comiss\u00e3o de Finan\u00e7as, Economia e Or\u00e7amento (CFEO).<\/p>\n\n\n\n<p>&#8212; &#8212; &#8212;<\/p>\n\n\n\n<p><strong>Texto <\/strong>\u2013 Beathriz Torres \/ Semcom<\/p>\n\n\n\n<p><strong>Fotos \u2013 <\/strong>Jo\u00e3o Viana e Ant\u00f4nio Pereira \/ Semcom<\/p>\n\n\n\n<p><strong>Dispon\u00edveis em &#8211; <\/strong><a href=\"https:\/\/flic.kr\/s\/aHBqjAy45Q\">https:\/\/flic.kr\/s\/aHBqjAy45Q<\/a><\/p>\n","protected":false},"excerpt":{"rendered":"","protected":false},"author":39,"featured_media":1024,"comment_status":"closed","ping_status":"closed","sticky":false,"template":"","format":"standard","meta":{"footnotes":""},"categories":[377],"tags":[378,379,67,343,380],"acf":[],"yoast_head":"<!-- This site is optimized with the Yoast SEO plugin v23.0 - https:\/\/yoast.com\/wordpress\/plugins\/seo\/ -->\n<title>Prefeito sanciona lei que pro\u00edbe a instala\u00e7\u00e3o de medidores a\u00e9reos em Manaus<\/title>\n<meta name=\"description\" content=\"O projeto foi aprovado em vota\u00e7\u00e3o final, depois de ter passado por duas comiss\u00f5es na Casa Legislativa, atestando a constitucionalidade da mat\u00e9ria: Comiss\u00e3o de Constitui\u00e7\u00e3o, Justi\u00e7a e Reda\u00e7\u00e3o (CCJR); e Comiss\u00e3o de Finan\u00e7as, Economia e Or\u00e7amento (CFEO).\" \/>\n<meta name=\"robots\" content=\"index, follow, max-snippet:-1, max-image-preview:large, max-video-preview:-1\" \/>\n<link rel=\"canonical\" href=\"https:\/\/www.manaus.am.gov.br\/ccc\/prefeito-sanciona-lei-que-proibe-a-instalacao-de-medidores-aereos-em-manaus\/\" \/>\n<meta property=\"og:locale\" content=\"pt_BR\" \/>\n<meta property=\"og:type\" content=\"article\" \/>\n<meta property=\"og:title\" content=\"Prefeito sanciona lei que pro\u00edbe a instala\u00e7\u00e3o de medidores a\u00e9reos em Manaus\" \/>\n<meta property=\"og:description\" content=\"O projeto foi aprovado em vota\u00e7\u00e3o final, depois de ter passado por duas comiss\u00f5es na Casa Legislativa, atestando a constitucionalidade da mat\u00e9ria: Comiss\u00e3o de Constitui\u00e7\u00e3o, Justi\u00e7a e Reda\u00e7\u00e3o (CCJR); e Comiss\u00e3o de Finan\u00e7as, Economia e Or\u00e7amento (CFEO).\" \/>\n<meta property=\"og:url\" content=\"https:\/\/www.manaus.am.gov.br\/ccc\/prefeito-sanciona-lei-que-proibe-a-instalacao-de-medidores-aereos-em-manaus\/\" \/>\n<meta property=\"og:site_name\" content=\"CCC\" \/>\n<meta property=\"article:published_time\" content=\"2023-03-31T18:43:51+00:00\" \/>\n<meta property=\"article:modified_time\" content=\"2023-12-18T17:34:20+00:00\" \/>\n<meta property=\"og:image\" content=\"https:\/\/www.manaus.am.gov.br\/ccc\/wp-content\/uploads\/sites\/4\/2023\/12\/52784206650_038ae2fa02_k.jpg\" \/>\n\t<meta property=\"og:image:width\" content=\"2048\" \/>\n\t<meta property=\"og:image:height\" content=\"1365\" \/>\n\t<meta property=\"og:image:type\" content=\"image\/jpeg\" \/>\n<meta name=\"author\" content=\"Bruna Greco\" \/>\n<meta name=\"twitter:card\" content=\"summary_large_image\" \/>\n<meta name=\"twitter:label1\" content=\"Written by\" \/>\n\t<meta name=\"twitter:data1\" content=\"Bruna Greco\" \/>\n\t<meta name=\"twitter:label2\" content=\"Est. reading time\" \/>\n\t<meta name=\"twitter:data2\" content=\"3 minutos\" \/>\n<script type=\"application\/ld+json\" class=\"yoast-schema-graph\">{\"@context\":\"https:\/\/schema.org\",\"@graph\":[{\"@type\":\"WebPage\",\"@id\":\"https:\/\/www.manaus.am.gov.br\/ccc\/prefeito-sanciona-lei-que-proibe-a-instalacao-de-medidores-aereos-em-manaus\/\",\"url\":\"https:\/\/www.manaus.am.gov.br\/ccc\/prefeito-sanciona-lei-que-proibe-a-instalacao-de-medidores-aereos-em-manaus\/\",\"name\":\"Prefeito sanciona lei que pro\u00edbe a instala\u00e7\u00e3o de medidores a\u00e9reos em Manaus\",\"isPartOf\":{\"@id\":\"https:\/\/www.manaus.am.gov.br\/ccc\/#website\"},\"primaryImageOfPage\":{\"@id\":\"https:\/\/www.manaus.am.gov.br\/ccc\/prefeito-sanciona-lei-que-proibe-a-instalacao-de-medidores-aereos-em-manaus\/#primaryimage\"},\"image\":{\"@id\":\"https:\/\/www.manaus.am.gov.br\/ccc\/prefeito-sanciona-lei-que-proibe-a-instalacao-de-medidores-aereos-em-manaus\/#primaryimage\"},\"thumbnailUrl\":\"https:\/\/www.manaus.am.gov.br\/ccc\/wp-content\/uploads\/sites\/4\/2023\/12\/52784206650_038ae2fa02_k.jpg\",\"datePublished\":\"2023-03-31T18:43:51+00:00\",\"dateModified\":\"2023-12-18T17:34:20+00:00\",\"author\":{\"@id\":\"https:\/\/www.manaus.am.gov.br\/ccc\/#\/schema\/person\/05d223aea2bf115f9883a6ff3683d81b\"},\"description\":\"O projeto foi aprovado em vota\u00e7\u00e3o final, depois de ter passado por duas comiss\u00f5es na Casa Legislativa, atestando a constitucionalidade da mat\u00e9ria: Comiss\u00e3o de Constitui\u00e7\u00e3o, Justi\u00e7a e Reda\u00e7\u00e3o (CCJR); e Comiss\u00e3o de Finan\u00e7as, Economia e Or\u00e7amento (CFEO).\",\"inLanguage\":\"pt-BR\",\"potentialAction\":[{\"@type\":\"ReadAction\",\"target\":[\"https:\/\/www.manaus.am.gov.br\/ccc\/prefeito-sanciona-lei-que-proibe-a-instalacao-de-medidores-aereos-em-manaus\/\"]}]},{\"@type\":\"ImageObject\",\"inLanguage\":\"pt-BR\",\"@id\":\"https:\/\/www.manaus.am.gov.br\/ccc\/prefeito-sanciona-lei-que-proibe-a-instalacao-de-medidores-aereos-em-manaus\/#primaryimage\",\"url\":\"https:\/\/www.manaus.am.gov.br\/ccc\/wp-content\/uploads\/sites\/4\/2023\/12\/52784206650_038ae2fa02_k.jpg\",\"contentUrl\":\"https:\/\/www.manaus.am.gov.br\/ccc\/wp-content\/uploads\/sites\/4\/2023\/12\/52784206650_038ae2fa02_k.jpg\",\"width\":2048,\"height\":1365},{\"@type\":\"WebSite\",\"@id\":\"https:\/\/www.manaus.am.gov.br\/ccc\/#website\",\"url\":\"https:\/\/www.manaus.am.gov.br\/ccc\/\",\"name\":\"CCC\",\"description\":\"Centro de Coopera\u00e7\u00e3o da Cidade\",\"alternateName\":\"Centro de Coopera\u00e7\u00e3o da Cidade\",\"potentialAction\":[{\"@type\":\"SearchAction\",\"target\":{\"@type\":\"EntryPoint\",\"urlTemplate\":\"https:\/\/www.manaus.am.gov.br\/ccc\/?s={search_term_string}\"},\"query-input\":\"required name=search_term_string\"}],\"inLanguage\":\"pt-BR\"},{\"@type\":\"Person\",\"@id\":\"https:\/\/www.manaus.am.gov.br\/ccc\/#\/schema\/person\/05d223aea2bf115f9883a6ff3683d81b\",\"name\":\"Bruna Greco\",\"image\":{\"@type\":\"ImageObject\",\"inLanguage\":\"pt-BR\",\"@id\":\"https:\/\/www.manaus.am.gov.br\/ccc\/#\/schema\/person\/image\/\",\"url\":\"https:\/\/secure.gravatar.com\/avatar\/9c877d1a6adc2a055330e5c09a8653ce?s=96&d=mm&r=g\",\"contentUrl\":\"https:\/\/secure.gravatar.com\/avatar\/9c877d1a6adc2a055330e5c09a8653ce?s=96&d=mm&r=g\",\"caption\":\"Bruna Greco\"}}]}<\/script>\n<!-- \/ Yoast SEO plugin. -->","yoast_head_json":{"title":"Prefeito sanciona lei que pro\u00edbe a instala\u00e7\u00e3o de medidores a\u00e9reos em Manaus","description":"O projeto foi aprovado em vota\u00e7\u00e3o final, depois de ter passado por duas comiss\u00f5es na Casa Legislativa, atestando a constitucionalidade da mat\u00e9ria: Comiss\u00e3o de Constitui\u00e7\u00e3o, Justi\u00e7a e Reda\u00e7\u00e3o (CCJR); e Comiss\u00e3o de Finan\u00e7as, Economia e Or\u00e7amento (CFEO).","robots":{"index":"index","follow":"follow","max-snippet":"max-snippet:-1","max-image-preview":"max-image-preview:large","max-video-preview":"max-video-preview:-1"},"canonical":"https:\/\/www.manaus.am.gov.br\/ccc\/prefeito-sanciona-lei-que-proibe-a-instalacao-de-medidores-aereos-em-manaus\/","og_locale":"pt_BR","og_type":"article","og_title":"Prefeito sanciona lei que pro\u00edbe a instala\u00e7\u00e3o de medidores a\u00e9reos em Manaus","og_description":"O projeto foi aprovado em vota\u00e7\u00e3o final, depois de ter passado por duas comiss\u00f5es na Casa Legislativa, atestando a constitucionalidade da mat\u00e9ria: Comiss\u00e3o de Constitui\u00e7\u00e3o, Justi\u00e7a e Reda\u00e7\u00e3o (CCJR); e Comiss\u00e3o de Finan\u00e7as, Economia e Or\u00e7amento (CFEO).","og_url":"https:\/\/www.manaus.am.gov.br\/ccc\/prefeito-sanciona-lei-que-proibe-a-instalacao-de-medidores-aereos-em-manaus\/","og_site_name":"CCC","article_published_time":"2023-03-31T18:43:51+00:00","article_modified_time":"2023-12-18T17:34:20+00:00","og_image":[{"width":2048,"height":1365,"url":"https:\/\/www.manaus.am.gov.br\/ccc\/wp-content\/uploads\/sites\/4\/2023\/12\/52784206650_038ae2fa02_k.jpg","type":"image\/jpeg"}],"author":"Bruna Greco","twitter_card":"summary_large_image","twitter_misc":{"Written by":"Bruna Greco","Est. reading time":"3 minutos"},"schema":{"@context":"https:\/\/schema.org","@graph":[{"@type":"WebPage","@id":"https:\/\/www.manaus.am.gov.br\/ccc\/prefeito-sanciona-lei-que-proibe-a-instalacao-de-medidores-aereos-em-manaus\/","url":"https:\/\/www.manaus.am.gov.br\/ccc\/prefeito-sanciona-lei-que-proibe-a-instalacao-de-medidores-aereos-em-manaus\/","name":"Prefeito sanciona lei que pro\u00edbe a instala\u00e7\u00e3o de medidores a\u00e9reos em Manaus","isPartOf":{"@id":"https:\/\/www.manaus.am.gov.br\/ccc\/#website"},"primaryImageOfPage":{"@id":"https:\/\/www.manaus.am.gov.br\/ccc\/prefeito-sanciona-lei-que-proibe-a-instalacao-de-medidores-aereos-em-manaus\/#primaryimage"},"image":{"@id":"https:\/\/www.manaus.am.gov.br\/ccc\/prefeito-sanciona-lei-que-proibe-a-instalacao-de-medidores-aereos-em-manaus\/#primaryimage"},"thumbnailUrl":"https:\/\/www.manaus.am.gov.br\/ccc\/wp-content\/uploads\/sites\/4\/2023\/12\/52784206650_038ae2fa02_k.jpg","datePublished":"2023-03-31T18:43:51+00:00","dateModified":"2023-12-18T17:34:20+00:00","author":{"@id":"https:\/\/www.manaus.am.gov.br\/ccc\/#\/schema\/person\/05d223aea2bf115f9883a6ff3683d81b"},"description":"O projeto foi aprovado em vota\u00e7\u00e3o final, depois de ter passado por duas comiss\u00f5es na Casa Legislativa, atestando a constitucionalidade da mat\u00e9ria: Comiss\u00e3o de Constitui\u00e7\u00e3o, Justi\u00e7a e Reda\u00e7\u00e3o (CCJR); e Comiss\u00e3o de Finan\u00e7as, Economia e Or\u00e7amento (CFEO).","inLanguage":"pt-BR","potentialAction":[{"@type":"ReadAction","target":["https:\/\/www.manaus.am.gov.br\/ccc\/prefeito-sanciona-lei-que-proibe-a-instalacao-de-medidores-aereos-em-manaus\/"]}]},{"@type":"ImageObject","inLanguage":"pt-BR","@id":"https:\/\/www.manaus.am.gov.br\/ccc\/prefeito-sanciona-lei-que-proibe-a-instalacao-de-medidores-aereos-em-manaus\/#primaryimage","url":"https:\/\/www.manaus.am.gov.br\/ccc\/wp-content\/uploads\/sites\/4\/2023\/12\/52784206650_038ae2fa02_k.jpg","contentUrl":"https:\/\/www.manaus.am.gov.br\/ccc\/wp-content\/uploads\/sites\/4\/2023\/12\/52784206650_038ae2fa02_k.jpg","width":2048,"height":1365},{"@type":"WebSite","@id":"https:\/\/www.manaus.am.gov.br\/ccc\/#website","url":"https:\/\/www.manaus.am.gov.br\/ccc\/","name":"CCC","description":"Centro de Coopera\u00e7\u00e3o da Cidade","alternateName":"Centro de Coopera\u00e7\u00e3o da Cidade","potentialAction":[{"@type":"SearchAction","target":{"@type":"EntryPoint","urlTemplate":"https:\/\/www.manaus.am.gov.br\/ccc\/?s={search_term_string}"},"query-input":"required name=search_term_string"}],"inLanguage":"pt-BR"},{"@type":"Person","@id":"https:\/\/www.manaus.am.gov.br\/ccc\/#\/schema\/person\/05d223aea2bf115f9883a6ff3683d81b","name":"Bruna Greco","image":{"@type":"ImageObject","inLanguage":"pt-BR","@id":"https:\/\/www.manaus.am.gov.br\/ccc\/#\/schema\/person\/image\/","url":"https:\/\/secure.gravatar.com\/avatar\/9c877d1a6adc2a055330e5c09a8653ce?s=96&d=mm&r=g","contentUrl":"https:\/\/secure.gravatar.com\/avatar\/9c877d1a6adc2a055330e5c09a8653ce?s=96&d=mm&r=g","caption":"Bruna Greco"}}]}},"_links":{"self":[{"href":"https:\/\/www.manaus.am.gov.br\/ccc\/wp-json\/wp\/v2\/posts\/1023"}],"collection":[{"href":"https:\/\/www.manaus.am.gov.br\/ccc\/wp-json\/wp\/v2\/posts"}],"about":[{"href":"https:\/\/www.manaus.am.gov.br\/ccc\/wp-json\/wp\/v2\/types\/post"}],"author":[{"embeddable":true,"href":"https:\/\/www.manaus.am.gov.br\/ccc\/wp-json\/wp\/v2\/users\/39"}],"replies":[{"embeddable":true,"href":"https:\/\/www.manaus.am.gov.br\/ccc\/wp-json\/wp\/v2\/comments?post=1023"}],"version-history":[{"count":0,"href":"https:\/\/www.manaus.am.gov.br\/ccc\/wp-json\/wp\/v2\/posts\/1023\/revisions"}],"wp:featuredmedia":[{"embeddable":true,"href":"https:\/\/www.manaus.am.gov.br\/ccc\/wp-json\/wp\/v2\/media\/1024"}],"wp:attachment":[{"href":"https:\/\/www.manaus.am.gov.br\/ccc\/wp-json\/wp\/v2\/media?parent=1023"}],"wp:term":[{"taxonomy":"category","embeddable":true,"href":"https:\/\/www.manaus.am.gov.br\/ccc\/wp-json\/wp\/v2\/categories?post=1023"},{"taxonomy":"post_tag","embeddable":true,"href":"https:\/\/www.manaus.am.gov.br\/ccc\/wp-json\/wp\/v2\/tags?post=1023"}],"curies":[{"name":"wp","href":"https:\/\/api.w.org\/{rel}","templated":true}]}}