{"id":1021,"date":"2023-04-03T13:20:55","date_gmt":"2023-04-03T17:20:55","guid":{"rendered":"https:\/\/www.manaus.am.gov.br\/ccc\/prefeito-destaca-acoes-municipais-no-acolhimento-de-imigrantes-e-refugiados\/"},"modified":"2023-12-18T13:34:02","modified_gmt":"2023-12-18T17:34:02","slug":"prefeito-destaca-acoes-municipais-no-acolhimento-de-imigrantes-e-refugiados","status":"publish","type":"post","link":"https:\/\/www.manaus.am.gov.br\/ccc\/prefeito-destaca-acoes-municipais-no-acolhimento-de-imigrantes-e-refugiados\/","title":{"rendered":"Prefeito destaca a\u00e7\u00f5es municipais no acolhimento de imigrantes e refugiados"},"content":{"rendered":"\n<p>O prefeito de Manaus, David Almeida, recebeu a visita, nesta segunda-feira, 3\/4, do representante da Ag\u00eancia da Organiza\u00e7\u00e3o das Na\u00e7\u00f5es Unidas (ONU) para Refugiados (Acnur) no Brasil, Davide Torzilli, para discutir a\u00e7\u00f5es que visam ampliar o acolhimento aos refugiados e imigrantes na cidade de Manaus.<\/p>\n\n\n\n<p>Durante o encontro, que aconteceu no Centro de Coopera\u00e7\u00e3o da Cidade (CCC), na zona Centro-Sul, foi salientado o compromisso de fortalecer a parceria entre os \u00f3rg\u00e3os para agilizar o atendimento pelos instrumentos de assist\u00eancia social do munic\u00edpio.<\/p>\n\n\n\n<p>&#8220;Todas as a\u00e7\u00f5es que estamos fazendo t\u00eam a presen\u00e7a de venezuelanos, haitianos, ent\u00e3o, \u00e9 importante a participa\u00e7\u00e3o do Acnur, porque nos traz informa\u00e7\u00f5es importantes sobre a documenta\u00e7\u00e3o dessas pessoas, para que possamos atend\u00ea-las. Essa parceria tem facilitado o trabalho da prefeitura. A partir desse apoio, podemos ajudar com mais celeridade os estrangeiros residentes aqui na cidade de Manaus&#8221;, enfatizou o chefe do Executivo municipal.<\/p>\n\n\n\n<p>Participaram do encontro os titulares das secretarias municipais de Educa\u00e7\u00e3o (Semed), Dulce Almeida, e de Mulher, Assist\u00eancia Social e Cidadania (Semasc), Eduardo Lucas.<\/p>\n\n\n\n<p>Entre os pontos discutidos est\u00e3o a cria\u00e7\u00e3o de um novo centro de acolhimento no centro da capital amazonense e o lan\u00e7amento de um atendimento m\u00f3vel.<\/p>\n\n\n\n<p>Representante do Acnur no Brasil, Davide Torzilli, fez quest\u00e3o de destacar a qualidade do servi\u00e7o oferecido pela atual gest\u00e3o municipal de Manaus. &#8220;Hoje, encontramos o prefeito (David Almeida) para reconhecer o trabalho que a prefeitura est\u00e1 fazendo para receber, acolher e proteger a pessoa refugiada e imigrante em Manaus. A cidade tem aplicado muito bem a pr\u00e1tica de atender os refugiados venezuelanos e ind\u00edgenas, a partir de assist\u00eancias sociais e atua\u00e7\u00f5es em \u00e1reas como Sa\u00fade e Educa\u00e7\u00e3o. \u00c9 um trabalho muito importante e temos que seguir, porque o n\u00famero de refugiados est\u00e1 aumentando e precisamos manter a prote\u00e7\u00e3o dessas pessoas&#8221;, finalizou.<\/p>\n\n\n\n<p>&#8212; &#8212; &#8212;<\/p>\n\n\n\n<p><strong>Texto \u2013\u00a0<\/strong>Thiago Fernando\/Semcom<\/p>\n\n\n\n<p><strong>Fotos<\/strong> \u2013 Dhyeizo Lemos\/Semcom<\/p>\n\n\n\n<p><strong>Dispon\u00edveis em<\/strong> &#8211; <a href=\"https:\/\/flic.kr\/s\/aHBqjAyqoX\">https:\/\/flic.kr\/s\/aHBqjAyqoX<\/a><\/p>\n","protected":false},"excerpt":{"rendered":"","protected":false},"author":23,"featured_media":1022,"comment_status":"closed","ping_status":"closed","sticky":false,"template":"","format":"standard","meta":{"footnotes":""},"categories":[359],"tags":[376],"acf":[],"yoast_head":"<!-- This site is optimized with the Yoast SEO plugin v23.0 - https:\/\/yoast.com\/wordpress\/plugins\/seo\/ -->\n<title>Prefeito destaca a\u00e7\u00f5es municipais no acolhimento de imigrantes e refugiados<\/title>\n<meta name=\"description\" content=\"O prefeito de Manaus, David Almeida, recebeu a visita, nesta segunda-feira, 3\/4, do representante da Ag\u00eancia da Organiza\u00e7\u00e3o das Na\u00e7\u00f5es Unidas (ONU) para Refugiados (Acnur) no Brasil, Davide Torzilli, para discutir a\u00e7\u00f5es que visam ampliar o acolhimento aos refugiados e imigrantes na cidade de Manaus.\" \/>\n<meta name=\"robots\" content=\"index, follow, max-snippet:-1, max-image-preview:large, max-video-preview:-1\" \/>\n<link rel=\"canonical\" href=\"https:\/\/www.manaus.am.gov.br\/ccc\/prefeito-destaca-acoes-municipais-no-acolhimento-de-imigrantes-e-refugiados\/\" \/>\n<meta property=\"og:locale\" content=\"pt_BR\" \/>\n<meta property=\"og:type\" content=\"article\" \/>\n<meta property=\"og:title\" content=\"Prefeito destaca a\u00e7\u00f5es municipais no acolhimento de imigrantes e refugiados\" \/>\n<meta property=\"og:description\" content=\"O prefeito de Manaus, David Almeida, recebeu a visita, nesta segunda-feira, 3\/4, do representante da Ag\u00eancia da Organiza\u00e7\u00e3o das Na\u00e7\u00f5es Unidas (ONU) para Refugiados (Acnur) no Brasil, Davide Torzilli, para discutir a\u00e7\u00f5es que visam ampliar o acolhimento aos refugiados e imigrantes na cidade de Manaus.\" \/>\n<meta property=\"og:url\" content=\"https:\/\/www.manaus.am.gov.br\/ccc\/prefeito-destaca-acoes-municipais-no-acolhimento-de-imigrantes-e-refugiados\/\" \/>\n<meta property=\"og:site_name\" content=\"CCC\" \/>\n<meta property=\"article:published_time\" content=\"2023-04-03T17:20:55+00:00\" \/>\n<meta property=\"article:modified_time\" content=\"2023-12-18T17:34:02+00:00\" \/>\n<meta property=\"og:image\" content=\"https:\/\/www.manaus.am.gov.br\/ccc\/wp-content\/uploads\/sites\/4\/2023\/12\/52790686306_388fa75a8b_c.jpg\" \/>\n\t<meta property=\"og:image:width\" content=\"799\" \/>\n\t<meta property=\"og:image:height\" content=\"533\" \/>\n\t<meta property=\"og:image:type\" content=\"image\/jpeg\" \/>\n<meta name=\"author\" content=\"Adriana Costa\" \/>\n<meta name=\"twitter:card\" content=\"summary_large_image\" \/>\n<meta name=\"twitter:label1\" content=\"Written by\" \/>\n\t<meta name=\"twitter:data1\" content=\"Adriana Costa\" \/>\n\t<meta name=\"twitter:label2\" content=\"Est. reading time\" \/>\n\t<meta name=\"twitter:data2\" content=\"2 minutos\" \/>\n<script type=\"application\/ld+json\" class=\"yoast-schema-graph\">{\"@context\":\"https:\/\/schema.org\",\"@graph\":[{\"@type\":\"WebPage\",\"@id\":\"https:\/\/www.manaus.am.gov.br\/ccc\/prefeito-destaca-acoes-municipais-no-acolhimento-de-imigrantes-e-refugiados\/\",\"url\":\"https:\/\/www.manaus.am.gov.br\/ccc\/prefeito-destaca-acoes-municipais-no-acolhimento-de-imigrantes-e-refugiados\/\",\"name\":\"Prefeito destaca a\u00e7\u00f5es municipais no acolhimento de imigrantes e refugiados\",\"isPartOf\":{\"@id\":\"https:\/\/www.manaus.am.gov.br\/ccc\/#website\"},\"primaryImageOfPage\":{\"@id\":\"https:\/\/www.manaus.am.gov.br\/ccc\/prefeito-destaca-acoes-municipais-no-acolhimento-de-imigrantes-e-refugiados\/#primaryimage\"},\"image\":{\"@id\":\"https:\/\/www.manaus.am.gov.br\/ccc\/prefeito-destaca-acoes-municipais-no-acolhimento-de-imigrantes-e-refugiados\/#primaryimage\"},\"thumbnailUrl\":\"https:\/\/www.manaus.am.gov.br\/ccc\/wp-content\/uploads\/sites\/4\/2023\/12\/52790686306_388fa75a8b_c.jpg\",\"datePublished\":\"2023-04-03T17:20:55+00:00\",\"dateModified\":\"2023-12-18T17:34:02+00:00\",\"author\":{\"@id\":\"https:\/\/www.manaus.am.gov.br\/ccc\/#\/schema\/person\/4e49f4e267757a06ca072ec61b2b9968\"},\"description\":\"O prefeito de Manaus, David Almeida, recebeu a visita, nesta segunda-feira, 3\/4, do representante da Ag\u00eancia da Organiza\u00e7\u00e3o das Na\u00e7\u00f5es Unidas (ONU) para Refugiados (Acnur) no Brasil, Davide Torzilli, para discutir a\u00e7\u00f5es que visam ampliar o acolhimento aos refugiados e imigrantes na cidade de Manaus.\",\"inLanguage\":\"pt-BR\",\"potentialAction\":[{\"@type\":\"ReadAction\",\"target\":[\"https:\/\/www.manaus.am.gov.br\/ccc\/prefeito-destaca-acoes-municipais-no-acolhimento-de-imigrantes-e-refugiados\/\"]}]},{\"@type\":\"ImageObject\",\"inLanguage\":\"pt-BR\",\"@id\":\"https:\/\/www.manaus.am.gov.br\/ccc\/prefeito-destaca-acoes-municipais-no-acolhimento-de-imigrantes-e-refugiados\/#primaryimage\",\"url\":\"https:\/\/www.manaus.am.gov.br\/ccc\/wp-content\/uploads\/sites\/4\/2023\/12\/52790686306_388fa75a8b_c.jpg\",\"contentUrl\":\"https:\/\/www.manaus.am.gov.br\/ccc\/wp-content\/uploads\/sites\/4\/2023\/12\/52790686306_388fa75a8b_c.jpg\",\"width\":799,\"height\":533},{\"@type\":\"WebSite\",\"@id\":\"https:\/\/www.manaus.am.gov.br\/ccc\/#website\",\"url\":\"https:\/\/www.manaus.am.gov.br\/ccc\/\",\"name\":\"CCC\",\"description\":\"Centro de Coopera\u00e7\u00e3o da Cidade\",\"alternateName\":\"Centro de Coopera\u00e7\u00e3o da Cidade\",\"potentialAction\":[{\"@type\":\"SearchAction\",\"target\":{\"@type\":\"EntryPoint\",\"urlTemplate\":\"https:\/\/www.manaus.am.gov.br\/ccc\/?s={search_term_string}\"},\"query-input\":\"required name=search_term_string\"}],\"inLanguage\":\"pt-BR\"},{\"@type\":\"Person\",\"@id\":\"https:\/\/www.manaus.am.gov.br\/ccc\/#\/schema\/person\/4e49f4e267757a06ca072ec61b2b9968\",\"name\":\"Adriana Costa\",\"image\":{\"@type\":\"ImageObject\",\"inLanguage\":\"pt-BR\",\"@id\":\"https:\/\/www.manaus.am.gov.br\/ccc\/#\/schema\/person\/image\/\",\"url\":\"https:\/\/secure.gravatar.com\/avatar\/576258617ef7194f718179e766d57bd4?s=96&d=mm&r=g\",\"contentUrl\":\"https:\/\/secure.gravatar.com\/avatar\/576258617ef7194f718179e766d57bd4?s=96&d=mm&r=g\",\"caption\":\"Adriana Costa\"}}]}<\/script>\n<!-- \/ Yoast SEO plugin. -->","yoast_head_json":{"title":"Prefeito destaca a\u00e7\u00f5es municipais no acolhimento de imigrantes e refugiados","description":"O prefeito de Manaus, David Almeida, recebeu a visita, nesta segunda-feira, 3\/4, do representante da Ag\u00eancia da Organiza\u00e7\u00e3o das Na\u00e7\u00f5es Unidas (ONU) para Refugiados (Acnur) no Brasil, Davide Torzilli, para discutir a\u00e7\u00f5es que visam ampliar o acolhimento aos refugiados e imigrantes na cidade de Manaus.","robots":{"index":"index","follow":"follow","max-snippet":"max-snippet:-1","max-image-preview":"max-image-preview:large","max-video-preview":"max-video-preview:-1"},"canonical":"https:\/\/www.manaus.am.gov.br\/ccc\/prefeito-destaca-acoes-municipais-no-acolhimento-de-imigrantes-e-refugiados\/","og_locale":"pt_BR","og_type":"article","og_title":"Prefeito destaca a\u00e7\u00f5es municipais no acolhimento de imigrantes e refugiados","og_description":"O prefeito de Manaus, David Almeida, recebeu a visita, nesta segunda-feira, 3\/4, do representante da Ag\u00eancia da Organiza\u00e7\u00e3o das Na\u00e7\u00f5es Unidas (ONU) para Refugiados (Acnur) no Brasil, Davide Torzilli, para discutir a\u00e7\u00f5es que visam ampliar o acolhimento aos refugiados e imigrantes na cidade de Manaus.","og_url":"https:\/\/www.manaus.am.gov.br\/ccc\/prefeito-destaca-acoes-municipais-no-acolhimento-de-imigrantes-e-refugiados\/","og_site_name":"CCC","article_published_time":"2023-04-03T17:20:55+00:00","article_modified_time":"2023-12-18T17:34:02+00:00","og_image":[{"width":799,"height":533,"url":"https:\/\/www.manaus.am.gov.br\/ccc\/wp-content\/uploads\/sites\/4\/2023\/12\/52790686306_388fa75a8b_c.jpg","type":"image\/jpeg"}],"author":"Adriana Costa","twitter_card":"summary_large_image","twitter_misc":{"Written by":"Adriana Costa","Est. reading time":"2 minutos"},"schema":{"@context":"https:\/\/schema.org","@graph":[{"@type":"WebPage","@id":"https:\/\/www.manaus.am.gov.br\/ccc\/prefeito-destaca-acoes-municipais-no-acolhimento-de-imigrantes-e-refugiados\/","url":"https:\/\/www.manaus.am.gov.br\/ccc\/prefeito-destaca-acoes-municipais-no-acolhimento-de-imigrantes-e-refugiados\/","name":"Prefeito destaca a\u00e7\u00f5es municipais no acolhimento de imigrantes e refugiados","isPartOf":{"@id":"https:\/\/www.manaus.am.gov.br\/ccc\/#website"},"primaryImageOfPage":{"@id":"https:\/\/www.manaus.am.gov.br\/ccc\/prefeito-destaca-acoes-municipais-no-acolhimento-de-imigrantes-e-refugiados\/#primaryimage"},"image":{"@id":"https:\/\/www.manaus.am.gov.br\/ccc\/prefeito-destaca-acoes-municipais-no-acolhimento-de-imigrantes-e-refugiados\/#primaryimage"},"thumbnailUrl":"https:\/\/www.manaus.am.gov.br\/ccc\/wp-content\/uploads\/sites\/4\/2023\/12\/52790686306_388fa75a8b_c.jpg","datePublished":"2023-04-03T17:20:55+00:00","dateModified":"2023-12-18T17:34:02+00:00","author":{"@id":"https:\/\/www.manaus.am.gov.br\/ccc\/#\/schema\/person\/4e49f4e267757a06ca072ec61b2b9968"},"description":"O prefeito de Manaus, David Almeida, recebeu a visita, nesta segunda-feira, 3\/4, do representante da Ag\u00eancia da Organiza\u00e7\u00e3o das Na\u00e7\u00f5es Unidas (ONU) para Refugiados (Acnur) no Brasil, Davide Torzilli, para discutir a\u00e7\u00f5es que visam ampliar o acolhimento aos refugiados e imigrantes na cidade de Manaus.","inLanguage":"pt-BR","potentialAction":[{"@type":"ReadAction","target":["https:\/\/www.manaus.am.gov.br\/ccc\/prefeito-destaca-acoes-municipais-no-acolhimento-de-imigrantes-e-refugiados\/"]}]},{"@type":"ImageObject","inLanguage":"pt-BR","@id":"https:\/\/www.manaus.am.gov.br\/ccc\/prefeito-destaca-acoes-municipais-no-acolhimento-de-imigrantes-e-refugiados\/#primaryimage","url":"https:\/\/www.manaus.am.gov.br\/ccc\/wp-content\/uploads\/sites\/4\/2023\/12\/52790686306_388fa75a8b_c.jpg","contentUrl":"https:\/\/www.manaus.am.gov.br\/ccc\/wp-content\/uploads\/sites\/4\/2023\/12\/52790686306_388fa75a8b_c.jpg","width":799,"height":533},{"@type":"WebSite","@id":"https:\/\/www.manaus.am.gov.br\/ccc\/#website","url":"https:\/\/www.manaus.am.gov.br\/ccc\/","name":"CCC","description":"Centro de Coopera\u00e7\u00e3o da Cidade","alternateName":"Centro de Coopera\u00e7\u00e3o da Cidade","potentialAction":[{"@type":"SearchAction","target":{"@type":"EntryPoint","urlTemplate":"https:\/\/www.manaus.am.gov.br\/ccc\/?s={search_term_string}"},"query-input":"required name=search_term_string"}],"inLanguage":"pt-BR"},{"@type":"Person","@id":"https:\/\/www.manaus.am.gov.br\/ccc\/#\/schema\/person\/4e49f4e267757a06ca072ec61b2b9968","name":"Adriana Costa","image":{"@type":"ImageObject","inLanguage":"pt-BR","@id":"https:\/\/www.manaus.am.gov.br\/ccc\/#\/schema\/person\/image\/","url":"https:\/\/secure.gravatar.com\/avatar\/576258617ef7194f718179e766d57bd4?s=96&d=mm&r=g","contentUrl":"https:\/\/secure.gravatar.com\/avatar\/576258617ef7194f718179e766d57bd4?s=96&d=mm&r=g","caption":"Adriana Costa"}}]}},"_links":{"self":[{"href":"https:\/\/www.manaus.am.gov.br\/ccc\/wp-json\/wp\/v2\/posts\/1021"}],"collection":[{"href":"https:\/\/www.manaus.am.gov.br\/ccc\/wp-json\/wp\/v2\/posts"}],"about":[{"href":"https:\/\/www.manaus.am.gov.br\/ccc\/wp-json\/wp\/v2\/types\/post"}],"author":[{"embeddable":true,"href":"https:\/\/www.manaus.am.gov.br\/ccc\/wp-json\/wp\/v2\/users\/23"}],"replies":[{"embeddable":true,"href":"https:\/\/www.manaus.am.gov.br\/ccc\/wp-json\/wp\/v2\/comments?post=1021"}],"version-history":[{"count":0,"href":"https:\/\/www.manaus.am.gov.br\/ccc\/wp-json\/wp\/v2\/posts\/1021\/revisions"}],"wp:featuredmedia":[{"embeddable":true,"href":"https:\/\/www.manaus.am.gov.br\/ccc\/wp-json\/wp\/v2\/media\/1022"}],"wp:attachment":[{"href":"https:\/\/www.manaus.am.gov.br\/ccc\/wp-json\/wp\/v2\/media?parent=1021"}],"wp:term":[{"taxonomy":"category","embeddable":true,"href":"https:\/\/www.manaus.am.gov.br\/ccc\/wp-json\/wp\/v2\/categories?post=1021"},{"taxonomy":"post_tag","embeddable":true,"href":"https:\/\/www.manaus.am.gov.br\/ccc\/wp-json\/wp\/v2\/tags?post=1021"}],"curies":[{"name":"wp","href":"https:\/\/api.w.org\/{rel}","templated":true}]}}