{"id":1019,"date":"2023-04-04T21:00:03","date_gmt":"2023-04-05T01:00:03","guid":{"rendered":"https:\/\/www.manaus.am.gov.br\/ccc\/prefeito-recebe-presidente-da-abraciclo-e-discute-ampliacao-do-polo-de-duas-rodas-na-zfm\/"},"modified":"2023-12-18T13:33:36","modified_gmt":"2023-12-18T17:33:36","slug":"prefeito-recebe-presidente-da-abraciclo-e-discute-ampliacao-do-polo-de-duas-rodas-na-zfm","status":"publish","type":"post","link":"https:\/\/www.manaus.am.gov.br\/ccc\/prefeito-recebe-presidente-da-abraciclo-e-discute-ampliacao-do-polo-de-duas-rodas-na-zfm\/","title":{"rendered":"Prefeito recebe presidente da Abraciclo e discute amplia\u00e7\u00e3o do polo de duas rodas na ZFM"},"content":{"rendered":"\n<p>O prefeito de Manaus, David Almeida, recebeu, nesta ter\u00e7a-feira, 4\/4, o rec\u00e9m-empossado presidente da Associa\u00e7\u00e3o Brasileira dos Fabricantes de Motocicletas, Ciclomotores, Motonetas, Bicicletas e Similares (Abraciclo), Marcos Bento, para tratar da import\u00e2ncia do polo de duas rodas para a economia local. O encontro aconteceu no Centro de Coopera\u00e7\u00e3o da Cidade (CCC), localizado no bairro Adrian\u00f3polis, zona Centro-Sul da capital amazonense.<\/p>\n\n\n\n<p>David Almeida destacou que encontros como esse s\u00e3o importantes para que novas solu\u00e7\u00f5es sejam encontradas pelo setor p\u00fablico para facilitar a amplia\u00e7\u00e3o dos investimentos privados.<\/p>\n\n\n\n<p>O prefeito tem defendido que a Zona Franca de Manaus (ZFM) \u00e9 o projeto de preserva\u00e7\u00e3o ambiental mais exitoso do mundo e \u00e9 preciso seguir lutando para manter as vantagens comparativas que permitem atrair novos investimentos e o consequente fortalecimento do modelo de desenvolvimento regional. E o polo de duas rodas, ressalta, \u00e9 um dos carros-chefe da ZFM e por essa raz\u00e3o a prefeitura est\u00e1 de portas abertas para discutir novas solu\u00e7\u00f5es e ampliar o apoio do munic\u00edpio para a gera\u00e7\u00e3o de mais emprego e renda.<\/p>\n\n\n\n<p>Segundo a Abraciclo, a produ\u00e7\u00e3o de motocicletas do Polo Industrial da ZFM chegou a 1.413.222 unidades em 2022, resultado 18,2% superior ao registrado no ano anterior de 1.195.149 motocicletas.<\/p>\n\n\n\n<p>&#8212; &#8212; &#8212;<\/p>\n\n\n\n<p><strong>Texto \u2013 <\/strong>Thiago Fernando \/ Semcom<br><strong>Foto \u2013 <\/strong>Divulga\u00e7\u00e3o \/ Semcom<\/p>\n","protected":false},"excerpt":{"rendered":"","protected":false},"author":39,"featured_media":1020,"comment_status":"closed","ping_status":"closed","sticky":false,"template":"","format":"standard","meta":{"footnotes":""},"categories":[324],"tags":[373,374,67,343,375],"acf":[],"yoast_head":"<!-- This site is optimized with the Yoast SEO plugin v23.0 - https:\/\/yoast.com\/wordpress\/plugins\/seo\/ -->\n<title>Prefeito recebe presidente da Abraciclo e discute amplia\u00e7\u00e3o do polo de duas rodas na ZFM<\/title>\n<meta name=\"description\" content=\"O prefeito de Manaus, David Almeida, recebeu, nesta ter\u00e7a-feira, 4\/4, o rec\u00e9m-empossado presidente da Associa\u00e7\u00e3o Brasileira dos Fabricantes de Motocicletas, Ciclomotores, Motonetas, Bicicletas e Similares (Abraciclo).\" \/>\n<meta name=\"robots\" content=\"index, follow, max-snippet:-1, max-image-preview:large, max-video-preview:-1\" \/>\n<link rel=\"canonical\" href=\"https:\/\/www.manaus.am.gov.br\/ccc\/prefeito-recebe-presidente-da-abraciclo-e-discute-ampliacao-do-polo-de-duas-rodas-na-zfm\/\" \/>\n<meta property=\"og:locale\" content=\"pt_BR\" \/>\n<meta property=\"og:type\" content=\"article\" \/>\n<meta property=\"og:title\" content=\"Prefeito recebe presidente da Abraciclo e discute amplia\u00e7\u00e3o do polo de duas rodas na ZFM\" \/>\n<meta property=\"og:description\" content=\"O prefeito de Manaus, David Almeida, recebeu, nesta ter\u00e7a-feira, 4\/4, o rec\u00e9m-empossado presidente da Associa\u00e7\u00e3o Brasileira dos Fabricantes de Motocicletas, Ciclomotores, Motonetas, Bicicletas e Similares (Abraciclo).\" \/>\n<meta property=\"og:url\" content=\"https:\/\/www.manaus.am.gov.br\/ccc\/prefeito-recebe-presidente-da-abraciclo-e-discute-ampliacao-do-polo-de-duas-rodas-na-zfm\/\" \/>\n<meta property=\"og:site_name\" content=\"CCC\" \/>\n<meta property=\"article:published_time\" content=\"2023-04-05T01:00:03+00:00\" \/>\n<meta property=\"article:modified_time\" content=\"2023-12-18T17:33:36+00:00\" \/>\n<meta property=\"og:image\" content=\"https:\/\/www.manaus.am.gov.br\/ccc\/wp-content\/uploads\/sites\/4\/2023\/12\/Prefeito-recebe-presidente-da-Abraciclo-e-discute-ampliacao-do-polo-de-duas-rodas-na-ZFM.jpeg\" \/>\n\t<meta property=\"og:image:width\" content=\"1024\" \/>\n\t<meta property=\"og:image:height\" content=\"768\" \/>\n\t<meta property=\"og:image:type\" content=\"image\/jpeg\" \/>\n<meta name=\"author\" content=\"Bruna Greco\" \/>\n<meta name=\"twitter:card\" content=\"summary_large_image\" \/>\n<meta name=\"twitter:label1\" content=\"Written by\" \/>\n\t<meta name=\"twitter:data1\" content=\"Bruna Greco\" \/>\n\t<meta name=\"twitter:label2\" content=\"Est. reading time\" \/>\n\t<meta name=\"twitter:data2\" content=\"2 minutos\" \/>\n<script type=\"application\/ld+json\" class=\"yoast-schema-graph\">{\"@context\":\"https:\/\/schema.org\",\"@graph\":[{\"@type\":\"WebPage\",\"@id\":\"https:\/\/www.manaus.am.gov.br\/ccc\/prefeito-recebe-presidente-da-abraciclo-e-discute-ampliacao-do-polo-de-duas-rodas-na-zfm\/\",\"url\":\"https:\/\/www.manaus.am.gov.br\/ccc\/prefeito-recebe-presidente-da-abraciclo-e-discute-ampliacao-do-polo-de-duas-rodas-na-zfm\/\",\"name\":\"Prefeito recebe presidente da Abraciclo e discute amplia\u00e7\u00e3o do polo de duas rodas na ZFM\",\"isPartOf\":{\"@id\":\"https:\/\/www.manaus.am.gov.br\/ccc\/#website\"},\"primaryImageOfPage\":{\"@id\":\"https:\/\/www.manaus.am.gov.br\/ccc\/prefeito-recebe-presidente-da-abraciclo-e-discute-ampliacao-do-polo-de-duas-rodas-na-zfm\/#primaryimage\"},\"image\":{\"@id\":\"https:\/\/www.manaus.am.gov.br\/ccc\/prefeito-recebe-presidente-da-abraciclo-e-discute-ampliacao-do-polo-de-duas-rodas-na-zfm\/#primaryimage\"},\"thumbnailUrl\":\"https:\/\/www.manaus.am.gov.br\/ccc\/wp-content\/uploads\/sites\/4\/2023\/12\/Prefeito-recebe-presidente-da-Abraciclo-e-discute-ampliacao-do-polo-de-duas-rodas-na-ZFM.jpeg\",\"datePublished\":\"2023-04-05T01:00:03+00:00\",\"dateModified\":\"2023-12-18T17:33:36+00:00\",\"author\":{\"@id\":\"https:\/\/www.manaus.am.gov.br\/ccc\/#\/schema\/person\/05d223aea2bf115f9883a6ff3683d81b\"},\"description\":\"O prefeito de Manaus, David Almeida, recebeu, nesta ter\u00e7a-feira, 4\/4, o rec\u00e9m-empossado presidente da Associa\u00e7\u00e3o Brasileira dos Fabricantes de Motocicletas, Ciclomotores, Motonetas, Bicicletas e Similares (Abraciclo).\",\"inLanguage\":\"pt-BR\",\"potentialAction\":[{\"@type\":\"ReadAction\",\"target\":[\"https:\/\/www.manaus.am.gov.br\/ccc\/prefeito-recebe-presidente-da-abraciclo-e-discute-ampliacao-do-polo-de-duas-rodas-na-zfm\/\"]}]},{\"@type\":\"ImageObject\",\"inLanguage\":\"pt-BR\",\"@id\":\"https:\/\/www.manaus.am.gov.br\/ccc\/prefeito-recebe-presidente-da-abraciclo-e-discute-ampliacao-do-polo-de-duas-rodas-na-zfm\/#primaryimage\",\"url\":\"https:\/\/www.manaus.am.gov.br\/ccc\/wp-content\/uploads\/sites\/4\/2023\/12\/Prefeito-recebe-presidente-da-Abraciclo-e-discute-ampliacao-do-polo-de-duas-rodas-na-ZFM.jpeg\",\"contentUrl\":\"https:\/\/www.manaus.am.gov.br\/ccc\/wp-content\/uploads\/sites\/4\/2023\/12\/Prefeito-recebe-presidente-da-Abraciclo-e-discute-ampliacao-do-polo-de-duas-rodas-na-ZFM.jpeg\",\"width\":1024,\"height\":768},{\"@type\":\"WebSite\",\"@id\":\"https:\/\/www.manaus.am.gov.br\/ccc\/#website\",\"url\":\"https:\/\/www.manaus.am.gov.br\/ccc\/\",\"name\":\"CCC\",\"description\":\"Centro de Coopera\u00e7\u00e3o da Cidade\",\"alternateName\":\"Centro de Coopera\u00e7\u00e3o da Cidade\",\"potentialAction\":[{\"@type\":\"SearchAction\",\"target\":{\"@type\":\"EntryPoint\",\"urlTemplate\":\"https:\/\/www.manaus.am.gov.br\/ccc\/?s={search_term_string}\"},\"query-input\":\"required name=search_term_string\"}],\"inLanguage\":\"pt-BR\"},{\"@type\":\"Person\",\"@id\":\"https:\/\/www.manaus.am.gov.br\/ccc\/#\/schema\/person\/05d223aea2bf115f9883a6ff3683d81b\",\"name\":\"Bruna Greco\",\"image\":{\"@type\":\"ImageObject\",\"inLanguage\":\"pt-BR\",\"@id\":\"https:\/\/www.manaus.am.gov.br\/ccc\/#\/schema\/person\/image\/\",\"url\":\"https:\/\/secure.gravatar.com\/avatar\/9c877d1a6adc2a055330e5c09a8653ce?s=96&d=mm&r=g\",\"contentUrl\":\"https:\/\/secure.gravatar.com\/avatar\/9c877d1a6adc2a055330e5c09a8653ce?s=96&d=mm&r=g\",\"caption\":\"Bruna Greco\"}}]}<\/script>\n<!-- \/ Yoast SEO plugin. -->","yoast_head_json":{"title":"Prefeito recebe presidente da Abraciclo e discute amplia\u00e7\u00e3o do polo de duas rodas na ZFM","description":"O prefeito de Manaus, David Almeida, recebeu, nesta ter\u00e7a-feira, 4\/4, o rec\u00e9m-empossado presidente da Associa\u00e7\u00e3o Brasileira dos Fabricantes de Motocicletas, Ciclomotores, Motonetas, Bicicletas e Similares (Abraciclo).","robots":{"index":"index","follow":"follow","max-snippet":"max-snippet:-1","max-image-preview":"max-image-preview:large","max-video-preview":"max-video-preview:-1"},"canonical":"https:\/\/www.manaus.am.gov.br\/ccc\/prefeito-recebe-presidente-da-abraciclo-e-discute-ampliacao-do-polo-de-duas-rodas-na-zfm\/","og_locale":"pt_BR","og_type":"article","og_title":"Prefeito recebe presidente da Abraciclo e discute amplia\u00e7\u00e3o do polo de duas rodas na ZFM","og_description":"O prefeito de Manaus, David Almeida, recebeu, nesta ter\u00e7a-feira, 4\/4, o rec\u00e9m-empossado presidente da Associa\u00e7\u00e3o Brasileira dos Fabricantes de Motocicletas, Ciclomotores, Motonetas, Bicicletas e Similares (Abraciclo).","og_url":"https:\/\/www.manaus.am.gov.br\/ccc\/prefeito-recebe-presidente-da-abraciclo-e-discute-ampliacao-do-polo-de-duas-rodas-na-zfm\/","og_site_name":"CCC","article_published_time":"2023-04-05T01:00:03+00:00","article_modified_time":"2023-12-18T17:33:36+00:00","og_image":[{"width":1024,"height":768,"url":"https:\/\/www.manaus.am.gov.br\/ccc\/wp-content\/uploads\/sites\/4\/2023\/12\/Prefeito-recebe-presidente-da-Abraciclo-e-discute-ampliacao-do-polo-de-duas-rodas-na-ZFM.jpeg","type":"image\/jpeg"}],"author":"Bruna Greco","twitter_card":"summary_large_image","twitter_misc":{"Written by":"Bruna Greco","Est. reading time":"2 minutos"},"schema":{"@context":"https:\/\/schema.org","@graph":[{"@type":"WebPage","@id":"https:\/\/www.manaus.am.gov.br\/ccc\/prefeito-recebe-presidente-da-abraciclo-e-discute-ampliacao-do-polo-de-duas-rodas-na-zfm\/","url":"https:\/\/www.manaus.am.gov.br\/ccc\/prefeito-recebe-presidente-da-abraciclo-e-discute-ampliacao-do-polo-de-duas-rodas-na-zfm\/","name":"Prefeito recebe presidente da Abraciclo e discute amplia\u00e7\u00e3o do polo de duas rodas na ZFM","isPartOf":{"@id":"https:\/\/www.manaus.am.gov.br\/ccc\/#website"},"primaryImageOfPage":{"@id":"https:\/\/www.manaus.am.gov.br\/ccc\/prefeito-recebe-presidente-da-abraciclo-e-discute-ampliacao-do-polo-de-duas-rodas-na-zfm\/#primaryimage"},"image":{"@id":"https:\/\/www.manaus.am.gov.br\/ccc\/prefeito-recebe-presidente-da-abraciclo-e-discute-ampliacao-do-polo-de-duas-rodas-na-zfm\/#primaryimage"},"thumbnailUrl":"https:\/\/www.manaus.am.gov.br\/ccc\/wp-content\/uploads\/sites\/4\/2023\/12\/Prefeito-recebe-presidente-da-Abraciclo-e-discute-ampliacao-do-polo-de-duas-rodas-na-ZFM.jpeg","datePublished":"2023-04-05T01:00:03+00:00","dateModified":"2023-12-18T17:33:36+00:00","author":{"@id":"https:\/\/www.manaus.am.gov.br\/ccc\/#\/schema\/person\/05d223aea2bf115f9883a6ff3683d81b"},"description":"O prefeito de Manaus, David Almeida, recebeu, nesta ter\u00e7a-feira, 4\/4, o rec\u00e9m-empossado presidente da Associa\u00e7\u00e3o Brasileira dos Fabricantes de Motocicletas, Ciclomotores, Motonetas, Bicicletas e Similares (Abraciclo).","inLanguage":"pt-BR","potentialAction":[{"@type":"ReadAction","target":["https:\/\/www.manaus.am.gov.br\/ccc\/prefeito-recebe-presidente-da-abraciclo-e-discute-ampliacao-do-polo-de-duas-rodas-na-zfm\/"]}]},{"@type":"ImageObject","inLanguage":"pt-BR","@id":"https:\/\/www.manaus.am.gov.br\/ccc\/prefeito-recebe-presidente-da-abraciclo-e-discute-ampliacao-do-polo-de-duas-rodas-na-zfm\/#primaryimage","url":"https:\/\/www.manaus.am.gov.br\/ccc\/wp-content\/uploads\/sites\/4\/2023\/12\/Prefeito-recebe-presidente-da-Abraciclo-e-discute-ampliacao-do-polo-de-duas-rodas-na-ZFM.jpeg","contentUrl":"https:\/\/www.manaus.am.gov.br\/ccc\/wp-content\/uploads\/sites\/4\/2023\/12\/Prefeito-recebe-presidente-da-Abraciclo-e-discute-ampliacao-do-polo-de-duas-rodas-na-ZFM.jpeg","width":1024,"height":768},{"@type":"WebSite","@id":"https:\/\/www.manaus.am.gov.br\/ccc\/#website","url":"https:\/\/www.manaus.am.gov.br\/ccc\/","name":"CCC","description":"Centro de Coopera\u00e7\u00e3o da Cidade","alternateName":"Centro de Coopera\u00e7\u00e3o da Cidade","potentialAction":[{"@type":"SearchAction","target":{"@type":"EntryPoint","urlTemplate":"https:\/\/www.manaus.am.gov.br\/ccc\/?s={search_term_string}"},"query-input":"required name=search_term_string"}],"inLanguage":"pt-BR"},{"@type":"Person","@id":"https:\/\/www.manaus.am.gov.br\/ccc\/#\/schema\/person\/05d223aea2bf115f9883a6ff3683d81b","name":"Bruna Greco","image":{"@type":"ImageObject","inLanguage":"pt-BR","@id":"https:\/\/www.manaus.am.gov.br\/ccc\/#\/schema\/person\/image\/","url":"https:\/\/secure.gravatar.com\/avatar\/9c877d1a6adc2a055330e5c09a8653ce?s=96&d=mm&r=g","contentUrl":"https:\/\/secure.gravatar.com\/avatar\/9c877d1a6adc2a055330e5c09a8653ce?s=96&d=mm&r=g","caption":"Bruna Greco"}}]}},"_links":{"self":[{"href":"https:\/\/www.manaus.am.gov.br\/ccc\/wp-json\/wp\/v2\/posts\/1019"}],"collection":[{"href":"https:\/\/www.manaus.am.gov.br\/ccc\/wp-json\/wp\/v2\/posts"}],"about":[{"href":"https:\/\/www.manaus.am.gov.br\/ccc\/wp-json\/wp\/v2\/types\/post"}],"author":[{"embeddable":true,"href":"https:\/\/www.manaus.am.gov.br\/ccc\/wp-json\/wp\/v2\/users\/39"}],"replies":[{"embeddable":true,"href":"https:\/\/www.manaus.am.gov.br\/ccc\/wp-json\/wp\/v2\/comments?post=1019"}],"version-history":[{"count":0,"href":"https:\/\/www.manaus.am.gov.br\/ccc\/wp-json\/wp\/v2\/posts\/1019\/revisions"}],"wp:featuredmedia":[{"embeddable":true,"href":"https:\/\/www.manaus.am.gov.br\/ccc\/wp-json\/wp\/v2\/media\/1020"}],"wp:attachment":[{"href":"https:\/\/www.manaus.am.gov.br\/ccc\/wp-json\/wp\/v2\/media?parent=1019"}],"wp:term":[{"taxonomy":"category","embeddable":true,"href":"https:\/\/www.manaus.am.gov.br\/ccc\/wp-json\/wp\/v2\/categories?post=1019"},{"taxonomy":"post_tag","embeddable":true,"href":"https:\/\/www.manaus.am.gov.br\/ccc\/wp-json\/wp\/v2\/tags?post=1019"}],"curies":[{"name":"wp","href":"https:\/\/api.w.org\/{rel}","templated":true}]}}