{"id":1011,"date":"2023-04-19T15:44:41","date_gmt":"2023-04-19T19:44:41","guid":{"rendered":"https:\/\/www.manaus.am.gov.br\/ccc\/prefeitura-de-manaus-e-secretarios-nacionais-discutem-novos-projetos-para-a-area-de-assistencia-social\/"},"modified":"2023-12-18T13:30:02","modified_gmt":"2023-12-18T17:30:02","slug":"prefeitura-de-manaus-e-secretarios-nacionais-discutem-novos-projetos-para-a-area-de-assistencia-social","status":"publish","type":"post","link":"https:\/\/www.manaus.am.gov.br\/ccc\/prefeitura-de-manaus-e-secretarios-nacionais-discutem-novos-projetos-para-a-area-de-assistencia-social\/","title":{"rendered":"<strong>Prefeitura de Manaus e secret\u00e1rios nacionais discutem novos projetos para a \u00e1rea de assist\u00eancia social<\/strong>"},"content":{"rendered":"\n<p>Buscando fortalecer a Rede de Prote\u00e7\u00e3o Social da capital amazonense, a Prefeitura de Manaus, por meio da Secretaria Municipal da Mulher, Assist\u00eancia Social e Cidadania (Semasc), reuniu-se, nesta quarta-feira, 19\/4, com os secret\u00e1rios nacionais de Assist\u00eancia Social, Andr\u00e9 Quint\u00e3o, e de Seguran\u00e7a Alimentar e Nutricional, Lilian Rahal, do Minist\u00e9rio de Desenvolvimento e Assist\u00eancia Social, Fam\u00edlia e Combate \u00e0 Fome (MDS), para discutir o desenvolvimento e a aplica\u00e7\u00e3o de novos projetos voltados para a assist\u00eancia social manauara. O encontro foi realizado na sede do Centro de Coopera\u00e7\u00e3o da Cidade (CCC), zona Centro-Sul.<\/p>\n\n\n\n<p>&#8220;\u00c9 um momento muito importante para o nosso alinhamento de ideias com o Governo Federal, al\u00e9m de, \u00e9 claro, discutir a possibilidade de um repasse de recursos para \u00e1rea socioassistencial do nosso munic\u00edpio. O que esperamos com a reuni\u00e3o de hoje \u00e9 conseguir ter acesso aos meios necess\u00e1rios para expandir nossa rede de atendimento aos nossos usu\u00e1rios do Sistema \u00danico de Assist\u00eancia Social&#8221;, destacou Eduardo Lucas, titular da Semasc.<\/p>\n\n\n\n<p>Entre os t\u00f3picos discutidos, o desenvolvimento de um Centro de Refer\u00eancia de Assist\u00eancia Social (Cras) Itinerante Fluvial voltado para o atendimento de comunidades ribeirinhas nos entornos de Manaus recebeu aten\u00e7\u00e3o especial. O chamado \u201cCras sobre as \u00e1guas\u201d, caso devidamente implantado, ampliar\u00e1 os limites da pol\u00edtica de assist\u00eancia social do munic\u00edpio e garantir\u00e1 o atendimento qualificado e personalizado a fam\u00edlias localizadas em \u00e1reas de dif\u00edcil acesso na capital.<\/p>\n\n\n\n<p>De acordo com o secret\u00e1rio Andr\u00e9 Quint\u00e3o, a reuni\u00e3o foi extremamente produtiva e necess\u00e1ria para que as necessidades e especificidades da realidade manauara fossem melhor compreendidas, algo muito \u00fatil no processo de elabora\u00e7\u00e3o de novas pol\u00edticas.<\/p>\n\n\n\n<p>&#8220;\u00c9 importante que estudemos e criemos alternativas de financiamento para que os munic\u00edpios, em especial Manaus, tenham condi\u00e7\u00f5es de atender toda a popula\u00e7\u00e3o que precise, incluindo, obviamente, as popula\u00e7\u00f5es ribeirinhas, comunidades tradicionais e ind\u00edgenas que necessitam desse processo de busca ativa in loco. Nesse sentido, a reuni\u00e3o foi muito boa e agora iremos buscar alternativas, utilizando, inclusive, recursos que possam ser reprogramados por meio da autoriza\u00e7\u00e3o do minist\u00e9rio&#8221;, concluiu Quint\u00e3o.<\/p>\n\n\n\n<p>Al\u00e9m do ambicioso projeto, as discuss\u00f5es tamb\u00e9m abrangeram planos para a amplia\u00e7\u00e3o das Cozinhas Comunit\u00e1rias de Manaus, por meio de a\u00e7\u00f5es intersetoriais e poss\u00edveis novas parcerias para contribuir com os trabalhos realizados pela \u201cCampanha de Combate \u00e0 Explora\u00e7\u00e3o do Trabalho Infantojuvenil nas Ruas de Manaus\u201d, a maior j\u00e1 desenvolvida pela Prefeitura de Manaus no combate ao trabalho infantil e uma das mais importantes campanhas socioassistenciais j\u00e1 desenvolvidas pelo poder p\u00fablico municipal.<\/p>\n\n\n\n<p>&#8212; &#8212; &#8212;<\/p>\n\n\n\n<p><strong>Texto &#8211;<\/strong> Guilherme Ara\u00fajo Pacheco \/ Semasc\u00a0<br><strong>Fotos &#8211;<\/strong> Marcely Gomes \/ Semasc\u00a0<br><strong>Dispon\u00edveis em &#8211; <\/strong><a href=\"https:\/\/flic.kr\/s\/aHBqjAAvoN\">https:\/\/flic.kr\/s\/aHBqjAAvoN<\/a><\/p>\n","protected":false},"excerpt":{"rendered":"","protected":false},"author":39,"featured_media":1012,"comment_status":"closed","ping_status":"closed","sticky":false,"template":"","format":"standard","meta":{"footnotes":""},"categories":[359],"tags":[360,361,362,363,364,38,365,161],"acf":[],"yoast_head":"<!-- This site is optimized with the Yoast SEO plugin v23.0 - https:\/\/yoast.com\/wordpress\/plugins\/seo\/ -->\n<title>Prefeitura de Manaus e secret\u00e1rios nacionais discutem novos projetos para a \u00e1rea de assist\u00eancia social<\/title>\n<meta name=\"robots\" content=\"index, follow, max-snippet:-1, max-image-preview:large, max-video-preview:-1\" \/>\n<link rel=\"canonical\" href=\"https:\/\/www.manaus.am.gov.br\/ccc\/prefeitura-de-manaus-e-secretarios-nacionais-discutem-novos-projetos-para-a-area-de-assistencia-social\/\" \/>\n<meta property=\"og:locale\" content=\"pt_BR\" \/>\n<meta property=\"og:type\" content=\"article\" \/>\n<meta property=\"og:title\" content=\"Prefeitura de Manaus e secret\u00e1rios nacionais discutem novos projetos para a \u00e1rea de assist\u00eancia social\" \/>\n<meta property=\"og:url\" content=\"https:\/\/www.manaus.am.gov.br\/ccc\/prefeitura-de-manaus-e-secretarios-nacionais-discutem-novos-projetos-para-a-area-de-assistencia-social\/\" \/>\n<meta property=\"og:site_name\" content=\"CCC\" \/>\n<meta property=\"article:published_time\" content=\"2023-04-19T19:44:41+00:00\" \/>\n<meta property=\"article:modified_time\" content=\"2023-12-18T17:30:02+00:00\" \/>\n<meta property=\"og:image\" content=\"https:\/\/www.manaus.am.gov.br\/ccc\/wp-content\/uploads\/sites\/4\/2023\/12\/20230419120501_IMG_9078-scaled.jpg\" \/>\n\t<meta property=\"og:image:width\" content=\"2560\" \/>\n\t<meta property=\"og:image:height\" content=\"1727\" \/>\n\t<meta property=\"og:image:type\" content=\"image\/jpeg\" \/>\n<meta name=\"author\" content=\"Bruna Greco\" \/>\n<meta name=\"twitter:card\" content=\"summary_large_image\" \/>\n<meta name=\"twitter:label1\" content=\"Written by\" \/>\n\t<meta name=\"twitter:data1\" content=\"Bruna Greco\" \/>\n\t<meta name=\"twitter:label2\" content=\"Est. reading time\" \/>\n\t<meta name=\"twitter:data2\" content=\"3 minutos\" \/>\n<script type=\"application\/ld+json\" class=\"yoast-schema-graph\">{\"@context\":\"https:\/\/schema.org\",\"@graph\":[{\"@type\":\"WebPage\",\"@id\":\"https:\/\/www.manaus.am.gov.br\/ccc\/prefeitura-de-manaus-e-secretarios-nacionais-discutem-novos-projetos-para-a-area-de-assistencia-social\/\",\"url\":\"https:\/\/www.manaus.am.gov.br\/ccc\/prefeitura-de-manaus-e-secretarios-nacionais-discutem-novos-projetos-para-a-area-de-assistencia-social\/\",\"name\":\"Prefeitura de Manaus e secret\u00e1rios nacionais discutem novos projetos para a \u00e1rea de assist\u00eancia social\",\"isPartOf\":{\"@id\":\"https:\/\/www.manaus.am.gov.br\/ccc\/#website\"},\"primaryImageOfPage\":{\"@id\":\"https:\/\/www.manaus.am.gov.br\/ccc\/prefeitura-de-manaus-e-secretarios-nacionais-discutem-novos-projetos-para-a-area-de-assistencia-social\/#primaryimage\"},\"image\":{\"@id\":\"https:\/\/www.manaus.am.gov.br\/ccc\/prefeitura-de-manaus-e-secretarios-nacionais-discutem-novos-projetos-para-a-area-de-assistencia-social\/#primaryimage\"},\"thumbnailUrl\":\"https:\/\/www.manaus.am.gov.br\/ccc\/wp-content\/uploads\/sites\/4\/2023\/12\/20230419120501_IMG_9078-scaled.jpg\",\"datePublished\":\"2023-04-19T19:44:41+00:00\",\"dateModified\":\"2023-12-18T17:30:02+00:00\",\"author\":{\"@id\":\"https:\/\/www.manaus.am.gov.br\/ccc\/#\/schema\/person\/05d223aea2bf115f9883a6ff3683d81b\"},\"inLanguage\":\"pt-BR\",\"potentialAction\":[{\"@type\":\"ReadAction\",\"target\":[\"https:\/\/www.manaus.am.gov.br\/ccc\/prefeitura-de-manaus-e-secretarios-nacionais-discutem-novos-projetos-para-a-area-de-assistencia-social\/\"]}]},{\"@type\":\"ImageObject\",\"inLanguage\":\"pt-BR\",\"@id\":\"https:\/\/www.manaus.am.gov.br\/ccc\/prefeitura-de-manaus-e-secretarios-nacionais-discutem-novos-projetos-para-a-area-de-assistencia-social\/#primaryimage\",\"url\":\"https:\/\/www.manaus.am.gov.br\/ccc\/wp-content\/uploads\/sites\/4\/2023\/12\/20230419120501_IMG_9078-scaled.jpg\",\"contentUrl\":\"https:\/\/www.manaus.am.gov.br\/ccc\/wp-content\/uploads\/sites\/4\/2023\/12\/20230419120501_IMG_9078-scaled.jpg\",\"width\":2560,\"height\":1727},{\"@type\":\"WebSite\",\"@id\":\"https:\/\/www.manaus.am.gov.br\/ccc\/#website\",\"url\":\"https:\/\/www.manaus.am.gov.br\/ccc\/\",\"name\":\"CCC\",\"description\":\"Centro de Coopera\u00e7\u00e3o da Cidade\",\"alternateName\":\"Centro de Coopera\u00e7\u00e3o da Cidade\",\"potentialAction\":[{\"@type\":\"SearchAction\",\"target\":{\"@type\":\"EntryPoint\",\"urlTemplate\":\"https:\/\/www.manaus.am.gov.br\/ccc\/?s={search_term_string}\"},\"query-input\":\"required name=search_term_string\"}],\"inLanguage\":\"pt-BR\"},{\"@type\":\"Person\",\"@id\":\"https:\/\/www.manaus.am.gov.br\/ccc\/#\/schema\/person\/05d223aea2bf115f9883a6ff3683d81b\",\"name\":\"Bruna Greco\",\"image\":{\"@type\":\"ImageObject\",\"inLanguage\":\"pt-BR\",\"@id\":\"https:\/\/www.manaus.am.gov.br\/ccc\/#\/schema\/person\/image\/\",\"url\":\"https:\/\/secure.gravatar.com\/avatar\/9c877d1a6adc2a055330e5c09a8653ce?s=96&d=mm&r=g\",\"contentUrl\":\"https:\/\/secure.gravatar.com\/avatar\/9c877d1a6adc2a055330e5c09a8653ce?s=96&d=mm&r=g\",\"caption\":\"Bruna Greco\"}}]}<\/script>\n<!-- \/ Yoast SEO plugin. -->","yoast_head_json":{"title":"Prefeitura de Manaus e secret\u00e1rios nacionais discutem novos projetos para a \u00e1rea de assist\u00eancia social","robots":{"index":"index","follow":"follow","max-snippet":"max-snippet:-1","max-image-preview":"max-image-preview:large","max-video-preview":"max-video-preview:-1"},"canonical":"https:\/\/www.manaus.am.gov.br\/ccc\/prefeitura-de-manaus-e-secretarios-nacionais-discutem-novos-projetos-para-a-area-de-assistencia-social\/","og_locale":"pt_BR","og_type":"article","og_title":"Prefeitura de Manaus e secret\u00e1rios nacionais discutem novos projetos para a \u00e1rea de assist\u00eancia social","og_url":"https:\/\/www.manaus.am.gov.br\/ccc\/prefeitura-de-manaus-e-secretarios-nacionais-discutem-novos-projetos-para-a-area-de-assistencia-social\/","og_site_name":"CCC","article_published_time":"2023-04-19T19:44:41+00:00","article_modified_time":"2023-12-18T17:30:02+00:00","og_image":[{"width":2560,"height":1727,"url":"https:\/\/www.manaus.am.gov.br\/ccc\/wp-content\/uploads\/sites\/4\/2023\/12\/20230419120501_IMG_9078-scaled.jpg","type":"image\/jpeg"}],"author":"Bruna Greco","twitter_card":"summary_large_image","twitter_misc":{"Written by":"Bruna Greco","Est. reading time":"3 minutos"},"schema":{"@context":"https:\/\/schema.org","@graph":[{"@type":"WebPage","@id":"https:\/\/www.manaus.am.gov.br\/ccc\/prefeitura-de-manaus-e-secretarios-nacionais-discutem-novos-projetos-para-a-area-de-assistencia-social\/","url":"https:\/\/www.manaus.am.gov.br\/ccc\/prefeitura-de-manaus-e-secretarios-nacionais-discutem-novos-projetos-para-a-area-de-assistencia-social\/","name":"Prefeitura de Manaus e secret\u00e1rios nacionais discutem novos projetos para a \u00e1rea de assist\u00eancia social","isPartOf":{"@id":"https:\/\/www.manaus.am.gov.br\/ccc\/#website"},"primaryImageOfPage":{"@id":"https:\/\/www.manaus.am.gov.br\/ccc\/prefeitura-de-manaus-e-secretarios-nacionais-discutem-novos-projetos-para-a-area-de-assistencia-social\/#primaryimage"},"image":{"@id":"https:\/\/www.manaus.am.gov.br\/ccc\/prefeitura-de-manaus-e-secretarios-nacionais-discutem-novos-projetos-para-a-area-de-assistencia-social\/#primaryimage"},"thumbnailUrl":"https:\/\/www.manaus.am.gov.br\/ccc\/wp-content\/uploads\/sites\/4\/2023\/12\/20230419120501_IMG_9078-scaled.jpg","datePublished":"2023-04-19T19:44:41+00:00","dateModified":"2023-12-18T17:30:02+00:00","author":{"@id":"https:\/\/www.manaus.am.gov.br\/ccc\/#\/schema\/person\/05d223aea2bf115f9883a6ff3683d81b"},"inLanguage":"pt-BR","potentialAction":[{"@type":"ReadAction","target":["https:\/\/www.manaus.am.gov.br\/ccc\/prefeitura-de-manaus-e-secretarios-nacionais-discutem-novos-projetos-para-a-area-de-assistencia-social\/"]}]},{"@type":"ImageObject","inLanguage":"pt-BR","@id":"https:\/\/www.manaus.am.gov.br\/ccc\/prefeitura-de-manaus-e-secretarios-nacionais-discutem-novos-projetos-para-a-area-de-assistencia-social\/#primaryimage","url":"https:\/\/www.manaus.am.gov.br\/ccc\/wp-content\/uploads\/sites\/4\/2023\/12\/20230419120501_IMG_9078-scaled.jpg","contentUrl":"https:\/\/www.manaus.am.gov.br\/ccc\/wp-content\/uploads\/sites\/4\/2023\/12\/20230419120501_IMG_9078-scaled.jpg","width":2560,"height":1727},{"@type":"WebSite","@id":"https:\/\/www.manaus.am.gov.br\/ccc\/#website","url":"https:\/\/www.manaus.am.gov.br\/ccc\/","name":"CCC","description":"Centro de Coopera\u00e7\u00e3o da Cidade","alternateName":"Centro de Coopera\u00e7\u00e3o da Cidade","potentialAction":[{"@type":"SearchAction","target":{"@type":"EntryPoint","urlTemplate":"https:\/\/www.manaus.am.gov.br\/ccc\/?s={search_term_string}"},"query-input":"required name=search_term_string"}],"inLanguage":"pt-BR"},{"@type":"Person","@id":"https:\/\/www.manaus.am.gov.br\/ccc\/#\/schema\/person\/05d223aea2bf115f9883a6ff3683d81b","name":"Bruna Greco","image":{"@type":"ImageObject","inLanguage":"pt-BR","@id":"https:\/\/www.manaus.am.gov.br\/ccc\/#\/schema\/person\/image\/","url":"https:\/\/secure.gravatar.com\/avatar\/9c877d1a6adc2a055330e5c09a8653ce?s=96&d=mm&r=g","contentUrl":"https:\/\/secure.gravatar.com\/avatar\/9c877d1a6adc2a055330e5c09a8653ce?s=96&d=mm&r=g","caption":"Bruna Greco"}}]}},"_links":{"self":[{"href":"https:\/\/www.manaus.am.gov.br\/ccc\/wp-json\/wp\/v2\/posts\/1011"}],"collection":[{"href":"https:\/\/www.manaus.am.gov.br\/ccc\/wp-json\/wp\/v2\/posts"}],"about":[{"href":"https:\/\/www.manaus.am.gov.br\/ccc\/wp-json\/wp\/v2\/types\/post"}],"author":[{"embeddable":true,"href":"https:\/\/www.manaus.am.gov.br\/ccc\/wp-json\/wp\/v2\/users\/39"}],"replies":[{"embeddable":true,"href":"https:\/\/www.manaus.am.gov.br\/ccc\/wp-json\/wp\/v2\/comments?post=1011"}],"version-history":[{"count":0,"href":"https:\/\/www.manaus.am.gov.br\/ccc\/wp-json\/wp\/v2\/posts\/1011\/revisions"}],"wp:featuredmedia":[{"embeddable":true,"href":"https:\/\/www.manaus.am.gov.br\/ccc\/wp-json\/wp\/v2\/media\/1012"}],"wp:attachment":[{"href":"https:\/\/www.manaus.am.gov.br\/ccc\/wp-json\/wp\/v2\/media?parent=1011"}],"wp:term":[{"taxonomy":"category","embeddable":true,"href":"https:\/\/www.manaus.am.gov.br\/ccc\/wp-json\/wp\/v2\/categories?post=1011"},{"taxonomy":"post_tag","embeddable":true,"href":"https:\/\/www.manaus.am.gov.br\/ccc\/wp-json\/wp\/v2\/tags?post=1011"}],"curies":[{"name":"wp","href":"https:\/\/api.w.org\/{rel}","templated":true}]}}