{"id":1009,"date":"2023-04-13T16:39:49","date_gmt":"2023-04-13T20:39:49","guid":{"rendered":"https:\/\/www.manaus.am.gov.br\/ccc\/prefeitura-de-manaus-e-tjam-projetam-a-reativacao-do-centro-para-a-resolucao-de-conflitos\/"},"modified":"2026-03-20T14:01:31","modified_gmt":"2026-03-20T18:01:31","slug":"prefeitura-de-manaus-e-tjam-projetam-a-reativacao-do-centro-para-a-resolucao-de-conflitos","status":"publish","type":"post","link":"https:\/\/www.manaus.am.gov.br\/ccc\/prefeitura-de-manaus-e-tjam-projetam-a-reativacao-do-centro-para-a-resolucao-de-conflitos\/","title":{"rendered":"Prefeitura de Manaus e TJ-AM projetam a reativa\u00e7\u00e3o do Centro para a Resolu\u00e7\u00e3o de Conflitos"},"content":{"rendered":"\n<p>O prefeito de Manaus, David Almeida, e a presidente do Tribunal de Justi\u00e7a do Estado do Amazonas (TJ-AM), desembargadora N\u00e9lia Caminha Jorge, reuniram-se, nesta quinta-feira, 13\/4, iniciando as tratativas para a reativa\u00e7\u00e3o do Centro de Resolu\u00e7\u00e3o de Conflitos (Cejusc\/D\u00edvida Ativa) no qual, dentre outros servi\u00e7os, ser\u00e1 oportunizado aos contribuintes a negocia\u00e7\u00e3o de d\u00edvidas com o munic\u00edpio.<\/p>\n\n\n\n<p>A ideia \u00e9 que, com o Cejusc\/D\u00edvida Ativa, os cidad\u00e3os tenham como renegociar e quitar d\u00e9bitos resultantes do n\u00e3o pagamento \u2013 dentro do prazo de vencimento \u2013 de IPTU (Imposto Predial e Territorial Urbano), de ISS (Imposto sobre Servi\u00e7os) e outros.<\/p>\n\n\n\n<p>&#8220;Essa \u00e9 mais uma iniciativa que a Prefeitura de Manaus adota visando melhorar o dia a dia do cidad\u00e3o. Hoje tivemos apenas a primeira conversa, mas o projeto ser\u00e1 desenvolvido sempre buscando alternativas positivas para a popula\u00e7\u00e3o. Sabemos que muitas pessoas desejam realizar a quita\u00e7\u00e3o de suas d\u00edvidas, por isso, a\u00e7\u00f5es como essa s\u00e3o importantes e necess\u00e1rias por parte do poder p\u00fablico. S\u00e3o oportunidades que devem ser ampliadas, uma vez que levam benef\u00edcios para todos&#8221;, afirmou Almeida.<\/p>\n\n\n\n<p>As tratativas iniciadas nessa quarta-feira, 12\/4, devem avan\u00e7ar com defini\u00e7\u00f5es que ser\u00e3o discutidas por representantes da Procuradoria-Geral do Munic\u00edpio (PGM) e da Justi\u00e7a Estadual, sobretudo por magistrados que atuam em Varas da D\u00edvida Ativa e que conduzem programas de incentivo \u00e0 concilia\u00e7\u00e3o.<\/p>\n\n\n\n<p>Ao reunir-se com o prefeito de Manaus, a presidente do TJ-AM afirmou que o Poder Judici\u00e1rio tem buscado parcerias para aprimorar servi\u00e7os e propor iniciativas que possam beneficiar a popula\u00e7\u00e3o.<\/p>\n\n\n\n<p>\u201cNeste sentido, realizamos este primeiro contato com o Executivo Municipal para projetarmos, conjuntamente, a reativa\u00e7\u00e3o do Centro de Resolu\u00e7\u00e3o de Conflitos especializado que possibilite ao contribuinte a renegocia\u00e7\u00e3o de d\u00edvidas, em fase pr\u00e9-processual. Acredito que, a partir desta reuni\u00e3o, avan\u00e7aremos e poderemos anunciar, em breve, um amplo programa, com possibilidades alternativas ao contribuinte\u201d, destacou a desembargadora N\u00e9lia Caminha Jorge.<\/p>\n\n\n\n<p>Realizada no Centro de Coopera\u00e7\u00f5es da Cidade (CCC), na avenida Umberto Calderaro, a reuni\u00e3o na qual o projeto foi discutido, teve a participa\u00e7\u00e3o da presidente da Corte, desembargadora N\u00e9lia Caminha Jorge, do prefeito de Manaus, David Almeida; do presidente do Sistema Permanente de Media\u00e7\u00e3o e Conflitos (Sispemec\/TJ-AM), desembargador D\u00e9lcio Lu\u00eds Santos; do juiz de Direito, Andr\u00e9 Luiz Nogueira Borges; do procurador-geral do Munic\u00edpio, Rafael Bertazzo e de t\u00e9cnicos da Prefeitura de Manaus.<\/p>\n\n\n\n<p>&#8212; &#8212; &#8212;<\/p>\n\n\n\n<p><strong>Texto &#8211; <\/strong>Thiago Fernando \/ Semcom e Afonso Jr. \/ TJ-AM<\/p>\n\n\n\n<p><strong>Fotos &#8211;<\/strong> Dhyeizo Lemos \/ Semcom<\/p>\n\n\n\n<p><strong>Dispon\u00edveis em <\/strong>&#8211; <a href=\"https:\/\/flic.kr\/s\/aHBqjAzH68\">https:\/\/flic.kr\/s\/aHBqjAzH68<\/a><\/p>\n","protected":false},"excerpt":{"rendered":"","protected":false},"author":39,"featured_media":1010,"comment_status":"closed","ping_status":"closed","sticky":false,"template":"","format":"standard","meta":{"footnotes":""},"categories":[354],"tags":[355,356,67,343,357,358],"acf":[],"yoast_head":"<!-- This site is optimized with the Yoast SEO plugin v23.0 - https:\/\/yoast.com\/wordpress\/plugins\/seo\/ -->\n<title>Prefeitura de Manaus e TJAM projetam a reativa\u00e7\u00e3o do Centro para a Resolu\u00e7\u00e3o de Conflitos<\/title>\n<meta name=\"description\" content=\"A ideia \u00e9 que, com o Cejusc\/D\u00edvida Ativa, os cidad\u00e3os tenham como renegociar e quitar d\u00e9bitos resultantes do n\u00e3o pagamento \u2013 dentro do prazo de vencimento \u2013 de IPTU (Imposto Predial e Territ\u00f3rio Urbano), de ISS (Imposto sobre Servi\u00e7os) e outros.\" \/>\n<meta name=\"robots\" content=\"index, follow, max-snippet:-1, max-image-preview:large, max-video-preview:-1\" \/>\n<link rel=\"canonical\" href=\"https:\/\/www.manaus.am.gov.br\/ccc\/prefeitura-de-manaus-e-tjam-projetam-a-reativacao-do-centro-para-a-resolucao-de-conflitos\/\" \/>\n<meta property=\"og:locale\" content=\"pt_BR\" \/>\n<meta property=\"og:type\" content=\"article\" \/>\n<meta property=\"og:title\" content=\"Prefeitura de Manaus e TJAM projetam a reativa\u00e7\u00e3o do Centro para a Resolu\u00e7\u00e3o de Conflitos\" \/>\n<meta property=\"og:description\" content=\"A ideia \u00e9 que, com o Cejusc\/D\u00edvida Ativa, os cidad\u00e3os tenham como renegociar e quitar d\u00e9bitos resultantes do n\u00e3o pagamento \u2013 dentro do prazo de vencimento \u2013 de IPTU (Imposto Predial e Territ\u00f3rio Urbano), de ISS (Imposto sobre Servi\u00e7os) e outros.\" \/>\n<meta property=\"og:url\" content=\"https:\/\/www.manaus.am.gov.br\/ccc\/prefeitura-de-manaus-e-tjam-projetam-a-reativacao-do-centro-para-a-resolucao-de-conflitos\/\" \/>\n<meta property=\"og:site_name\" content=\"CCC\" \/>\n<meta property=\"article:published_time\" content=\"2023-04-13T20:39:49+00:00\" \/>\n<meta property=\"article:modified_time\" content=\"2026-03-20T18:01:31+00:00\" \/>\n<meta property=\"og:image\" content=\"https:\/\/www.manaus.am.gov.br\/ccc\/wp-content\/uploads\/sites\/4\/2023\/12\/52815753348_3d53227510_k.jpg\" \/>\n\t<meta property=\"og:image:width\" content=\"2047\" \/>\n\t<meta property=\"og:image:height\" content=\"1365\" \/>\n\t<meta property=\"og:image:type\" content=\"image\/jpeg\" \/>\n<meta name=\"author\" content=\"Bruna Greco\" \/>\n<meta name=\"twitter:card\" content=\"summary_large_image\" \/>\n<meta name=\"twitter:label1\" content=\"Written by\" \/>\n\t<meta name=\"twitter:data1\" content=\"Bruna Greco\" \/>\n\t<meta name=\"twitter:label2\" content=\"Est. reading time\" \/>\n\t<meta name=\"twitter:data2\" content=\"3 minutos\" \/>\n<script type=\"application\/ld+json\" class=\"yoast-schema-graph\">{\"@context\":\"https:\/\/schema.org\",\"@graph\":[{\"@type\":\"WebPage\",\"@id\":\"https:\/\/www.manaus.am.gov.br\/ccc\/prefeitura-de-manaus-e-tjam-projetam-a-reativacao-do-centro-para-a-resolucao-de-conflitos\/\",\"url\":\"https:\/\/www.manaus.am.gov.br\/ccc\/prefeitura-de-manaus-e-tjam-projetam-a-reativacao-do-centro-para-a-resolucao-de-conflitos\/\",\"name\":\"Prefeitura de Manaus e TJAM projetam a reativa\u00e7\u00e3o do Centro para a Resolu\u00e7\u00e3o de Conflitos\",\"isPartOf\":{\"@id\":\"https:\/\/www.manaus.am.gov.br\/ccc\/#website\"},\"primaryImageOfPage\":{\"@id\":\"https:\/\/www.manaus.am.gov.br\/ccc\/prefeitura-de-manaus-e-tjam-projetam-a-reativacao-do-centro-para-a-resolucao-de-conflitos\/#primaryimage\"},\"image\":{\"@id\":\"https:\/\/www.manaus.am.gov.br\/ccc\/prefeitura-de-manaus-e-tjam-projetam-a-reativacao-do-centro-para-a-resolucao-de-conflitos\/#primaryimage\"},\"thumbnailUrl\":\"https:\/\/www.manaus.am.gov.br\/ccc\/wp-content\/uploads\/sites\/4\/2023\/12\/52815753348_3d53227510_k.jpg\",\"datePublished\":\"2023-04-13T20:39:49+00:00\",\"dateModified\":\"2026-03-20T18:01:31+00:00\",\"author\":{\"@id\":\"https:\/\/www.manaus.am.gov.br\/ccc\/#\/schema\/person\/05d223aea2bf115f9883a6ff3683d81b\"},\"description\":\"A ideia \u00e9 que, com o Cejusc\/D\u00edvida Ativa, os cidad\u00e3os tenham como renegociar e quitar d\u00e9bitos resultantes do n\u00e3o pagamento \u2013 dentro do prazo de vencimento \u2013 de IPTU (Imposto Predial e Territ\u00f3rio Urbano), de ISS (Imposto sobre Servi\u00e7os) e outros.\",\"inLanguage\":\"pt-BR\",\"potentialAction\":[{\"@type\":\"ReadAction\",\"target\":[\"https:\/\/www.manaus.am.gov.br\/ccc\/prefeitura-de-manaus-e-tjam-projetam-a-reativacao-do-centro-para-a-resolucao-de-conflitos\/\"]}]},{\"@type\":\"ImageObject\",\"inLanguage\":\"pt-BR\",\"@id\":\"https:\/\/www.manaus.am.gov.br\/ccc\/prefeitura-de-manaus-e-tjam-projetam-a-reativacao-do-centro-para-a-resolucao-de-conflitos\/#primaryimage\",\"url\":\"https:\/\/www.manaus.am.gov.br\/ccc\/wp-content\/uploads\/sites\/4\/2023\/12\/52815753348_3d53227510_k.jpg\",\"contentUrl\":\"https:\/\/www.manaus.am.gov.br\/ccc\/wp-content\/uploads\/sites\/4\/2023\/12\/52815753348_3d53227510_k.jpg\",\"width\":2047,\"height\":1365},{\"@type\":\"WebSite\",\"@id\":\"https:\/\/www.manaus.am.gov.br\/ccc\/#website\",\"url\":\"https:\/\/www.manaus.am.gov.br\/ccc\/\",\"name\":\"CCC\",\"description\":\"Centro de Coopera\u00e7\u00e3o da Cidade\",\"alternateName\":\"Centro de Coopera\u00e7\u00e3o da Cidade\",\"potentialAction\":[{\"@type\":\"SearchAction\",\"target\":{\"@type\":\"EntryPoint\",\"urlTemplate\":\"https:\/\/www.manaus.am.gov.br\/ccc\/?s={search_term_string}\"},\"query-input\":\"required name=search_term_string\"}],\"inLanguage\":\"pt-BR\"},{\"@type\":\"Person\",\"@id\":\"https:\/\/www.manaus.am.gov.br\/ccc\/#\/schema\/person\/05d223aea2bf115f9883a6ff3683d81b\",\"name\":\"Bruna Greco\",\"image\":{\"@type\":\"ImageObject\",\"inLanguage\":\"pt-BR\",\"@id\":\"https:\/\/www.manaus.am.gov.br\/ccc\/#\/schema\/person\/image\/\",\"url\":\"https:\/\/secure.gravatar.com\/avatar\/9c877d1a6adc2a055330e5c09a8653ce?s=96&d=mm&r=g\",\"contentUrl\":\"https:\/\/secure.gravatar.com\/avatar\/9c877d1a6adc2a055330e5c09a8653ce?s=96&d=mm&r=g\",\"caption\":\"Bruna Greco\"}}]}<\/script>\n<!-- \/ Yoast SEO plugin. -->","yoast_head_json":{"title":"Prefeitura de Manaus e TJAM projetam a reativa\u00e7\u00e3o do Centro para a Resolu\u00e7\u00e3o de Conflitos","description":"A ideia \u00e9 que, com o Cejusc\/D\u00edvida Ativa, os cidad\u00e3os tenham como renegociar e quitar d\u00e9bitos resultantes do n\u00e3o pagamento \u2013 dentro do prazo de vencimento \u2013 de IPTU (Imposto Predial e Territ\u00f3rio Urbano), de ISS (Imposto sobre Servi\u00e7os) e outros.","robots":{"index":"index","follow":"follow","max-snippet":"max-snippet:-1","max-image-preview":"max-image-preview:large","max-video-preview":"max-video-preview:-1"},"canonical":"https:\/\/www.manaus.am.gov.br\/ccc\/prefeitura-de-manaus-e-tjam-projetam-a-reativacao-do-centro-para-a-resolucao-de-conflitos\/","og_locale":"pt_BR","og_type":"article","og_title":"Prefeitura de Manaus e TJAM projetam a reativa\u00e7\u00e3o do Centro para a Resolu\u00e7\u00e3o de Conflitos","og_description":"A ideia \u00e9 que, com o Cejusc\/D\u00edvida Ativa, os cidad\u00e3os tenham como renegociar e quitar d\u00e9bitos resultantes do n\u00e3o pagamento \u2013 dentro do prazo de vencimento \u2013 de IPTU (Imposto Predial e Territ\u00f3rio Urbano), de ISS (Imposto sobre Servi\u00e7os) e outros.","og_url":"https:\/\/www.manaus.am.gov.br\/ccc\/prefeitura-de-manaus-e-tjam-projetam-a-reativacao-do-centro-para-a-resolucao-de-conflitos\/","og_site_name":"CCC","article_published_time":"2023-04-13T20:39:49+00:00","article_modified_time":"2026-03-20T18:01:31+00:00","og_image":[{"width":2047,"height":1365,"url":"https:\/\/www.manaus.am.gov.br\/ccc\/wp-content\/uploads\/sites\/4\/2023\/12\/52815753348_3d53227510_k.jpg","type":"image\/jpeg"}],"author":"Bruna Greco","twitter_card":"summary_large_image","twitter_misc":{"Written by":"Bruna Greco","Est. reading time":"3 minutos"},"schema":{"@context":"https:\/\/schema.org","@graph":[{"@type":"WebPage","@id":"https:\/\/www.manaus.am.gov.br\/ccc\/prefeitura-de-manaus-e-tjam-projetam-a-reativacao-do-centro-para-a-resolucao-de-conflitos\/","url":"https:\/\/www.manaus.am.gov.br\/ccc\/prefeitura-de-manaus-e-tjam-projetam-a-reativacao-do-centro-para-a-resolucao-de-conflitos\/","name":"Prefeitura de Manaus e TJAM projetam a reativa\u00e7\u00e3o do Centro para a Resolu\u00e7\u00e3o de Conflitos","isPartOf":{"@id":"https:\/\/www.manaus.am.gov.br\/ccc\/#website"},"primaryImageOfPage":{"@id":"https:\/\/www.manaus.am.gov.br\/ccc\/prefeitura-de-manaus-e-tjam-projetam-a-reativacao-do-centro-para-a-resolucao-de-conflitos\/#primaryimage"},"image":{"@id":"https:\/\/www.manaus.am.gov.br\/ccc\/prefeitura-de-manaus-e-tjam-projetam-a-reativacao-do-centro-para-a-resolucao-de-conflitos\/#primaryimage"},"thumbnailUrl":"https:\/\/www.manaus.am.gov.br\/ccc\/wp-content\/uploads\/sites\/4\/2023\/12\/52815753348_3d53227510_k.jpg","datePublished":"2023-04-13T20:39:49+00:00","dateModified":"2026-03-20T18:01:31+00:00","author":{"@id":"https:\/\/www.manaus.am.gov.br\/ccc\/#\/schema\/person\/05d223aea2bf115f9883a6ff3683d81b"},"description":"A ideia \u00e9 que, com o Cejusc\/D\u00edvida Ativa, os cidad\u00e3os tenham como renegociar e quitar d\u00e9bitos resultantes do n\u00e3o pagamento \u2013 dentro do prazo de vencimento \u2013 de IPTU (Imposto Predial e Territ\u00f3rio Urbano), de ISS (Imposto sobre Servi\u00e7os) e outros.","inLanguage":"pt-BR","potentialAction":[{"@type":"ReadAction","target":["https:\/\/www.manaus.am.gov.br\/ccc\/prefeitura-de-manaus-e-tjam-projetam-a-reativacao-do-centro-para-a-resolucao-de-conflitos\/"]}]},{"@type":"ImageObject","inLanguage":"pt-BR","@id":"https:\/\/www.manaus.am.gov.br\/ccc\/prefeitura-de-manaus-e-tjam-projetam-a-reativacao-do-centro-para-a-resolucao-de-conflitos\/#primaryimage","url":"https:\/\/www.manaus.am.gov.br\/ccc\/wp-content\/uploads\/sites\/4\/2023\/12\/52815753348_3d53227510_k.jpg","contentUrl":"https:\/\/www.manaus.am.gov.br\/ccc\/wp-content\/uploads\/sites\/4\/2023\/12\/52815753348_3d53227510_k.jpg","width":2047,"height":1365},{"@type":"WebSite","@id":"https:\/\/www.manaus.am.gov.br\/ccc\/#website","url":"https:\/\/www.manaus.am.gov.br\/ccc\/","name":"CCC","description":"Centro de Coopera\u00e7\u00e3o da Cidade","alternateName":"Centro de Coopera\u00e7\u00e3o da Cidade","potentialAction":[{"@type":"SearchAction","target":{"@type":"EntryPoint","urlTemplate":"https:\/\/www.manaus.am.gov.br\/ccc\/?s={search_term_string}"},"query-input":"required name=search_term_string"}],"inLanguage":"pt-BR"},{"@type":"Person","@id":"https:\/\/www.manaus.am.gov.br\/ccc\/#\/schema\/person\/05d223aea2bf115f9883a6ff3683d81b","name":"Bruna Greco","image":{"@type":"ImageObject","inLanguage":"pt-BR","@id":"https:\/\/www.manaus.am.gov.br\/ccc\/#\/schema\/person\/image\/","url":"https:\/\/secure.gravatar.com\/avatar\/9c877d1a6adc2a055330e5c09a8653ce?s=96&d=mm&r=g","contentUrl":"https:\/\/secure.gravatar.com\/avatar\/9c877d1a6adc2a055330e5c09a8653ce?s=96&d=mm&r=g","caption":"Bruna Greco"}}]}},"_links":{"self":[{"href":"https:\/\/www.manaus.am.gov.br\/ccc\/wp-json\/wp\/v2\/posts\/1009"}],"collection":[{"href":"https:\/\/www.manaus.am.gov.br\/ccc\/wp-json\/wp\/v2\/posts"}],"about":[{"href":"https:\/\/www.manaus.am.gov.br\/ccc\/wp-json\/wp\/v2\/types\/post"}],"author":[{"embeddable":true,"href":"https:\/\/www.manaus.am.gov.br\/ccc\/wp-json\/wp\/v2\/users\/39"}],"replies":[{"embeddable":true,"href":"https:\/\/www.manaus.am.gov.br\/ccc\/wp-json\/wp\/v2\/comments?post=1009"}],"version-history":[{"count":1,"href":"https:\/\/www.manaus.am.gov.br\/ccc\/wp-json\/wp\/v2\/posts\/1009\/revisions"}],"predecessor-version":[{"id":2225,"href":"https:\/\/www.manaus.am.gov.br\/ccc\/wp-json\/wp\/v2\/posts\/1009\/revisions\/2225"}],"wp:featuredmedia":[{"embeddable":true,"href":"https:\/\/www.manaus.am.gov.br\/ccc\/wp-json\/wp\/v2\/media\/1010"}],"wp:attachment":[{"href":"https:\/\/www.manaus.am.gov.br\/ccc\/wp-json\/wp\/v2\/media?parent=1009"}],"wp:term":[{"taxonomy":"category","embeddable":true,"href":"https:\/\/www.manaus.am.gov.br\/ccc\/wp-json\/wp\/v2\/categories?post=1009"},{"taxonomy":"post_tag","embeddable":true,"href":"https:\/\/www.manaus.am.gov.br\/ccc\/wp-json\/wp\/v2\/tags?post=1009"}],"curies":[{"name":"wp","href":"https:\/\/api.w.org\/{rel}","templated":true}]}}