{"id":1006,"date":"2023-03-25T13:40:26","date_gmt":"2023-03-25T17:40:26","guid":{"rendered":"https:\/\/www.manaus.am.gov.br\/ccc\/prefeito-acompanha-trabalhos-de-monitoramento-das-chuvas-e-manaus-entra-em-estagio-de-atencao-neste-sabado-25-3\/"},"modified":"2023-12-18T13:29:12","modified_gmt":"2023-12-18T17:29:12","slug":"prefeito-acompanha-trabalhos-de-monitoramento-das-chuvas-e-manaus-entra-em-estagio-de-atencao-neste-sabado-25-3","status":"publish","type":"post","link":"https:\/\/www.manaus.am.gov.br\/ccc\/prefeito-acompanha-trabalhos-de-monitoramento-das-chuvas-e-manaus-entra-em-estagio-de-atencao-neste-sabado-25-3\/","title":{"rendered":"Prefeito acompanha trabalhos de monitoramento das chuvas e Manaus entra em \u2018Est\u00e1gio de Aten\u00e7\u00e3o\u2019 neste s\u00e1bado, 25\/3"},"content":{"rendered":"\n<p>A Prefeitura de Manaus, por meio do Centro de Coopera\u00e7\u00e3o da Cidade (CCC), informa que Manaus est\u00e1 em \u201cEst\u00e1gio de Aten\u00e7\u00e3o\u201d. O Instituto Nacional de Meteorologia (Inmet) disparou, nas primeiras horas da manh\u00e3 deste s\u00e1bado, 25\/3, o alerta de chuva intensa sobre a capital amazonense durante todo o dia. O prefeito de Manaus, David Almeida, acompanha no CCC, no bairro Adrian\u00f3polis, zona Centro-Sul, os trabalhos de monitoramento da chuva, juntamente com o vice-prefeito e secret\u00e1rio-chefe da Casa Civil, Marcos Rotta, e com o secret\u00e1rio&nbsp; municipal de Seguran\u00e7a P\u00fablica e Defesa Social, S\u00e9rgio Fontes.<\/p>\n\n\n\n<p>De acordo com o prefeito David Almeida, apesar do volume de chuva ter sido superior ao do \u00faltimo dia 12 de mar\u00e7o, as equipes trabalham em alerta para preven\u00e7\u00e3o e atendimento das ocorr\u00eancias de emerg\u00eancia.<\/p>\n\n\n\n<p>\u201cEstou aqui no CCC com toda a equipe da Prefeitura de Manaus, desde as 6 horas da manh\u00e3 deste s\u00e1bado, trabalhando na preven\u00e7\u00e3o e aten\u00e7\u00e3o \u00e0s ocorr\u00eancias com nossas equipes nas ruas, dando as respostas necess\u00e1rias para minimizar os efeitos e os impactos do grande temporal que cai na nossa cidade. Todos os \u00f3rg\u00e3os p\u00fablicos reunidos.&nbsp; Inclusive, o ministro das Cidades, Jader Filho, esteve ontem aqui em Manaus e se comprometeu em ajudar as \u00e1reas de risco. N\u00f3s j\u00e1 estamos finalizando os projetos e encaminharemos o plano de trabalho para que possamos nos antecipar a sinistros dessa natureza\u201d, enfatizou Almeida.<\/p>\n\n\n\n<p>O secret\u00e1rio municipal de Seguran\u00e7a P\u00fablica e Defesa Social, S\u00e9rgio Fontes, faz um alerta \u00e0 popula\u00e7\u00e3o que ap\u00f3s o trabalho de retirada das \u00e1reas de risco deste s\u00e1bado, n\u00e3o retornem \u00e0s casas ap\u00f3s a chuva. \u201cA exemplo do domingo, no dia 12 de mar\u00e7o, a trag\u00e9dia aconteceu sete horas depois que cessaram as chuvas, ent\u00e3o voc\u00ea que foi retirado pela Defesa Civil, aguente e s\u00f3 retorne se for certificado que est\u00e1 seguro. Isso \u00e9 muito importante a gente deixar claro\u201d, explicou Fontes.<\/p>\n\n\n\n<p>O alerta de perigo consiste em chuva entre 50 e 100 mil\u00edmetros e ventos intensos (60 a100 quil\u00f4metros por hora), al\u00e9m de um alto risco de corte de energia el\u00e9trica, queda de galhos de \u00e1rvores e alagamentos.<\/p>\n\n\n\n<p>\u201cA previs\u00e3o geral de chuva para a cidade est\u00e1 em 78 mil\u00edmetros, por\u00e9m neste s\u00e1bado \u00e1reas mais vulner\u00e1veis como a zona Leste, chegaram a 122 mil\u00edmetros, e a zona Norte, 75 mil\u00edmetros, por isso todo a nossa aten\u00e7\u00e3o para atender e evitar ocorr\u00eancias graves nestas \u00e1reas da cidade\u201d, refor\u00e7a o secret\u00e1rio-executivo de Prote\u00e7\u00e3o e Defesa Civil de Manaus, Gladiston Silva.<\/p>\n\n\n\n<p>A Defesa Civil do Munic\u00edpio recebeu 67 ocorr\u00eancias s\u00f3 no in\u00edcio da manh\u00e3 deste s\u00e1bado pela Central 199. Os agentes seguem monitorando a cidade e acompanhando a chuva em todos os bairros.<\/p>\n\n\n\n<p>As ocorr\u00eancias registradas neste s\u00e1bado foram referentes a risco de desabamento, deslizamento de terras e alagamentos.<\/p>\n\n\n\n<p>&#8212; &#8212; &#8212;<\/p>\n\n\n\n<p><strong>Texto \u2013 <\/strong>D\u00e9borah Azevedo \/ Semcom<\/p>\n\n\n\n<p><strong>Fotos \u2013 <\/strong>Aguilar Abecassis \/ Semcom<\/p>\n\n\n\n<p><strong>Dispon\u00edveis em &#8211; <\/strong><a href=\"https:\/\/flic.kr\/s\/aHBqjAx8n2\">https:\/\/flic.kr\/s\/aHBqjAx8n2<\/a><\/p>\n","protected":false},"excerpt":{"rendered":"","protected":false},"author":24,"featured_media":1007,"comment_status":"closed","ping_status":"closed","sticky":false,"template":"","format":"standard","meta":{"footnotes":""},"categories":[351],"tags":[11,12,91,14,75,352,353,298,106,38,138],"acf":[],"yoast_head":"<!-- This site is optimized with the Yoast SEO plugin v23.0 - https:\/\/yoast.com\/wordpress\/plugins\/seo\/ -->\n<title>Prefeito acompanha trabalhos de monitoramento das chuvas e Manaus entra em \u2018Est\u00e1gio de Aten\u00e7\u00e3o\u2019 neste s\u00e1bado, 25\/3<\/title>\n<meta name=\"description\" content=\"A Prefeitura de Manaus, por meio do Centro de Coopera\u00e7\u00e3o da Cidade (CCC), informa que Manaus est\u00e1 em \u201cEst\u00e1gio de Aten\u00e7\u00e3o\u201d.\" \/>\n<meta name=\"robots\" content=\"index, follow, max-snippet:-1, max-image-preview:large, max-video-preview:-1\" \/>\n<link rel=\"canonical\" href=\"https:\/\/www.manaus.am.gov.br\/ccc\/prefeito-acompanha-trabalhos-de-monitoramento-das-chuvas-e-manaus-entra-em-estagio-de-atencao-neste-sabado-25-3\/\" \/>\n<meta property=\"og:locale\" content=\"pt_BR\" \/>\n<meta property=\"og:type\" content=\"article\" \/>\n<meta property=\"og:title\" content=\"Prefeito acompanha trabalhos de monitoramento das chuvas e Manaus entra em \u2018Est\u00e1gio de Aten\u00e7\u00e3o\u2019 neste s\u00e1bado, 25\/3\" \/>\n<meta property=\"og:description\" content=\"A Prefeitura de Manaus, por meio do Centro de Coopera\u00e7\u00e3o da Cidade (CCC), informa que Manaus est\u00e1 em \u201cEst\u00e1gio de Aten\u00e7\u00e3o\u201d.\" \/>\n<meta property=\"og:url\" content=\"https:\/\/www.manaus.am.gov.br\/ccc\/prefeito-acompanha-trabalhos-de-monitoramento-das-chuvas-e-manaus-entra-em-estagio-de-atencao-neste-sabado-25-3\/\" \/>\n<meta property=\"og:site_name\" content=\"CCC\" \/>\n<meta property=\"article:published_time\" content=\"2023-03-25T17:40:26+00:00\" \/>\n<meta property=\"article:modified_time\" content=\"2023-12-18T17:29:12+00:00\" \/>\n<meta property=\"og:image\" content=\"https:\/\/www.manaus.am.gov.br\/ccc\/wp-content\/uploads\/sites\/4\/2023\/12\/Prefeito-CCC-2-scaled.jpg\" \/>\n\t<meta property=\"og:image:width\" content=\"2560\" \/>\n\t<meta property=\"og:image:height\" content=\"1706\" \/>\n\t<meta property=\"og:image:type\" content=\"image\/jpeg\" \/>\n<meta name=\"author\" content=\"Cl\u00e1udia Barbosa\" \/>\n<meta name=\"twitter:card\" content=\"summary_large_image\" \/>\n<meta name=\"twitter:label1\" content=\"Written by\" \/>\n\t<meta name=\"twitter:data1\" content=\"Cl\u00e1udia Barbosa\" \/>\n\t<meta name=\"twitter:label2\" content=\"Est. reading time\" \/>\n\t<meta name=\"twitter:data2\" content=\"3 minutos\" \/>\n<script type=\"application\/ld+json\" class=\"yoast-schema-graph\">{\"@context\":\"https:\/\/schema.org\",\"@graph\":[{\"@type\":\"WebPage\",\"@id\":\"https:\/\/www.manaus.am.gov.br\/ccc\/prefeito-acompanha-trabalhos-de-monitoramento-das-chuvas-e-manaus-entra-em-estagio-de-atencao-neste-sabado-25-3\/\",\"url\":\"https:\/\/www.manaus.am.gov.br\/ccc\/prefeito-acompanha-trabalhos-de-monitoramento-das-chuvas-e-manaus-entra-em-estagio-de-atencao-neste-sabado-25-3\/\",\"name\":\"Prefeito acompanha trabalhos de monitoramento das chuvas e Manaus entra em \u2018Est\u00e1gio de Aten\u00e7\u00e3o\u2019 neste s\u00e1bado, 25\/3\",\"isPartOf\":{\"@id\":\"https:\/\/www.manaus.am.gov.br\/ccc\/#website\"},\"primaryImageOfPage\":{\"@id\":\"https:\/\/www.manaus.am.gov.br\/ccc\/prefeito-acompanha-trabalhos-de-monitoramento-das-chuvas-e-manaus-entra-em-estagio-de-atencao-neste-sabado-25-3\/#primaryimage\"},\"image\":{\"@id\":\"https:\/\/www.manaus.am.gov.br\/ccc\/prefeito-acompanha-trabalhos-de-monitoramento-das-chuvas-e-manaus-entra-em-estagio-de-atencao-neste-sabado-25-3\/#primaryimage\"},\"thumbnailUrl\":\"https:\/\/www.manaus.am.gov.br\/ccc\/wp-content\/uploads\/sites\/4\/2023\/12\/Prefeito-CCC-2-scaled.jpg\",\"datePublished\":\"2023-03-25T17:40:26+00:00\",\"dateModified\":\"2023-12-18T17:29:12+00:00\",\"author\":{\"@id\":\"https:\/\/www.manaus.am.gov.br\/ccc\/#\/schema\/person\/d0a166b5031154c33c77794ddc9a827e\"},\"description\":\"A Prefeitura de Manaus, por meio do Centro de Coopera\u00e7\u00e3o da Cidade (CCC), informa que Manaus est\u00e1 em \u201cEst\u00e1gio de Aten\u00e7\u00e3o\u201d.\",\"inLanguage\":\"pt-BR\",\"potentialAction\":[{\"@type\":\"ReadAction\",\"target\":[\"https:\/\/www.manaus.am.gov.br\/ccc\/prefeito-acompanha-trabalhos-de-monitoramento-das-chuvas-e-manaus-entra-em-estagio-de-atencao-neste-sabado-25-3\/\"]}]},{\"@type\":\"ImageObject\",\"inLanguage\":\"pt-BR\",\"@id\":\"https:\/\/www.manaus.am.gov.br\/ccc\/prefeito-acompanha-trabalhos-de-monitoramento-das-chuvas-e-manaus-entra-em-estagio-de-atencao-neste-sabado-25-3\/#primaryimage\",\"url\":\"https:\/\/www.manaus.am.gov.br\/ccc\/wp-content\/uploads\/sites\/4\/2023\/12\/Prefeito-CCC-2-scaled.jpg\",\"contentUrl\":\"https:\/\/www.manaus.am.gov.br\/ccc\/wp-content\/uploads\/sites\/4\/2023\/12\/Prefeito-CCC-2-scaled.jpg\",\"width\":2560,\"height\":1706},{\"@type\":\"WebSite\",\"@id\":\"https:\/\/www.manaus.am.gov.br\/ccc\/#website\",\"url\":\"https:\/\/www.manaus.am.gov.br\/ccc\/\",\"name\":\"CCC\",\"description\":\"Centro de Coopera\u00e7\u00e3o da Cidade\",\"alternateName\":\"Centro de Coopera\u00e7\u00e3o da Cidade\",\"potentialAction\":[{\"@type\":\"SearchAction\",\"target\":{\"@type\":\"EntryPoint\",\"urlTemplate\":\"https:\/\/www.manaus.am.gov.br\/ccc\/?s={search_term_string}\"},\"query-input\":\"required name=search_term_string\"}],\"inLanguage\":\"pt-BR\"},{\"@type\":\"Person\",\"@id\":\"https:\/\/www.manaus.am.gov.br\/ccc\/#\/schema\/person\/d0a166b5031154c33c77794ddc9a827e\",\"name\":\"Cl\u00e1udia Barbosa\",\"image\":{\"@type\":\"ImageObject\",\"inLanguage\":\"pt-BR\",\"@id\":\"https:\/\/www.manaus.am.gov.br\/ccc\/#\/schema\/person\/image\/\",\"url\":\"https:\/\/secure.gravatar.com\/avatar\/42958a1cf007f1a00534009218c72590?s=96&d=mm&r=g\",\"contentUrl\":\"https:\/\/secure.gravatar.com\/avatar\/42958a1cf007f1a00534009218c72590?s=96&d=mm&r=g\",\"caption\":\"Cl\u00e1udia Barbosa\"}}]}<\/script>\n<!-- \/ Yoast SEO plugin. -->","yoast_head_json":{"title":"Prefeito acompanha trabalhos de monitoramento das chuvas e Manaus entra em \u2018Est\u00e1gio de Aten\u00e7\u00e3o\u2019 neste s\u00e1bado, 25\/3","description":"A Prefeitura de Manaus, por meio do Centro de Coopera\u00e7\u00e3o da Cidade (CCC), informa que Manaus est\u00e1 em \u201cEst\u00e1gio de Aten\u00e7\u00e3o\u201d.","robots":{"index":"index","follow":"follow","max-snippet":"max-snippet:-1","max-image-preview":"max-image-preview:large","max-video-preview":"max-video-preview:-1"},"canonical":"https:\/\/www.manaus.am.gov.br\/ccc\/prefeito-acompanha-trabalhos-de-monitoramento-das-chuvas-e-manaus-entra-em-estagio-de-atencao-neste-sabado-25-3\/","og_locale":"pt_BR","og_type":"article","og_title":"Prefeito acompanha trabalhos de monitoramento das chuvas e Manaus entra em \u2018Est\u00e1gio de Aten\u00e7\u00e3o\u2019 neste s\u00e1bado, 25\/3","og_description":"A Prefeitura de Manaus, por meio do Centro de Coopera\u00e7\u00e3o da Cidade (CCC), informa que Manaus est\u00e1 em \u201cEst\u00e1gio de Aten\u00e7\u00e3o\u201d.","og_url":"https:\/\/www.manaus.am.gov.br\/ccc\/prefeito-acompanha-trabalhos-de-monitoramento-das-chuvas-e-manaus-entra-em-estagio-de-atencao-neste-sabado-25-3\/","og_site_name":"CCC","article_published_time":"2023-03-25T17:40:26+00:00","article_modified_time":"2023-12-18T17:29:12+00:00","og_image":[{"width":2560,"height":1706,"url":"https:\/\/www.manaus.am.gov.br\/ccc\/wp-content\/uploads\/sites\/4\/2023\/12\/Prefeito-CCC-2-scaled.jpg","type":"image\/jpeg"}],"author":"Cl\u00e1udia Barbosa","twitter_card":"summary_large_image","twitter_misc":{"Written by":"Cl\u00e1udia Barbosa","Est. reading time":"3 minutos"},"schema":{"@context":"https:\/\/schema.org","@graph":[{"@type":"WebPage","@id":"https:\/\/www.manaus.am.gov.br\/ccc\/prefeito-acompanha-trabalhos-de-monitoramento-das-chuvas-e-manaus-entra-em-estagio-de-atencao-neste-sabado-25-3\/","url":"https:\/\/www.manaus.am.gov.br\/ccc\/prefeito-acompanha-trabalhos-de-monitoramento-das-chuvas-e-manaus-entra-em-estagio-de-atencao-neste-sabado-25-3\/","name":"Prefeito acompanha trabalhos de monitoramento das chuvas e Manaus entra em \u2018Est\u00e1gio de Aten\u00e7\u00e3o\u2019 neste s\u00e1bado, 25\/3","isPartOf":{"@id":"https:\/\/www.manaus.am.gov.br\/ccc\/#website"},"primaryImageOfPage":{"@id":"https:\/\/www.manaus.am.gov.br\/ccc\/prefeito-acompanha-trabalhos-de-monitoramento-das-chuvas-e-manaus-entra-em-estagio-de-atencao-neste-sabado-25-3\/#primaryimage"},"image":{"@id":"https:\/\/www.manaus.am.gov.br\/ccc\/prefeito-acompanha-trabalhos-de-monitoramento-das-chuvas-e-manaus-entra-em-estagio-de-atencao-neste-sabado-25-3\/#primaryimage"},"thumbnailUrl":"https:\/\/www.manaus.am.gov.br\/ccc\/wp-content\/uploads\/sites\/4\/2023\/12\/Prefeito-CCC-2-scaled.jpg","datePublished":"2023-03-25T17:40:26+00:00","dateModified":"2023-12-18T17:29:12+00:00","author":{"@id":"https:\/\/www.manaus.am.gov.br\/ccc\/#\/schema\/person\/d0a166b5031154c33c77794ddc9a827e"},"description":"A Prefeitura de Manaus, por meio do Centro de Coopera\u00e7\u00e3o da Cidade (CCC), informa que Manaus est\u00e1 em \u201cEst\u00e1gio de Aten\u00e7\u00e3o\u201d.","inLanguage":"pt-BR","potentialAction":[{"@type":"ReadAction","target":["https:\/\/www.manaus.am.gov.br\/ccc\/prefeito-acompanha-trabalhos-de-monitoramento-das-chuvas-e-manaus-entra-em-estagio-de-atencao-neste-sabado-25-3\/"]}]},{"@type":"ImageObject","inLanguage":"pt-BR","@id":"https:\/\/www.manaus.am.gov.br\/ccc\/prefeito-acompanha-trabalhos-de-monitoramento-das-chuvas-e-manaus-entra-em-estagio-de-atencao-neste-sabado-25-3\/#primaryimage","url":"https:\/\/www.manaus.am.gov.br\/ccc\/wp-content\/uploads\/sites\/4\/2023\/12\/Prefeito-CCC-2-scaled.jpg","contentUrl":"https:\/\/www.manaus.am.gov.br\/ccc\/wp-content\/uploads\/sites\/4\/2023\/12\/Prefeito-CCC-2-scaled.jpg","width":2560,"height":1706},{"@type":"WebSite","@id":"https:\/\/www.manaus.am.gov.br\/ccc\/#website","url":"https:\/\/www.manaus.am.gov.br\/ccc\/","name":"CCC","description":"Centro de Coopera\u00e7\u00e3o da Cidade","alternateName":"Centro de Coopera\u00e7\u00e3o da Cidade","potentialAction":[{"@type":"SearchAction","target":{"@type":"EntryPoint","urlTemplate":"https:\/\/www.manaus.am.gov.br\/ccc\/?s={search_term_string}"},"query-input":"required name=search_term_string"}],"inLanguage":"pt-BR"},{"@type":"Person","@id":"https:\/\/www.manaus.am.gov.br\/ccc\/#\/schema\/person\/d0a166b5031154c33c77794ddc9a827e","name":"Cl\u00e1udia Barbosa","image":{"@type":"ImageObject","inLanguage":"pt-BR","@id":"https:\/\/www.manaus.am.gov.br\/ccc\/#\/schema\/person\/image\/","url":"https:\/\/secure.gravatar.com\/avatar\/42958a1cf007f1a00534009218c72590?s=96&d=mm&r=g","contentUrl":"https:\/\/secure.gravatar.com\/avatar\/42958a1cf007f1a00534009218c72590?s=96&d=mm&r=g","caption":"Cl\u00e1udia Barbosa"}}]}},"_links":{"self":[{"href":"https:\/\/www.manaus.am.gov.br\/ccc\/wp-json\/wp\/v2\/posts\/1006"}],"collection":[{"href":"https:\/\/www.manaus.am.gov.br\/ccc\/wp-json\/wp\/v2\/posts"}],"about":[{"href":"https:\/\/www.manaus.am.gov.br\/ccc\/wp-json\/wp\/v2\/types\/post"}],"author":[{"embeddable":true,"href":"https:\/\/www.manaus.am.gov.br\/ccc\/wp-json\/wp\/v2\/users\/24"}],"replies":[{"embeddable":true,"href":"https:\/\/www.manaus.am.gov.br\/ccc\/wp-json\/wp\/v2\/comments?post=1006"}],"version-history":[{"count":0,"href":"https:\/\/www.manaus.am.gov.br\/ccc\/wp-json\/wp\/v2\/posts\/1006\/revisions"}],"wp:featuredmedia":[{"embeddable":true,"href":"https:\/\/www.manaus.am.gov.br\/ccc\/wp-json\/wp\/v2\/media\/1007"}],"wp:attachment":[{"href":"https:\/\/www.manaus.am.gov.br\/ccc\/wp-json\/wp\/v2\/media?parent=1006"}],"wp:term":[{"taxonomy":"category","embeddable":true,"href":"https:\/\/www.manaus.am.gov.br\/ccc\/wp-json\/wp\/v2\/categories?post=1006"},{"taxonomy":"post_tag","embeddable":true,"href":"https:\/\/www.manaus.am.gov.br\/ccc\/wp-json\/wp\/v2\/tags?post=1006"}],"curies":[{"name":"wp","href":"https:\/\/api.w.org\/{rel}","templated":true}]}}