{"id":1000,"date":"2023-09-06T02:35:02","date_gmt":"2023-09-06T06:35:02","guid":{"rendered":"https:\/\/www.manaus.am.gov.br\/ccc\/prefeito-destaca-espacos-criartivos-e-diversidade-de-programacoes-no-sou-manaus-2023\/"},"modified":"2023-12-18T11:35:16","modified_gmt":"2023-12-18T15:35:16","slug":"prefeito-destaca-espacos-criartivos-e-diversidade-de-programacoes-no-sou-manaus-2023","status":"publish","type":"post","link":"https:\/\/www.manaus.am.gov.br\/ccc\/prefeito-destaca-espacos-criartivos-e-diversidade-de-programacoes-no-sou-manaus-2023\/","title":{"rendered":"Prefeito destaca espa\u00e7os criativos e diversidade de programa\u00e7\u00f5es no \u2018#SouManaus 2023\u2019"},"content":{"rendered":"\n<p>Durante a primeira noite do maior festival de artes integradas da regi\u00e3o Norte, o \u201c#SouManaus Passo a Pa\u00e7o 2023\u201d, realizado pela Prefeitura de Manaus, por meio da Funda\u00e7\u00e3o Municipal de Cultura, Turismo e Eventos (Manauscult), o prefeito de Manaus, David Almeida, destacou os espa\u00e7os criativos e a diversidade de programa\u00e7\u00f5es presentes na 8\u00aa edi\u00e7\u00e3o do evento.<\/p>\n\n\n\n<p>\u201cN\u00f3s temos todas as artes integradas aqui neste evento. N\u00f3s temos aqui os games, quem for para o teatro da instala\u00e7\u00e3o, temos o stand-up comedy, temos aqui a exposi\u00e7\u00e3o de artistas pl\u00e1sticas, a pintura, arte urbana, a gastronomia, temos a cultura e temos o maior festival de artes integradas, eu acho que no Brasil \u00e9 o nosso\u201d, disse Almeida.<\/p>\n\n\n\n<p>Um dos primeiros espa\u00e7\u00f5es visitados pelo chefe do Executivo municipal foi o evento \u201cSou Gamer Innovation\u201d, que acontece no Casar\u00e3o da Inova\u00e7\u00e3o Cassina at\u00e9 o dia 7 de setembro. \u201cO SouGame Innovation dentro do #SouManaus \u00e9 artes integradas, inclus\u00e3o cultural. N\u00f3s temos muita coisa acontecendo aqui no centro da cidade de Manaus\u201d, completou o prefeito.<\/p>\n\n\n\n<p>S\u00e3o mais de 200 competidores por dia, em hor\u00e1rios alternados. A expectativa \u00e9 de que mais de 3 mil competidores participem do evento de games e cultura geek durante os tr\u00eas dias do festival. A programa\u00e7\u00e3o \u201cSou Gamer Innovation\u201d, realizada por meio da Secretaria Municipal do Trabalho, Empreendedorismo e Inova\u00e7\u00e3o (Semtepi), vai contar com competi\u00e7\u00f5es nas seguintes modalidades: Free Fire masculino; Free Fire Feminino; Fifa 23; Just Dance 23; Kapote (domin\u00f3 virtual &#8211; beta teste); The King Of Fighter 2002; Mortal Kombat; Top Gear; Mario Kart e Cosplay.<\/p>\n\n\n\n<p>\u201cTemos v\u00e1rias competi\u00e7\u00f5es de games, Free Fire, Mortal Kombat, tem jogos inovadores, inclusive, que est\u00e3o sendo lan\u00e7ados, especificamente um jogo de domin\u00f3, com as caracter\u00edsticas amaz\u00f4nicas, al\u00e9m de K-pop. O mundo geek tamb\u00e9m est\u00e1 envolvido, e n\u00e3o poder\u00edamos deixar de fazer isso no #SouManaus. Esse evento, que \u00e9 de artes integradas, mas que tamb\u00e9m envolve inova\u00e7\u00e3o e tecnologia\u201d, garantiu o titular da Semtepi, Radyr J\u00fanior.<\/p>\n\n\n\n<p><strong>Jogos eletr\u00f4nicos na regi\u00e3o<\/strong><\/p>\n\n\n\n<p>De acordo com o gamer Mateus Oliveira, este \u00e9 o quarto campeonato de Retr\u00f4 Games que ele participa. Para o jogador, a import\u00e2ncia do evento est\u00e1 firmada no tradicionalismo hist\u00f3rico existente na chegada dos jogos eletr\u00f4nicos na regi\u00e3o.<\/p>\n\n\n\n<p>&#8220;A ind\u00fastria de videogames sempre movimentou bastante o mercado financeiro e digital. E, culturamente, os jogos s\u00e3o importantes para a gera\u00e7\u00e3o de emprego, agregam conhecimento aos interessados e muito reconhecimento. Somos agradecidos por este evento que a prefeitura nos proporciona. O que o poder p\u00fablico est\u00e1 fazendo \u00e9 maravilhoso, porque est\u00e1 criando visibilidade para nossa \u00e1rea&#8221;, destacou o competidor.<\/p>\n\n\n\n<p>Para a participante do campeonato de Free Fire, D\u00e9bora Queiroz, que j\u00e1 est\u00e1 h\u00e1 dois anos na \u00e1rea de games, essa \u00e9 sua primeira vez em um evento de inova\u00e7\u00e3o promovido pela Prefeitura de Manaus. Segundo a estudante, de 18 anos, a expectativa para essa competi\u00e7\u00e3o \u00e9 vencer com muita confian\u00e7a e estrat\u00e9gia.<\/p>\n\n\n\n<p>Ela compartilhou sua empolga\u00e7\u00e3o: &#8220;temos uma extensa experi\u00eancia em diversos campeonatos e jogos. Nos preparamos minuciosamente para este momento. Este evento patrocinado pela prefeitura \u00e9 de extrema import\u00e2ncia, n\u00e3o apenas para mim, mas tamb\u00e9m para meus companheiros de equipe. Acredito que ele abrir\u00e1 portas para toda a cidade. Aqueles que n\u00e3o se inscreverem nesta edi\u00e7\u00e3o, eu recomendo que n\u00e3o percam a oportunidade de se inscrever no pr\u00f3ximo, pois promete ser incr\u00edvel&#8221;, enfatizou D\u00e9bora, membra da equipe Papagaios Gamers Sports &#8211; E-sportes.<\/p>\n\n\n\n<p><strong>Monitoramento<\/strong><\/p>\n\n\n\n<p>Ainda nas primeiras horas do evento, o chefe do Executivo municipal participou da primeira reuni\u00e3o realizada pelo Centro de Coopera\u00e7\u00e3o da Cidade (CCC), com todos os \u00f3rg\u00e3os envolvidos no \u201c#SouManaus Passo a Pa\u00e7o 2023\u201d.<\/p>\n\n\n\n<p>Em toda \u00e1rea do evento, o CCC atua no formato de videomonitoramento em tempo real, com aproximadamente 55 c\u00e2meras de \u00faltima gera\u00e7\u00e3o, fixas e m\u00f3veis, do modelo PTZ (Pan, Tilt, e Zoom) e Multisensor, para capturar em 360\u00b0, toda a movimenta\u00e7\u00e3o de pessoas e ve\u00edculos, que circularam por todo o festival multicultural. O novo sistema de videomonitoramento \u00e9 novidade e est\u00e1 modernizando os procedimentos de fiscaliza\u00e7\u00e3o em todas as zonas da capital amazonense.<\/p>\n\n\n\n<p>\u201cEu agrade\u00e7o todos os esfor\u00e7os que est\u00e3o sendo realizados para este festival, todas as equipes envolvidas. Tenho certeza que teremos um grande festival hoje e ao longo dos dias\u201d, garantiu Almeida.<\/p>\n\n\n\n<p><strong>Espa\u00e7o de Moda<\/strong><\/p>\n\n\n\n<p>O prefeito visitou tamb\u00e9m o espa\u00e7o que faz parte do Programa Municipal de Forma\u00e7\u00e3o Art\u00edstico e Cultural (Promfac), que busca oferecer capacita\u00e7\u00e3o e qualifica\u00e7\u00e3o profissional aos artistas, agentes e produtores culturais residentes em Manaus, e que montou um espa\u00e7o completo para receber o desfile \u201cVestindo o Amanh\u00e3 &#8211; Moda \u00c9tica no #SouManaus&#8221;.<\/p>\n\n\n\n<p>No local, a t\u00e9cnica da Manauscult e diretora do Promfac, Karoliny Braga, explica que a exposi\u00e7\u00e3o realizada no espa\u00e7o tem o intu\u00eddo de levar o impacto \u00e0 popula\u00e7\u00e3o quanto ao consumo consciente e \u00e0 preserva\u00e7\u00e3o de seu habitat.<\/p>\n\n\n\n<p>\u201cQueremos que isso tenha um impacto sob o consumidor consciente, o conectando com a preserva\u00e7\u00e3o do seu pr\u00f3prio habitat, do mundo ao seu redor. Estamos mostrando ferramentas para um maior rendimento, de maneira consciente, e fazer com que cada um levante novos caminhos para o uso de mat\u00e9ria-prima com responsabilidade, pensando em como vestir o nosso amanh\u00e3&#8221;, finalizou.<\/p>\n\n\n\n<p>&#8212;&#8211;<\/p>\n\n\n\n<p><strong>Texto &#8211;<\/strong> Beathriz Torres e Luiza Maria \/ Semcom<\/p>\n\n\n\n<p><strong>Fotos &#8211;<\/strong> Dhyeizo Lemos \/ Semcom<strong><\/strong><\/p>\n","protected":false},"excerpt":{"rendered":"","protected":false},"author":52,"featured_media":1001,"comment_status":"closed","ping_status":"closed","sticky":false,"template":"","format":"standard","meta":{"footnotes":""},"categories":[214],"tags":[348,349,38,217],"acf":[],"yoast_head":"<!-- This site is optimized with the Yoast SEO plugin v23.0 - https:\/\/yoast.com\/wordpress\/plugins\/seo\/ -->\n<title>Prefeito destaca espa\u00e7os criativos e diversidade de programa\u00e7\u00f5es no \u2018#SouManaus 2023\u2019<\/title>\n<meta name=\"description\" content=\"Durante a primeira noite do maior festival de artes integradas da regi\u00e3o Norte, o \u201c#SouManaus Passo a Pa\u00e7o 2023\u201d, realizado pela Prefeitura.\" \/>\n<meta name=\"robots\" content=\"index, follow, max-snippet:-1, max-image-preview:large, max-video-preview:-1\" \/>\n<link rel=\"canonical\" href=\"https:\/\/www.manaus.am.gov.br\/ccc\/prefeito-destaca-espacos-criartivos-e-diversidade-de-programacoes-no-sou-manaus-2023\/\" \/>\n<meta property=\"og:locale\" content=\"pt_BR\" \/>\n<meta property=\"og:type\" content=\"article\" \/>\n<meta property=\"og:title\" content=\"Prefeito destaca espa\u00e7os criativos e diversidade de programa\u00e7\u00f5es no \u2018#SouManaus 2023\u2019\" \/>\n<meta property=\"og:description\" content=\"Durante a primeira noite do maior festival de artes integradas da regi\u00e3o Norte, o \u201c#SouManaus Passo a Pa\u00e7o 2023\u201d, realizado pela Prefeitura.\" \/>\n<meta property=\"og:url\" content=\"https:\/\/www.manaus.am.gov.br\/ccc\/prefeito-destaca-espacos-criartivos-e-diversidade-de-programacoes-no-sou-manaus-2023\/\" \/>\n<meta property=\"og:site_name\" content=\"CCC\" \/>\n<meta property=\"article:published_time\" content=\"2023-09-06T06:35:02+00:00\" \/>\n<meta property=\"article:modified_time\" content=\"2023-12-18T15:35:16+00:00\" \/>\n<meta property=\"og:image\" content=\"https:\/\/www.manaus.am.gov.br\/ccc\/wp-content\/uploads\/sites\/4\/2023\/12\/Prefeito-Sou-Gamer-Innovation2.jpg\" \/>\n\t<meta property=\"og:image:width\" content=\"1024\" \/>\n\t<meta property=\"og:image:height\" content=\"683\" \/>\n\t<meta property=\"og:image:type\" content=\"image\/jpeg\" \/>\n<meta name=\"author\" content=\"csilveira\" \/>\n<meta name=\"twitter:card\" content=\"summary_large_image\" \/>\n<meta name=\"twitter:label1\" content=\"Written by\" \/>\n\t<meta name=\"twitter:data1\" content=\"csilveira\" \/>\n\t<meta name=\"twitter:label2\" content=\"Est. reading time\" \/>\n\t<meta name=\"twitter:data2\" content=\"5 minutos\" \/>\n<script type=\"application\/ld+json\" class=\"yoast-schema-graph\">{\"@context\":\"https:\/\/schema.org\",\"@graph\":[{\"@type\":\"WebPage\",\"@id\":\"https:\/\/www.manaus.am.gov.br\/ccc\/prefeito-destaca-espacos-criartivos-e-diversidade-de-programacoes-no-sou-manaus-2023\/\",\"url\":\"https:\/\/www.manaus.am.gov.br\/ccc\/prefeito-destaca-espacos-criartivos-e-diversidade-de-programacoes-no-sou-manaus-2023\/\",\"name\":\"Prefeito destaca espa\u00e7os criativos e diversidade de programa\u00e7\u00f5es no \u2018#SouManaus 2023\u2019\",\"isPartOf\":{\"@id\":\"https:\/\/www.manaus.am.gov.br\/ccc\/#website\"},\"primaryImageOfPage\":{\"@id\":\"https:\/\/www.manaus.am.gov.br\/ccc\/prefeito-destaca-espacos-criartivos-e-diversidade-de-programacoes-no-sou-manaus-2023\/#primaryimage\"},\"image\":{\"@id\":\"https:\/\/www.manaus.am.gov.br\/ccc\/prefeito-destaca-espacos-criartivos-e-diversidade-de-programacoes-no-sou-manaus-2023\/#primaryimage\"},\"thumbnailUrl\":\"https:\/\/www.manaus.am.gov.br\/ccc\/wp-content\/uploads\/sites\/4\/2023\/12\/Prefeito-Sou-Gamer-Innovation2.jpg\",\"datePublished\":\"2023-09-06T06:35:02+00:00\",\"dateModified\":\"2023-12-18T15:35:16+00:00\",\"author\":{\"@id\":\"https:\/\/www.manaus.am.gov.br\/ccc\/#\/schema\/person\/bfafc779be2e19b3d3ef4a59d418b606\"},\"description\":\"Durante a primeira noite do maior festival de artes integradas da regi\u00e3o Norte, o \u201c#SouManaus Passo a Pa\u00e7o 2023\u201d, realizado pela Prefeitura.\",\"inLanguage\":\"pt-BR\",\"potentialAction\":[{\"@type\":\"ReadAction\",\"target\":[\"https:\/\/www.manaus.am.gov.br\/ccc\/prefeito-destaca-espacos-criartivos-e-diversidade-de-programacoes-no-sou-manaus-2023\/\"]}]},{\"@type\":\"ImageObject\",\"inLanguage\":\"pt-BR\",\"@id\":\"https:\/\/www.manaus.am.gov.br\/ccc\/prefeito-destaca-espacos-criartivos-e-diversidade-de-programacoes-no-sou-manaus-2023\/#primaryimage\",\"url\":\"https:\/\/www.manaus.am.gov.br\/ccc\/wp-content\/uploads\/sites\/4\/2023\/12\/Prefeito-Sou-Gamer-Innovation2.jpg\",\"contentUrl\":\"https:\/\/www.manaus.am.gov.br\/ccc\/wp-content\/uploads\/sites\/4\/2023\/12\/Prefeito-Sou-Gamer-Innovation2.jpg\",\"width\":1024,\"height\":683},{\"@type\":\"WebSite\",\"@id\":\"https:\/\/www.manaus.am.gov.br\/ccc\/#website\",\"url\":\"https:\/\/www.manaus.am.gov.br\/ccc\/\",\"name\":\"CCC\",\"description\":\"Centro de Coopera\u00e7\u00e3o da Cidade\",\"alternateName\":\"Centro de Coopera\u00e7\u00e3o da Cidade\",\"potentialAction\":[{\"@type\":\"SearchAction\",\"target\":{\"@type\":\"EntryPoint\",\"urlTemplate\":\"https:\/\/www.manaus.am.gov.br\/ccc\/?s={search_term_string}\"},\"query-input\":\"required name=search_term_string\"}],\"inLanguage\":\"pt-BR\"},{\"@type\":\"Person\",\"@id\":\"https:\/\/www.manaus.am.gov.br\/ccc\/#\/schema\/person\/bfafc779be2e19b3d3ef4a59d418b606\",\"name\":\"csilveira\",\"image\":{\"@type\":\"ImageObject\",\"inLanguage\":\"pt-BR\",\"@id\":\"https:\/\/www.manaus.am.gov.br\/ccc\/#\/schema\/person\/image\/\",\"url\":\"https:\/\/secure.gravatar.com\/avatar\/9c2e2f00138fcd35401c748bd030d3b5?s=96&d=mm&r=g\",\"contentUrl\":\"https:\/\/secure.gravatar.com\/avatar\/9c2e2f00138fcd35401c748bd030d3b5?s=96&d=mm&r=g\",\"caption\":\"csilveira\"}}]}<\/script>\n<!-- \/ Yoast SEO plugin. -->","yoast_head_json":{"title":"Prefeito destaca espa\u00e7os criativos e diversidade de programa\u00e7\u00f5es no \u2018#SouManaus 2023\u2019","description":"Durante a primeira noite do maior festival de artes integradas da regi\u00e3o Norte, o \u201c#SouManaus Passo a Pa\u00e7o 2023\u201d, realizado pela Prefeitura.","robots":{"index":"index","follow":"follow","max-snippet":"max-snippet:-1","max-image-preview":"max-image-preview:large","max-video-preview":"max-video-preview:-1"},"canonical":"https:\/\/www.manaus.am.gov.br\/ccc\/prefeito-destaca-espacos-criartivos-e-diversidade-de-programacoes-no-sou-manaus-2023\/","og_locale":"pt_BR","og_type":"article","og_title":"Prefeito destaca espa\u00e7os criativos e diversidade de programa\u00e7\u00f5es no \u2018#SouManaus 2023\u2019","og_description":"Durante a primeira noite do maior festival de artes integradas da regi\u00e3o Norte, o \u201c#SouManaus Passo a Pa\u00e7o 2023\u201d, realizado pela Prefeitura.","og_url":"https:\/\/www.manaus.am.gov.br\/ccc\/prefeito-destaca-espacos-criartivos-e-diversidade-de-programacoes-no-sou-manaus-2023\/","og_site_name":"CCC","article_published_time":"2023-09-06T06:35:02+00:00","article_modified_time":"2023-12-18T15:35:16+00:00","og_image":[{"width":1024,"height":683,"url":"https:\/\/www.manaus.am.gov.br\/ccc\/wp-content\/uploads\/sites\/4\/2023\/12\/Prefeito-Sou-Gamer-Innovation2.jpg","type":"image\/jpeg"}],"author":"csilveira","twitter_card":"summary_large_image","twitter_misc":{"Written by":"csilveira","Est. reading time":"5 minutos"},"schema":{"@context":"https:\/\/schema.org","@graph":[{"@type":"WebPage","@id":"https:\/\/www.manaus.am.gov.br\/ccc\/prefeito-destaca-espacos-criartivos-e-diversidade-de-programacoes-no-sou-manaus-2023\/","url":"https:\/\/www.manaus.am.gov.br\/ccc\/prefeito-destaca-espacos-criartivos-e-diversidade-de-programacoes-no-sou-manaus-2023\/","name":"Prefeito destaca espa\u00e7os criativos e diversidade de programa\u00e7\u00f5es no \u2018#SouManaus 2023\u2019","isPartOf":{"@id":"https:\/\/www.manaus.am.gov.br\/ccc\/#website"},"primaryImageOfPage":{"@id":"https:\/\/www.manaus.am.gov.br\/ccc\/prefeito-destaca-espacos-criartivos-e-diversidade-de-programacoes-no-sou-manaus-2023\/#primaryimage"},"image":{"@id":"https:\/\/www.manaus.am.gov.br\/ccc\/prefeito-destaca-espacos-criartivos-e-diversidade-de-programacoes-no-sou-manaus-2023\/#primaryimage"},"thumbnailUrl":"https:\/\/www.manaus.am.gov.br\/ccc\/wp-content\/uploads\/sites\/4\/2023\/12\/Prefeito-Sou-Gamer-Innovation2.jpg","datePublished":"2023-09-06T06:35:02+00:00","dateModified":"2023-12-18T15:35:16+00:00","author":{"@id":"https:\/\/www.manaus.am.gov.br\/ccc\/#\/schema\/person\/bfafc779be2e19b3d3ef4a59d418b606"},"description":"Durante a primeira noite do maior festival de artes integradas da regi\u00e3o Norte, o \u201c#SouManaus Passo a Pa\u00e7o 2023\u201d, realizado pela Prefeitura.","inLanguage":"pt-BR","potentialAction":[{"@type":"ReadAction","target":["https:\/\/www.manaus.am.gov.br\/ccc\/prefeito-destaca-espacos-criartivos-e-diversidade-de-programacoes-no-sou-manaus-2023\/"]}]},{"@type":"ImageObject","inLanguage":"pt-BR","@id":"https:\/\/www.manaus.am.gov.br\/ccc\/prefeito-destaca-espacos-criartivos-e-diversidade-de-programacoes-no-sou-manaus-2023\/#primaryimage","url":"https:\/\/www.manaus.am.gov.br\/ccc\/wp-content\/uploads\/sites\/4\/2023\/12\/Prefeito-Sou-Gamer-Innovation2.jpg","contentUrl":"https:\/\/www.manaus.am.gov.br\/ccc\/wp-content\/uploads\/sites\/4\/2023\/12\/Prefeito-Sou-Gamer-Innovation2.jpg","width":1024,"height":683},{"@type":"WebSite","@id":"https:\/\/www.manaus.am.gov.br\/ccc\/#website","url":"https:\/\/www.manaus.am.gov.br\/ccc\/","name":"CCC","description":"Centro de Coopera\u00e7\u00e3o da Cidade","alternateName":"Centro de Coopera\u00e7\u00e3o da Cidade","potentialAction":[{"@type":"SearchAction","target":{"@type":"EntryPoint","urlTemplate":"https:\/\/www.manaus.am.gov.br\/ccc\/?s={search_term_string}"},"query-input":"required name=search_term_string"}],"inLanguage":"pt-BR"},{"@type":"Person","@id":"https:\/\/www.manaus.am.gov.br\/ccc\/#\/schema\/person\/bfafc779be2e19b3d3ef4a59d418b606","name":"csilveira","image":{"@type":"ImageObject","inLanguage":"pt-BR","@id":"https:\/\/www.manaus.am.gov.br\/ccc\/#\/schema\/person\/image\/","url":"https:\/\/secure.gravatar.com\/avatar\/9c2e2f00138fcd35401c748bd030d3b5?s=96&d=mm&r=g","contentUrl":"https:\/\/secure.gravatar.com\/avatar\/9c2e2f00138fcd35401c748bd030d3b5?s=96&d=mm&r=g","caption":"csilveira"}}]}},"_links":{"self":[{"href":"https:\/\/www.manaus.am.gov.br\/ccc\/wp-json\/wp\/v2\/posts\/1000"}],"collection":[{"href":"https:\/\/www.manaus.am.gov.br\/ccc\/wp-json\/wp\/v2\/posts"}],"about":[{"href":"https:\/\/www.manaus.am.gov.br\/ccc\/wp-json\/wp\/v2\/types\/post"}],"author":[{"embeddable":true,"href":"https:\/\/www.manaus.am.gov.br\/ccc\/wp-json\/wp\/v2\/users\/52"}],"replies":[{"embeddable":true,"href":"https:\/\/www.manaus.am.gov.br\/ccc\/wp-json\/wp\/v2\/comments?post=1000"}],"version-history":[{"count":0,"href":"https:\/\/www.manaus.am.gov.br\/ccc\/wp-json\/wp\/v2\/posts\/1000\/revisions"}],"wp:featuredmedia":[{"embeddable":true,"href":"https:\/\/www.manaus.am.gov.br\/ccc\/wp-json\/wp\/v2\/media\/1001"}],"wp:attachment":[{"href":"https:\/\/www.manaus.am.gov.br\/ccc\/wp-json\/wp\/v2\/media?parent=1000"}],"wp:term":[{"taxonomy":"category","embeddable":true,"href":"https:\/\/www.manaus.am.gov.br\/ccc\/wp-json\/wp\/v2\/categories?post=1000"},{"taxonomy":"post_tag","embeddable":true,"href":"https:\/\/www.manaus.am.gov.br\/ccc\/wp-json\/wp\/v2\/tags?post=1000"}],"curies":[{"name":"wp","href":"https:\/\/api.w.org\/{rel}","templated":true}]}}