{"id":208064,"date":"2024-05-07T13:54:53","date_gmt":"2024-05-07T17:54:53","guid":{"rendered":"https:\/\/www.manaus.am.gov.br\/casa-militar\/ajuda-humanitaria-rs\/"},"modified":"2024-05-07T13:56:58","modified_gmt":"2024-05-07T17:56:58","slug":"ajuda-humanitaria-rs","status":"publish","type":"post","link":"https:\/\/www.manaus.am.gov.br\/casa-militar\/ajuda-humanitaria-rs\/","title":{"rendered":"Prefeitura de Manaus monta opera\u00e7\u00e3o de ajuda humanit\u00e1ria ao Rio Grande do Sul e recebe doa\u00e7\u00e3o de \u00e1gua"},"content":{"rendered":"\n<p>O prefeito David Almeida, anunciou, nesta ter\u00e7a-feira, 7\/5, uma opera\u00e7\u00e3o realizada pela Prefeitura de Manaus, para enviar ajuda humanit\u00e1ria \u00e0s fam\u00edlias de Porto Alegre, capital do Rio Grande do Sul, que desde a \u00faltima semana vem sofrendo com alaga\u00e7\u00f5es. No total, ser\u00e3o enviados quase 70 mil litros de \u00e1gua pot\u00e1vel, adquiridos por meio de parceria entre Casa Militar, Defesa Civil municipal e Secretaria Municipal de Seguran\u00e7a P\u00fablica e Defesa Social (Semseg).<\/p>\n\n\n\n<p>Na ocasi\u00e3o, o chefe do Executivo municipal destacou que a opera\u00e7\u00e3o visa auxiliar, principalmente, no abastecimento de \u00e1gua pot\u00e1vel que, no momento, \u00e9 uma das maiores necessidades na cidade.<\/p>\n\n\n\n<p>\u201cFiz contato com o prefeito de Porto Alegre, Sebasti\u00e3o Melo, e perguntei qual era a necessidade dele, e ele explicou que a necessidade hoje, na cidade, \u00e9 \u00e1gua pot\u00e1vel. Est\u00e3o com dificuldades, os reservat\u00f3rios foram inundados e a \u00e1gua foi contaminada, ent\u00e3o, n\u00f3s fizemos aqui uma opera\u00e7\u00e3o com a nossa Defesa Civil, com a concession\u00e1ria de \u00e1gua da cidade de Manaus e essa parceria nos deu a oportunidade de conseguir 70 mil litros de \u00e1gua pot\u00e1vel\u201d, afirmou Almeida.<\/p>\n\n\n\n<p>Segundo a Defesa Civil do munic\u00edpio, respons\u00e1vel pela separa\u00e7\u00e3o e acondicionamento das 13.500 garrafas de \u00e1gua de 2 litros, 2 mil gal\u00f5es de 20 litros de \u00e1gua e 500 caixas com 24 copos de 200 ml de \u00e1gua, o embarque e envio ser\u00e1 imediato para Porto Alegre (RS), a partir da For\u00e7a A\u00e9rea Brasileira, partindo da Base A\u00e9rea de Manaus.<\/p>\n\n\n\n<p>\u201cA \u00e1gua foi aferida e comprovada a sua efic\u00e1cia.&nbsp;Ent\u00e3o, n\u00f3s estamos colocando gal\u00f5es de 20 litros, garraf\u00f5es de 2 litros e copos de 300 ml, para que n\u00f3s possamos dar essa condi\u00e7\u00e3o para eles nos lugares mais distantes\u201d, complementou o prefeito.<\/p>\n\n\n\n<p><strong>Doa\u00e7\u00f5es<\/strong><\/p>\n\n\n\n<p>As doa\u00e7\u00f5es iniciam a partir desta ter\u00e7a-feira, e est\u00e3o sendo concentradas na Casa Militar de Manaus, localizada na avenida Compensa, bairro Vila da Prata, zona Oeste.<\/p>\n\n\n\n<p>\u201cVamos iniciar a partir de hoje, sob o comando da Defesa Civil, uma campanha de doa\u00e7\u00e3o de \u00e1gua. Aqueles que queiram nos doar pacotes com \u00e1guas, com 5, 6 garraf\u00f5es, essa doa\u00e7\u00e3o \u00e9 bem-vinda, para que a gente possa direcionar, posteriormente, para o comando da Aeron\u00e1utica\u201d, alertou David Almeida.<\/p>\n\n\n\n<p>&#8212; &#8212; &#8212;<\/p>\n\n\n\n<p><strong>Texto<\/strong>&nbsp;\u2013 Beathriz Torres\/Semcom<\/p>\n\n\n\n<p><strong>Fotos<\/strong>&nbsp;\u2013 Dhyeizo Lemos\/Semcom e Phil Limma\/Semcom<\/p>\n\n\n\n<p><strong>Dispon\u00edveis em<\/strong>&nbsp;&#8211;&nbsp;<a href=\"https:\/\/flic.kr\/s\/aHBqjBpkXf\" target=\"_blank\" rel=\"noreferrer noopener\">https:\/\/flic.kr\/s\/aHBqjBpkXf<\/a><\/p>\n","protected":false},"excerpt":{"rendered":"","protected":false},"author":23,"featured_media":208065,"comment_status":"closed","ping_status":"closed","sticky":false,"template":"","format":"standard","meta":{"footnotes":""},"categories":[66],"tags":[145,146,147,148,149,150,151,7,152],"acf":[],"yoast_head":"<!-- This site is optimized with the Yoast SEO plugin v23.0 - https:\/\/yoast.com\/wordpress\/plugins\/seo\/ -->\n<title>Prefeitura de Manaus monta opera\u00e7\u00e3o de ajuda humanit\u00e1ria para v\u00edtimas no Rio Grande do Sul<\/title>\n<meta name=\"description\" content=\"O prefeito David Almeida, anunciou, nesta ter\u00e7a-feira, 7\/5, uma opera\u00e7\u00e3o, da Prefeitura de Manaus, para enviar ajuda humanit\u00e1ria \u00e0s fam\u00edlias de Porto Alegre, capital do Rio Grande do Sul, que desde a \u00faltima semana vem sofrendo com alaga\u00e7\u00f5es.\" \/>\n<meta name=\"robots\" content=\"noindex, follow\" \/>\n<meta property=\"og:locale\" content=\"pt_BR\" \/>\n<meta property=\"og:type\" content=\"article\" \/>\n<meta property=\"og:title\" content=\"Prefeitura de Manaus monta opera\u00e7\u00e3o de ajuda humanit\u00e1ria para v\u00edtimas no Rio Grande do Sul\" \/>\n<meta property=\"og:description\" content=\"O prefeito David Almeida, anunciou, nesta ter\u00e7a-feira, 7\/5, uma opera\u00e7\u00e3o, da Prefeitura de Manaus, para enviar ajuda humanit\u00e1ria \u00e0s fam\u00edlias de Porto Alegre, capital do Rio Grande do Sul, que desde a \u00faltima semana vem sofrendo com alaga\u00e7\u00f5es.\" \/>\n<meta property=\"og:url\" content=\"https:\/\/www.manaus.am.gov.br\/casa-militar\/ajuda-humanitaria-rs\/\" \/>\n<meta property=\"og:site_name\" content=\"CASA MILITAR\" \/>\n<meta property=\"article:published_time\" content=\"2024-05-07T17:54:53+00:00\" \/>\n<meta property=\"article:modified_time\" content=\"2024-05-07T17:56:58+00:00\" \/>\n<meta property=\"og:image\" content=\"https:\/\/www.manaus.am.gov.br\/casa-militar\/wp-content\/uploads\/sites\/12\/2024\/05\/53705890654_f9ea173292_c.jpg\" \/>\n\t<meta property=\"og:image:width\" content=\"800\" \/>\n\t<meta property=\"og:image:height\" content=\"533\" \/>\n\t<meta property=\"og:image:type\" content=\"image\/jpeg\" \/>\n<meta name=\"author\" content=\"Adriana Costa\" \/>\n<meta name=\"twitter:card\" content=\"summary_large_image\" \/>\n<meta name=\"twitter:label1\" content=\"Written by\" \/>\n\t<meta name=\"twitter:data1\" content=\"Adriana Costa\" \/>\n\t<meta name=\"twitter:label2\" content=\"Est. reading time\" \/>\n\t<meta name=\"twitter:data2\" content=\"3 minutos\" \/>\n<script type=\"application\/ld+json\" class=\"yoast-schema-graph\">{\"@context\":\"https:\/\/schema.org\",\"@graph\":[{\"@type\":\"WebPage\",\"@id\":\"https:\/\/www.manaus.am.gov.br\/casa-militar\/ajuda-humanitaria-rs\/\",\"url\":\"https:\/\/www.manaus.am.gov.br\/casa-militar\/ajuda-humanitaria-rs\/\",\"name\":\"Prefeitura de Manaus monta opera\u00e7\u00e3o de ajuda humanit\u00e1ria para v\u00edtimas no Rio Grande do Sul\",\"isPartOf\":{\"@id\":\"https:\/\/www.manaus.am.gov.br\/casa-militar\/#website\"},\"primaryImageOfPage\":{\"@id\":\"https:\/\/www.manaus.am.gov.br\/casa-militar\/ajuda-humanitaria-rs\/#primaryimage\"},\"image\":{\"@id\":\"https:\/\/www.manaus.am.gov.br\/casa-militar\/ajuda-humanitaria-rs\/#primaryimage\"},\"thumbnailUrl\":\"https:\/\/www.manaus.am.gov.br\/casa-militar\/wp-content\/uploads\/sites\/12\/2024\/05\/53705890654_f9ea173292_c.jpg\",\"datePublished\":\"2024-05-07T17:54:53+00:00\",\"dateModified\":\"2024-05-07T17:56:58+00:00\",\"author\":{\"@id\":\"https:\/\/www.manaus.am.gov.br\/casa-militar\/#\/schema\/person\/4e49f4e267757a06ca072ec61b2b9968\"},\"description\":\"O prefeito David Almeida, anunciou, nesta ter\u00e7a-feira, 7\/5, uma opera\u00e7\u00e3o, da Prefeitura de Manaus, para enviar ajuda humanit\u00e1ria \u00e0s fam\u00edlias de Porto Alegre, capital do Rio Grande do Sul, que desde a \u00faltima semana vem sofrendo com alaga\u00e7\u00f5es.\",\"inLanguage\":\"pt-BR\",\"potentialAction\":[{\"@type\":\"ReadAction\",\"target\":[\"https:\/\/www.manaus.am.gov.br\/casa-militar\/ajuda-humanitaria-rs\/\"]}]},{\"@type\":\"ImageObject\",\"inLanguage\":\"pt-BR\",\"@id\":\"https:\/\/www.manaus.am.gov.br\/casa-militar\/ajuda-humanitaria-rs\/#primaryimage\",\"url\":\"https:\/\/www.manaus.am.gov.br\/casa-militar\/wp-content\/uploads\/sites\/12\/2024\/05\/53705890654_f9ea173292_c.jpg\",\"contentUrl\":\"https:\/\/www.manaus.am.gov.br\/casa-militar\/wp-content\/uploads\/sites\/12\/2024\/05\/53705890654_f9ea173292_c.jpg\",\"width\":800,\"height\":533},{\"@type\":\"WebSite\",\"@id\":\"https:\/\/www.manaus.am.gov.br\/casa-militar\/#website\",\"url\":\"https:\/\/www.manaus.am.gov.br\/casa-militar\/\",\"name\":\"CASA MILITAR\",\"description\":\"Casa Militar\",\"alternateName\":\"Casa Militar\",\"potentialAction\":[{\"@type\":\"SearchAction\",\"target\":{\"@type\":\"EntryPoint\",\"urlTemplate\":\"https:\/\/www.manaus.am.gov.br\/casa-militar\/?s={search_term_string}\"},\"query-input\":\"required name=search_term_string\"}],\"inLanguage\":\"pt-BR\"},{\"@type\":\"Person\",\"@id\":\"https:\/\/www.manaus.am.gov.br\/casa-militar\/#\/schema\/person\/4e49f4e267757a06ca072ec61b2b9968\",\"name\":\"Adriana Costa\",\"image\":{\"@type\":\"ImageObject\",\"inLanguage\":\"pt-BR\",\"@id\":\"https:\/\/www.manaus.am.gov.br\/casa-militar\/#\/schema\/person\/image\/\",\"url\":\"https:\/\/secure.gravatar.com\/avatar\/576258617ef7194f718179e766d57bd4?s=96&d=mm&r=g\",\"contentUrl\":\"https:\/\/secure.gravatar.com\/avatar\/576258617ef7194f718179e766d57bd4?s=96&d=mm&r=g\",\"caption\":\"Adriana Costa\"}}]}<\/script>\n<!-- \/ Yoast SEO plugin. -->","yoast_head_json":{"title":"Prefeitura de Manaus monta opera\u00e7\u00e3o de ajuda humanit\u00e1ria para v\u00edtimas no Rio Grande do Sul","description":"O prefeito David Almeida, anunciou, nesta ter\u00e7a-feira, 7\/5, uma opera\u00e7\u00e3o, da Prefeitura de Manaus, para enviar ajuda humanit\u00e1ria \u00e0s fam\u00edlias de Porto Alegre, capital do Rio Grande do Sul, que desde a \u00faltima semana vem sofrendo com alaga\u00e7\u00f5es.","robots":{"index":"noindex","follow":"follow"},"og_locale":"pt_BR","og_type":"article","og_title":"Prefeitura de Manaus monta opera\u00e7\u00e3o de ajuda humanit\u00e1ria para v\u00edtimas no Rio Grande do Sul","og_description":"O prefeito David Almeida, anunciou, nesta ter\u00e7a-feira, 7\/5, uma opera\u00e7\u00e3o, da Prefeitura de Manaus, para enviar ajuda humanit\u00e1ria \u00e0s fam\u00edlias de Porto Alegre, capital do Rio Grande do Sul, que desde a \u00faltima semana vem sofrendo com alaga\u00e7\u00f5es.","og_url":"https:\/\/www.manaus.am.gov.br\/casa-militar\/ajuda-humanitaria-rs\/","og_site_name":"CASA MILITAR","article_published_time":"2024-05-07T17:54:53+00:00","article_modified_time":"2024-05-07T17:56:58+00:00","og_image":[{"width":800,"height":533,"url":"https:\/\/www.manaus.am.gov.br\/casa-militar\/wp-content\/uploads\/sites\/12\/2024\/05\/53705890654_f9ea173292_c.jpg","type":"image\/jpeg"}],"author":"Adriana Costa","twitter_card":"summary_large_image","twitter_misc":{"Written by":"Adriana Costa","Est. reading time":"3 minutos"},"schema":{"@context":"https:\/\/schema.org","@graph":[{"@type":"WebPage","@id":"https:\/\/www.manaus.am.gov.br\/casa-militar\/ajuda-humanitaria-rs\/","url":"https:\/\/www.manaus.am.gov.br\/casa-militar\/ajuda-humanitaria-rs\/","name":"Prefeitura de Manaus monta opera\u00e7\u00e3o de ajuda humanit\u00e1ria para v\u00edtimas no Rio Grande do Sul","isPartOf":{"@id":"https:\/\/www.manaus.am.gov.br\/casa-militar\/#website"},"primaryImageOfPage":{"@id":"https:\/\/www.manaus.am.gov.br\/casa-militar\/ajuda-humanitaria-rs\/#primaryimage"},"image":{"@id":"https:\/\/www.manaus.am.gov.br\/casa-militar\/ajuda-humanitaria-rs\/#primaryimage"},"thumbnailUrl":"https:\/\/www.manaus.am.gov.br\/casa-militar\/wp-content\/uploads\/sites\/12\/2024\/05\/53705890654_f9ea173292_c.jpg","datePublished":"2024-05-07T17:54:53+00:00","dateModified":"2024-05-07T17:56:58+00:00","author":{"@id":"https:\/\/www.manaus.am.gov.br\/casa-militar\/#\/schema\/person\/4e49f4e267757a06ca072ec61b2b9968"},"description":"O prefeito David Almeida, anunciou, nesta ter\u00e7a-feira, 7\/5, uma opera\u00e7\u00e3o, da Prefeitura de Manaus, para enviar ajuda humanit\u00e1ria \u00e0s fam\u00edlias de Porto Alegre, capital do Rio Grande do Sul, que desde a \u00faltima semana vem sofrendo com alaga\u00e7\u00f5es.","inLanguage":"pt-BR","potentialAction":[{"@type":"ReadAction","target":["https:\/\/www.manaus.am.gov.br\/casa-militar\/ajuda-humanitaria-rs\/"]}]},{"@type":"ImageObject","inLanguage":"pt-BR","@id":"https:\/\/www.manaus.am.gov.br\/casa-militar\/ajuda-humanitaria-rs\/#primaryimage","url":"https:\/\/www.manaus.am.gov.br\/casa-militar\/wp-content\/uploads\/sites\/12\/2024\/05\/53705890654_f9ea173292_c.jpg","contentUrl":"https:\/\/www.manaus.am.gov.br\/casa-militar\/wp-content\/uploads\/sites\/12\/2024\/05\/53705890654_f9ea173292_c.jpg","width":800,"height":533},{"@type":"WebSite","@id":"https:\/\/www.manaus.am.gov.br\/casa-militar\/#website","url":"https:\/\/www.manaus.am.gov.br\/casa-militar\/","name":"CASA MILITAR","description":"Casa Militar","alternateName":"Casa Militar","potentialAction":[{"@type":"SearchAction","target":{"@type":"EntryPoint","urlTemplate":"https:\/\/www.manaus.am.gov.br\/casa-militar\/?s={search_term_string}"},"query-input":"required name=search_term_string"}],"inLanguage":"pt-BR"},{"@type":"Person","@id":"https:\/\/www.manaus.am.gov.br\/casa-militar\/#\/schema\/person\/4e49f4e267757a06ca072ec61b2b9968","name":"Adriana Costa","image":{"@type":"ImageObject","inLanguage":"pt-BR","@id":"https:\/\/www.manaus.am.gov.br\/casa-militar\/#\/schema\/person\/image\/","url":"https:\/\/secure.gravatar.com\/avatar\/576258617ef7194f718179e766d57bd4?s=96&d=mm&r=g","contentUrl":"https:\/\/secure.gravatar.com\/avatar\/576258617ef7194f718179e766d57bd4?s=96&d=mm&r=g","caption":"Adriana Costa"}}]}},"_links":{"self":[{"href":"https:\/\/www.manaus.am.gov.br\/casa-militar\/wp-json\/wp\/v2\/posts\/208064"}],"collection":[{"href":"https:\/\/www.manaus.am.gov.br\/casa-militar\/wp-json\/wp\/v2\/posts"}],"about":[{"href":"https:\/\/www.manaus.am.gov.br\/casa-militar\/wp-json\/wp\/v2\/types\/post"}],"author":[{"embeddable":true,"href":"https:\/\/www.manaus.am.gov.br\/casa-militar\/wp-json\/wp\/v2\/users\/23"}],"replies":[{"embeddable":true,"href":"https:\/\/www.manaus.am.gov.br\/casa-militar\/wp-json\/wp\/v2\/comments?post=208064"}],"version-history":[{"count":1,"href":"https:\/\/www.manaus.am.gov.br\/casa-militar\/wp-json\/wp\/v2\/posts\/208064\/revisions"}],"predecessor-version":[{"id":208066,"href":"https:\/\/www.manaus.am.gov.br\/casa-militar\/wp-json\/wp\/v2\/posts\/208064\/revisions\/208066"}],"wp:featuredmedia":[{"embeddable":true,"href":"https:\/\/www.manaus.am.gov.br\/casa-militar\/wp-json\/wp\/v2\/media\/208065"}],"wp:attachment":[{"href":"https:\/\/www.manaus.am.gov.br\/casa-militar\/wp-json\/wp\/v2\/media?parent=208064"}],"wp:term":[{"taxonomy":"category","embeddable":true,"href":"https:\/\/www.manaus.am.gov.br\/casa-militar\/wp-json\/wp\/v2\/categories?post=208064"},{"taxonomy":"post_tag","embeddable":true,"href":"https:\/\/www.manaus.am.gov.br\/casa-militar\/wp-json\/wp\/v2\/tags?post=208064"}],"curies":[{"name":"wp","href":"https:\/\/api.w.org\/{rel}","templated":true}]}}