{"id":208334,"date":"2024-12-13T20:58:27","date_gmt":"2024-12-14T00:58:27","guid":{"rendered":"https:\/\/www.manaus.am.gov.br\/casa-civil\/investimentos-reuniao-cas\/"},"modified":"2024-12-13T20:58:28","modified_gmt":"2024-12-14T00:58:28","slug":"investimentos-reuniao-cas","status":"publish","type":"post","link":"https:\/\/www.manaus.am.gov.br\/casa-civil\/investimentos-reuniao-cas\/","title":{"rendered":"Vice-prefeito Marcos Rotta exalta investimentos na Zona Franca durante reuni\u00e3o do CAS com a presen\u00e7a do vice-presidente Geraldo Alckmin"},"content":{"rendered":"\n<p>Representando o prefeito de Manaus, David Almeida, o vice-prefeito e secret\u00e1rio-chefe da Casa Civil, Marcos Rotta, participou, nesta sexta-feira, 13\/12, da 317\u00aa Reuni\u00e3o Ordin\u00e1ria do Conselho de Administra\u00e7\u00e3o da Suframa (CAS), no audit\u00f3rio da Superintend\u00eancia da Zona Franca de Manaus (Suframa). O encontro, presidido pelo vice-presidente da Rep\u00fablica, Geraldo Alckmin, avaliou e aprovou de 19 projetos, sendo seis voltados para implanta\u00e7\u00e3o e 13 para diversifica\u00e7\u00e3o e atualiza\u00e7\u00e3o.<\/p>\n\n\n\n<p>Durante a reuni\u00e3o, o vice-prefeito destacou o super\u00e1vit in\u00e9dito da ZFM, ressaltando que isso refor\u00e7a a solidez de um modelo econ\u00f4mico bem-sucedido. \u201cNossa obriga\u00e7\u00e3o \u00e9 prestigiar e agradecer a visita do presidente Geraldo Alckmin, que ratifica o compromisso do governo federal em ampliar e proteger a Zona Franca de Manaus. Al\u00e9m de ser um modelo constitucional e essencial para a nossa economia por gerar milhares de empregos, tamb\u00e9m \u00e9 crucial para a preserva\u00e7\u00e3o de 97% da nossa floresta\u201d, afirmou Rotta.<\/p>\n\n\n\n<p>Os investimentos totais previstos chegaram a R$ 400 milh\u00f5es, dos quais R$ 35,7 milh\u00f5es ser\u00e3o destinados \u00e0 Pesquisa, Desenvolvimento e Inova\u00e7\u00e3o (PD&amp;I). Al\u00e9m disso, os projetos estimam um faturamento de R$ 2,4 bilh\u00f5es e a cria\u00e7\u00e3o de 514 novos postos de trabalho diretos.<\/p>\n\n\n\n<p>Das iniciativas apresentadas por Alckmin, vice-presidente e ministro do Minist\u00e9rio do Desenvolvimento, Ind\u00fastria, Com\u00e9rcio e Servi\u00e7os, destacam-se a deprecia\u00e7\u00e3o acelerada de R$ 1,7 bilh\u00e3o, visando incentivar a moderniza\u00e7\u00e3o do parque industrial, e o lan\u00e7amento do LCD (Letra de Cr\u00e9dito do Desenvolvimento), um t\u00edtulo que oferece cr\u00e9dito mais barato para o setor produtivo.<\/p>\n\n\n\n<p>\u201cEssas medidas s\u00e3o fundamentais para que a ind\u00fastria, o com\u00e9rcio e os servi\u00e7os sigam se desenvolvendo e gerando mais emprego e renda para a regi\u00e3o\u201d, declarou. O ministro ainda enfatizou a import\u00e2ncia da reforma tribut\u00e1ria para preservar as vantagens competitivas da Zona Franca.<\/p>\n\n\n\n<p>O faturamento das empresas na Zona Franca de Manaus atingiu R$ 170 bilh\u00f5es de janeiro a outubro deste ano, com destaque para os setores de inform\u00e1tica, eletroeletr\u00f4nicos e duas rodas. A amplia\u00e7\u00e3o da f\u00e1brica da Coca-Cola na capital amazonense, com investimento de R$ 550 milh\u00f5es de reais, garantiu a gera\u00e7\u00e3o de empregos, renda e inclus\u00e3o social, consolidando a empresa como a maior exportadora do polo.<\/p>\n\n\n\n<p>Bosco Saraiva, superintendente da Suframa, salientou os avan\u00e7os da ZFM com os investimentos nos projetos: \u201c\u00c9 com grande alegria que recebemos o vice-presidente, por todo o prest\u00edgio que tem dado \u00e0 Suframa e Zona Franca. Sabemos dos desafios, mas temos alcan\u00e7ado um retorno significativo, por meio das aprova\u00e7\u00f5es dos projetos\u201d, informou Saraiva.<\/p>\n\n\n\n<p>Entre os destaques da pauta do CAS 317, o subsetor mec\u00e2nico se sobressaiu com cinco projetos, que somam investimentos de aproximadamente R$ 278 milh\u00f5es e a gera\u00e7\u00e3o de 195 postos de trabalho.<\/p>\n\n\n\n<p>O vice-governador Tadeu de Souza enfatizou a import\u00e2ncia do governo federal, representado por Alckmin, priorizar as pautas do Amazonas e da regi\u00e3o Norte. \u201cO envolvimento do vice-presidente em quest\u00f5es estrat\u00e9gicas para o estado do Amazonas \u00e9 fundamental para o desenvolvimento, especialmente do Polo Industrial de Manaus, diante do isolamento log\u00edstico e das quest\u00f5es de seguran\u00e7a p\u00fablica que afetam nosso estado\u201d, relatou Tadeu.<\/p>\n\n\n\n<p>A reuni\u00e3o tamb\u00e9m contou com a presen\u00e7a do senador Eduardo Braga; do vice-governador de Roraima, Edilson Dami\u00e3o; do Presidente da Confedera\u00e7\u00e3o Nacional da Ind\u00fastria (CNI), Ricardo Alban; entre outras autoridades pol\u00edticas e representantes de entidades de classe.<\/p>\n\n\n\n<p>&#8212; &#8212; &#8212;<\/p>\n\n\n\n<p><strong>Texto<\/strong> \u2013 Vit\u00f3ria Sena \/ Casa Civil<\/p>\n\n\n\n<p><strong>Fotos<\/strong> \u2013 Ant\u00f4nio Pereira \/ Semcom<\/p>\n\n\n\n<p><strong>Dispon\u00edveis em<\/strong> \u2013 <a href=\"https:\/\/flic.kr\/s\/aHBqjBUZtJ\">https:\/\/flic.kr\/s\/aHBqjBUZtJ<\/a><\/p>\n","protected":false},"excerpt":{"rendered":"","protected":false},"author":61,"featured_media":208335,"comment_status":"closed","ping_status":"closed","sticky":false,"template":"","format":"standard","meta":{"footnotes":""},"categories":[237],"tags":[281,282,67,283,56],"acf":[],"yoast_head":"<!-- This site is optimized with the Yoast SEO plugin v23.0 - https:\/\/yoast.com\/wordpress\/plugins\/seo\/ -->\n<title>Vice-prefeito Marcos Rotta exalta investimentos na Zona Franca durante reuni\u00e3o do CAS com a presen\u00e7a do vice-presidente Geraldo Alckmin<\/title>\n<meta name=\"description\" content=\"Representando o prefeito de Manaus, David Almeida, o vice-prefeito e secret\u00e1rio-chefe da Casa Civil, Marcos Rotta, participou, nesta sexta-feira, 13\/12, da 317\u00aa Reuni\u00e3o Ordin\u00e1ria do Conselho de Administra\u00e7\u00e3o da Suframa (CAS).\" \/>\n<meta name=\"robots\" content=\"index, follow, max-snippet:-1, max-image-preview:large, max-video-preview:-1\" \/>\n<link rel=\"canonical\" href=\"https:\/\/www.manaus.am.gov.br\/casa-civil\/investimentos-reuniao-cas\/\" \/>\n<meta property=\"og:locale\" content=\"pt_BR\" \/>\n<meta property=\"og:type\" content=\"article\" \/>\n<meta property=\"og:title\" content=\"Vice-prefeito Marcos Rotta exalta investimentos na Zona Franca durante reuni\u00e3o do CAS com a presen\u00e7a do vice-presidente Geraldo Alckmin\" \/>\n<meta property=\"og:description\" content=\"Representando o prefeito de Manaus, David Almeida, o vice-prefeito e secret\u00e1rio-chefe da Casa Civil, Marcos Rotta, participou, nesta sexta-feira, 13\/12, da 317\u00aa Reuni\u00e3o Ordin\u00e1ria do Conselho de Administra\u00e7\u00e3o da Suframa (CAS).\" \/>\n<meta property=\"og:url\" content=\"https:\/\/www.manaus.am.gov.br\/casa-civil\/investimentos-reuniao-cas\/\" \/>\n<meta property=\"og:site_name\" content=\"Casa Civil\" \/>\n<meta property=\"article:publisher\" content=\"https:\/\/www.facebook.com\/prefeiturademanaus\" \/>\n<meta property=\"article:published_time\" content=\"2024-12-14T00:58:27+00:00\" \/>\n<meta property=\"article:modified_time\" content=\"2024-12-14T00:58:28+00:00\" \/>\n<meta property=\"og:image\" content=\"https:\/\/www.manaus.am.gov.br\/casa-civil\/wp-content\/uploads\/sites\/10\/2024\/12\/VICE-PREFEITO-E-CASA-CIVIL-Reuniao-CAS-1.jpg\" \/>\n\t<meta property=\"og:image:width\" content=\"799\" \/>\n\t<meta property=\"og:image:height\" content=\"533\" \/>\n\t<meta property=\"og:image:type\" content=\"image\/jpeg\" \/>\n<meta name=\"author\" content=\"smonteiro\" \/>\n<meta name=\"twitter:card\" content=\"summary_large_image\" \/>\n<meta name=\"twitter:creator\" content=\"@prefmanaus\" \/>\n<meta name=\"twitter:site\" content=\"@prefmanaus\" \/>\n<meta name=\"twitter:label1\" content=\"Written by\" \/>\n\t<meta name=\"twitter:data1\" content=\"smonteiro\" \/>\n\t<meta name=\"twitter:label2\" content=\"Est. reading time\" \/>\n\t<meta name=\"twitter:data2\" content=\"4 minutos\" \/>\n<script type=\"application\/ld+json\" class=\"yoast-schema-graph\">{\"@context\":\"https:\/\/schema.org\",\"@graph\":[{\"@type\":\"Article\",\"@id\":\"https:\/\/www.manaus.am.gov.br\/casa-civil\/investimentos-reuniao-cas\/#article\",\"isPartOf\":{\"@id\":\"https:\/\/www.manaus.am.gov.br\/casa-civil\/investimentos-reuniao-cas\/\"},\"author\":{\"name\":\"smonteiro\",\"@id\":\"https:\/\/www.manaus.am.gov.br\/casa-civil\/#\/schema\/person\/ab4dcf766a54dff74e8d267f5c591961\"},\"headline\":\"Vice-prefeito Marcos Rotta exalta investimentos na Zona Franca durante reuni\u00e3o do CAS com a presen\u00e7a do vice-presidente Geraldo Alckmin\",\"datePublished\":\"2024-12-14T00:58:27+00:00\",\"dateModified\":\"2024-12-14T00:58:28+00:00\",\"mainEntityOfPage\":{\"@id\":\"https:\/\/www.manaus.am.gov.br\/casa-civil\/investimentos-reuniao-cas\/\"},\"wordCount\":631,\"publisher\":{\"@id\":\"https:\/\/www.manaus.am.gov.br\/casa-civil\/#organization\"},\"image\":{\"@id\":\"https:\/\/www.manaus.am.gov.br\/casa-civil\/investimentos-reuniao-cas\/#primaryimage\"},\"thumbnailUrl\":\"https:\/\/www.manaus.am.gov.br\/casa-civil\/wp-content\/uploads\/sites\/10\/2024\/12\/VICE-PREFEITO-E-CASA-CIVIL-Reuniao-CAS-1.jpg\",\"keywords\":[\"317\u00aa Reuni\u00e3o Ordin\u00e1ria do Conselho de Administra\u00e7\u00e3o da Suframa (CAS)\",\"investimentos\",\"prefeitura de manaus\",\"suframa\",\"vice-prefeito Marcos Rotta\"],\"articleSection\":[\"Economia\"],\"inLanguage\":\"pt-BR\"},{\"@type\":\"WebPage\",\"@id\":\"https:\/\/www.manaus.am.gov.br\/casa-civil\/investimentos-reuniao-cas\/\",\"url\":\"https:\/\/www.manaus.am.gov.br\/casa-civil\/investimentos-reuniao-cas\/\",\"name\":\"Vice-prefeito Marcos Rotta exalta investimentos na Zona Franca durante reuni\u00e3o do CAS com a presen\u00e7a do vice-presidente Geraldo Alckmin\",\"isPartOf\":{\"@id\":\"https:\/\/www.manaus.am.gov.br\/casa-civil\/#website\"},\"primaryImageOfPage\":{\"@id\":\"https:\/\/www.manaus.am.gov.br\/casa-civil\/investimentos-reuniao-cas\/#primaryimage\"},\"image\":{\"@id\":\"https:\/\/www.manaus.am.gov.br\/casa-civil\/investimentos-reuniao-cas\/#primaryimage\"},\"thumbnailUrl\":\"https:\/\/www.manaus.am.gov.br\/casa-civil\/wp-content\/uploads\/sites\/10\/2024\/12\/VICE-PREFEITO-E-CASA-CIVIL-Reuniao-CAS-1.jpg\",\"datePublished\":\"2024-12-14T00:58:27+00:00\",\"dateModified\":\"2024-12-14T00:58:28+00:00\",\"description\":\"Representando o prefeito de Manaus, David Almeida, o vice-prefeito e secret\u00e1rio-chefe da Casa Civil, Marcos Rotta, participou, nesta sexta-feira, 13\/12, da 317\u00aa Reuni\u00e3o Ordin\u00e1ria do Conselho de Administra\u00e7\u00e3o da Suframa (CAS).\",\"inLanguage\":\"pt-BR\",\"potentialAction\":[{\"@type\":\"ReadAction\",\"target\":[\"https:\/\/www.manaus.am.gov.br\/casa-civil\/investimentos-reuniao-cas\/\"]}]},{\"@type\":\"ImageObject\",\"inLanguage\":\"pt-BR\",\"@id\":\"https:\/\/www.manaus.am.gov.br\/casa-civil\/investimentos-reuniao-cas\/#primaryimage\",\"url\":\"https:\/\/www.manaus.am.gov.br\/casa-civil\/wp-content\/uploads\/sites\/10\/2024\/12\/VICE-PREFEITO-E-CASA-CIVIL-Reuniao-CAS-1.jpg\",\"contentUrl\":\"https:\/\/www.manaus.am.gov.br\/casa-civil\/wp-content\/uploads\/sites\/10\/2024\/12\/VICE-PREFEITO-E-CASA-CIVIL-Reuniao-CAS-1.jpg\",\"width\":799,\"height\":533,\"caption\":\"#paratodosverem - Vice-prefeito e Secret\u00e1rio-Chefe da Casa Civil, Marcos Rotta, na reuni\u00e3o do CAS\"},{\"@type\":\"WebSite\",\"@id\":\"https:\/\/www.manaus.am.gov.br\/casa-civil\/#website\",\"url\":\"https:\/\/www.manaus.am.gov.br\/casa-civil\/\",\"name\":\"Casa Civil\",\"description\":\"Prefeitura de Manaus\",\"publisher\":{\"@id\":\"https:\/\/www.manaus.am.gov.br\/casa-civil\/#organization\"},\"alternateName\":\"Casa Civil\",\"potentialAction\":[{\"@type\":\"SearchAction\",\"target\":{\"@type\":\"EntryPoint\",\"urlTemplate\":\"https:\/\/www.manaus.am.gov.br\/casa-civil\/?s={search_term_string}\"},\"query-input\":\"required name=search_term_string\"}],\"inLanguage\":\"pt-BR\"},{\"@type\":\"Organization\",\"@id\":\"https:\/\/www.manaus.am.gov.br\/casa-civil\/#organization\",\"name\":\"Prefeitura de Manaus\",\"alternateName\":\"Prefeitura Municipal de Manaus\",\"url\":\"https:\/\/www.manaus.am.gov.br\/casa-civil\/\",\"logo\":{\"@type\":\"ImageObject\",\"inLanguage\":\"pt-BR\",\"@id\":\"https:\/\/www.manaus.am.gov.br\/casa-civil\/#\/schema\/logo\/image\/\",\"url\":\"https:\/\/www.manaus.am.gov.br\/casa-civil\/wp-content\/uploads\/sites\/10\/2024\/06\/favicon.png\",\"contentUrl\":\"https:\/\/www.manaus.am.gov.br\/casa-civil\/wp-content\/uploads\/sites\/10\/2024\/06\/favicon.png\",\"width\":300,\"height\":300,\"caption\":\"Prefeitura de Manaus\"},\"image\":{\"@id\":\"https:\/\/www.manaus.am.gov.br\/casa-civil\/#\/schema\/logo\/image\/\"},\"sameAs\":[\"https:\/\/www.facebook.com\/prefeiturademanaus\",\"https:\/\/x.com\/prefmanaus\",\"https:\/\/www.instagram.com\/prefeiturademanaus\/\",\"https:\/\/www.youtube.com\/@PrefeituradeManausOficial\",\"https:\/\/www.flickr.com\/photos\/prefeiturademanaus\",\"https:\/\/www.linkedin.com\/company\/prefeiturademanaus\/\",\"https:\/\/www.tiktok.com\/@prefeiturademanaus\"]},{\"@type\":\"Person\",\"@id\":\"https:\/\/www.manaus.am.gov.br\/casa-civil\/#\/schema\/person\/ab4dcf766a54dff74e8d267f5c591961\",\"name\":\"smonteiro\",\"image\":{\"@type\":\"ImageObject\",\"inLanguage\":\"pt-BR\",\"@id\":\"https:\/\/www.manaus.am.gov.br\/casa-civil\/#\/schema\/person\/image\/\",\"url\":\"https:\/\/secure.gravatar.com\/avatar\/21c8776ef61d9272c73322052e042d77?s=96&d=mm&r=g\",\"contentUrl\":\"https:\/\/secure.gravatar.com\/avatar\/21c8776ef61d9272c73322052e042d77?s=96&d=mm&r=g\",\"caption\":\"smonteiro\"}}]}<\/script>\n<!-- \/ Yoast SEO plugin. -->","yoast_head_json":{"title":"Vice-prefeito Marcos Rotta exalta investimentos na Zona Franca durante reuni\u00e3o do CAS com a presen\u00e7a do vice-presidente Geraldo Alckmin","description":"Representando o prefeito de Manaus, David Almeida, o vice-prefeito e secret\u00e1rio-chefe da Casa Civil, Marcos Rotta, participou, nesta sexta-feira, 13\/12, da 317\u00aa Reuni\u00e3o Ordin\u00e1ria do Conselho de Administra\u00e7\u00e3o da Suframa (CAS).","robots":{"index":"index","follow":"follow","max-snippet":"max-snippet:-1","max-image-preview":"max-image-preview:large","max-video-preview":"max-video-preview:-1"},"canonical":"https:\/\/www.manaus.am.gov.br\/casa-civil\/investimentos-reuniao-cas\/","og_locale":"pt_BR","og_type":"article","og_title":"Vice-prefeito Marcos Rotta exalta investimentos na Zona Franca durante reuni\u00e3o do CAS com a presen\u00e7a do vice-presidente Geraldo Alckmin","og_description":"Representando o prefeito de Manaus, David Almeida, o vice-prefeito e secret\u00e1rio-chefe da Casa Civil, Marcos Rotta, participou, nesta sexta-feira, 13\/12, da 317\u00aa Reuni\u00e3o Ordin\u00e1ria do Conselho de Administra\u00e7\u00e3o da Suframa (CAS).","og_url":"https:\/\/www.manaus.am.gov.br\/casa-civil\/investimentos-reuniao-cas\/","og_site_name":"Casa Civil","article_publisher":"https:\/\/www.facebook.com\/prefeiturademanaus","article_published_time":"2024-12-14T00:58:27+00:00","article_modified_time":"2024-12-14T00:58:28+00:00","og_image":[{"width":799,"height":533,"url":"https:\/\/www.manaus.am.gov.br\/casa-civil\/wp-content\/uploads\/sites\/10\/2024\/12\/VICE-PREFEITO-E-CASA-CIVIL-Reuniao-CAS-1.jpg","type":"image\/jpeg"}],"author":"smonteiro","twitter_card":"summary_large_image","twitter_creator":"@prefmanaus","twitter_site":"@prefmanaus","twitter_misc":{"Written by":"smonteiro","Est. reading time":"4 minutos"},"schema":{"@context":"https:\/\/schema.org","@graph":[{"@type":"Article","@id":"https:\/\/www.manaus.am.gov.br\/casa-civil\/investimentos-reuniao-cas\/#article","isPartOf":{"@id":"https:\/\/www.manaus.am.gov.br\/casa-civil\/investimentos-reuniao-cas\/"},"author":{"name":"smonteiro","@id":"https:\/\/www.manaus.am.gov.br\/casa-civil\/#\/schema\/person\/ab4dcf766a54dff74e8d267f5c591961"},"headline":"Vice-prefeito Marcos Rotta exalta investimentos na Zona Franca durante reuni\u00e3o do CAS com a presen\u00e7a do vice-presidente Geraldo Alckmin","datePublished":"2024-12-14T00:58:27+00:00","dateModified":"2024-12-14T00:58:28+00:00","mainEntityOfPage":{"@id":"https:\/\/www.manaus.am.gov.br\/casa-civil\/investimentos-reuniao-cas\/"},"wordCount":631,"publisher":{"@id":"https:\/\/www.manaus.am.gov.br\/casa-civil\/#organization"},"image":{"@id":"https:\/\/www.manaus.am.gov.br\/casa-civil\/investimentos-reuniao-cas\/#primaryimage"},"thumbnailUrl":"https:\/\/www.manaus.am.gov.br\/casa-civil\/wp-content\/uploads\/sites\/10\/2024\/12\/VICE-PREFEITO-E-CASA-CIVIL-Reuniao-CAS-1.jpg","keywords":["317\u00aa Reuni\u00e3o Ordin\u00e1ria do Conselho de Administra\u00e7\u00e3o da Suframa (CAS)","investimentos","prefeitura de manaus","suframa","vice-prefeito Marcos Rotta"],"articleSection":["Economia"],"inLanguage":"pt-BR"},{"@type":"WebPage","@id":"https:\/\/www.manaus.am.gov.br\/casa-civil\/investimentos-reuniao-cas\/","url":"https:\/\/www.manaus.am.gov.br\/casa-civil\/investimentos-reuniao-cas\/","name":"Vice-prefeito Marcos Rotta exalta investimentos na Zona Franca durante reuni\u00e3o do CAS com a presen\u00e7a do vice-presidente Geraldo Alckmin","isPartOf":{"@id":"https:\/\/www.manaus.am.gov.br\/casa-civil\/#website"},"primaryImageOfPage":{"@id":"https:\/\/www.manaus.am.gov.br\/casa-civil\/investimentos-reuniao-cas\/#primaryimage"},"image":{"@id":"https:\/\/www.manaus.am.gov.br\/casa-civil\/investimentos-reuniao-cas\/#primaryimage"},"thumbnailUrl":"https:\/\/www.manaus.am.gov.br\/casa-civil\/wp-content\/uploads\/sites\/10\/2024\/12\/VICE-PREFEITO-E-CASA-CIVIL-Reuniao-CAS-1.jpg","datePublished":"2024-12-14T00:58:27+00:00","dateModified":"2024-12-14T00:58:28+00:00","description":"Representando o prefeito de Manaus, David Almeida, o vice-prefeito e secret\u00e1rio-chefe da Casa Civil, Marcos Rotta, participou, nesta sexta-feira, 13\/12, da 317\u00aa Reuni\u00e3o Ordin\u00e1ria do Conselho de Administra\u00e7\u00e3o da Suframa (CAS).","inLanguage":"pt-BR","potentialAction":[{"@type":"ReadAction","target":["https:\/\/www.manaus.am.gov.br\/casa-civil\/investimentos-reuniao-cas\/"]}]},{"@type":"ImageObject","inLanguage":"pt-BR","@id":"https:\/\/www.manaus.am.gov.br\/casa-civil\/investimentos-reuniao-cas\/#primaryimage","url":"https:\/\/www.manaus.am.gov.br\/casa-civil\/wp-content\/uploads\/sites\/10\/2024\/12\/VICE-PREFEITO-E-CASA-CIVIL-Reuniao-CAS-1.jpg","contentUrl":"https:\/\/www.manaus.am.gov.br\/casa-civil\/wp-content\/uploads\/sites\/10\/2024\/12\/VICE-PREFEITO-E-CASA-CIVIL-Reuniao-CAS-1.jpg","width":799,"height":533,"caption":"#paratodosverem - Vice-prefeito e Secret\u00e1rio-Chefe da Casa Civil, Marcos Rotta, na reuni\u00e3o do CAS"},{"@type":"WebSite","@id":"https:\/\/www.manaus.am.gov.br\/casa-civil\/#website","url":"https:\/\/www.manaus.am.gov.br\/casa-civil\/","name":"Casa Civil","description":"Prefeitura de Manaus","publisher":{"@id":"https:\/\/www.manaus.am.gov.br\/casa-civil\/#organization"},"alternateName":"Casa Civil","potentialAction":[{"@type":"SearchAction","target":{"@type":"EntryPoint","urlTemplate":"https:\/\/www.manaus.am.gov.br\/casa-civil\/?s={search_term_string}"},"query-input":"required name=search_term_string"}],"inLanguage":"pt-BR"},{"@type":"Organization","@id":"https:\/\/www.manaus.am.gov.br\/casa-civil\/#organization","name":"Prefeitura de Manaus","alternateName":"Prefeitura Municipal de Manaus","url":"https:\/\/www.manaus.am.gov.br\/casa-civil\/","logo":{"@type":"ImageObject","inLanguage":"pt-BR","@id":"https:\/\/www.manaus.am.gov.br\/casa-civil\/#\/schema\/logo\/image\/","url":"https:\/\/www.manaus.am.gov.br\/casa-civil\/wp-content\/uploads\/sites\/10\/2024\/06\/favicon.png","contentUrl":"https:\/\/www.manaus.am.gov.br\/casa-civil\/wp-content\/uploads\/sites\/10\/2024\/06\/favicon.png","width":300,"height":300,"caption":"Prefeitura de Manaus"},"image":{"@id":"https:\/\/www.manaus.am.gov.br\/casa-civil\/#\/schema\/logo\/image\/"},"sameAs":["https:\/\/www.facebook.com\/prefeiturademanaus","https:\/\/x.com\/prefmanaus","https:\/\/www.instagram.com\/prefeiturademanaus\/","https:\/\/www.youtube.com\/@PrefeituradeManausOficial","https:\/\/www.flickr.com\/photos\/prefeiturademanaus","https:\/\/www.linkedin.com\/company\/prefeiturademanaus\/","https:\/\/www.tiktok.com\/@prefeiturademanaus"]},{"@type":"Person","@id":"https:\/\/www.manaus.am.gov.br\/casa-civil\/#\/schema\/person\/ab4dcf766a54dff74e8d267f5c591961","name":"smonteiro","image":{"@type":"ImageObject","inLanguage":"pt-BR","@id":"https:\/\/www.manaus.am.gov.br\/casa-civil\/#\/schema\/person\/image\/","url":"https:\/\/secure.gravatar.com\/avatar\/21c8776ef61d9272c73322052e042d77?s=96&d=mm&r=g","contentUrl":"https:\/\/secure.gravatar.com\/avatar\/21c8776ef61d9272c73322052e042d77?s=96&d=mm&r=g","caption":"smonteiro"}}]}},"_links":{"self":[{"href":"https:\/\/www.manaus.am.gov.br\/casa-civil\/wp-json\/wp\/v2\/posts\/208334"}],"collection":[{"href":"https:\/\/www.manaus.am.gov.br\/casa-civil\/wp-json\/wp\/v2\/posts"}],"about":[{"href":"https:\/\/www.manaus.am.gov.br\/casa-civil\/wp-json\/wp\/v2\/types\/post"}],"author":[{"embeddable":true,"href":"https:\/\/www.manaus.am.gov.br\/casa-civil\/wp-json\/wp\/v2\/users\/61"}],"replies":[{"embeddable":true,"href":"https:\/\/www.manaus.am.gov.br\/casa-civil\/wp-json\/wp\/v2\/comments?post=208334"}],"version-history":[{"count":0,"href":"https:\/\/www.manaus.am.gov.br\/casa-civil\/wp-json\/wp\/v2\/posts\/208334\/revisions"}],"wp:featuredmedia":[{"embeddable":true,"href":"https:\/\/www.manaus.am.gov.br\/casa-civil\/wp-json\/wp\/v2\/media\/208335"}],"wp:attachment":[{"href":"https:\/\/www.manaus.am.gov.br\/casa-civil\/wp-json\/wp\/v2\/media?parent=208334"}],"wp:term":[{"taxonomy":"category","embeddable":true,"href":"https:\/\/www.manaus.am.gov.br\/casa-civil\/wp-json\/wp\/v2\/categories?post=208334"},{"taxonomy":"post_tag","embeddable":true,"href":"https:\/\/www.manaus.am.gov.br\/casa-civil\/wp-json\/wp\/v2\/tags?post=208334"}],"curies":[{"name":"wp","href":"https:\/\/api.w.org\/{rel}","templated":true}]}}