{"id":208261,"date":"2024-06-07T14:08:28","date_gmt":"2024-06-07T18:08:28","guid":{"rendered":"https:\/\/www.manaus.am.gov.br\/casa-civil\/novafeira-bairroalvorada\/"},"modified":"2024-06-07T14:08:31","modified_gmt":"2024-06-07T18:08:31","slug":"novafeira-bairroalvorada","status":"publish","type":"post","link":"https:\/\/www.manaus.am.gov.br\/casa-civil\/novafeira-bairroalvorada\/","title":{"rendered":"Prefeitura de Manaus entrega nova feira do Alvorada 2, ap\u00f3s 27 anos sem reforma"},"content":{"rendered":"\n<p>A Prefeitura de Manaus, por meio da Secretaria Municipal de Agricultura, Abastecimento, Centro e Com\u00e9rcio Informal (Semacc), entregou, na manh\u00e3 desta sexta-feira, 7\/6, a feira municipal do bairro Alvorada 2, localizada na rua Lea Alencar, na zona Centro-Oeste da cidade. Ap\u00f3s a revitaliza\u00e7\u00e3o, a popula\u00e7\u00e3o vai desfrutar de um espa\u00e7o harmonioso, seguro e com condi\u00e7\u00f5es dignas de trabalho para os permission\u00e1rios.<\/p>\n\n\n\n<p>A feira, cuja \u00faltima reforma aconteceu 1997, passou por uma transforma\u00e7\u00e3o completa realizada pela Semacc, em parceria com o governo do Amazonas.<\/p>\n\n\n\n<p>O vice-prefeito e secret\u00e1rio-chefe da Casa Civil,&nbsp;Marcos&nbsp;Rotta,&nbsp;descerrou a placa de reinaugura\u00e7\u00e3o e pontuou o compromisso da Prefeitura de Manaus com a melhoria dos espa\u00e7os p\u00fablicos e o bem-estar da popula\u00e7\u00e3o.<\/p>\n\n\n\n<p>\u201cForam 27 anos de ang\u00fastia, trabalhando em locais inapropriados, ambientes insalubres, que n\u00e3o oferecem uma higiene adequada, e hoje, estamos rompendo essa barreira, fazendo essa entrega, em nome do competente prefeito David Almeida, que trabalha diariamente para o avan\u00e7o da nossa cidade. \u00c9 sempre importante termos a grandeza de reconhecer que estamos fazendo mais uma revitaliza\u00e7\u00e3o, gra\u00e7as \u00e0 parceria do governo do Amazonas\u201d, disse Rotta.<\/p>\n\n\n\n<p>A equipe de Engenharia da secretaria trabalhou, arduamente, nos novos boxes padronizados, setorizados e todos com revestimento em cer\u00e2mica.&nbsp;O espa\u00e7o do fundo da feira, onde o trabalho era considerado bem dif\u00edcil, agora est\u00e1 amplo e arejado, com uma circula\u00e7\u00e3o de ar, evitando o superaquecimento, de acordo com a necessidade dos permission\u00e1rios.&nbsp;<\/p>\n\n\n\n<p>\u201cHoje, selamos o compromisso de realizar pol\u00edticas p\u00fablicas s\u00e9rias para cidade de Manaus. Essa feira, que tantas pessoas s\u00e3o testemunhas que h\u00e1 anos estava abandonada, hoje recebe novo&nbsp;<em>layout<\/em>, conceito, semiclimatizada, novos banheiros, acessibilidade, tudo isso para trazer qualidade de trabalho aos permission\u00e1rios e qualidade no atendimento aos clientes\u201d, pontuou o secret\u00e1rio da Semacc, Wanderson Costa.<\/p>\n\n\n\n<p>Al\u00e9m disso, os banheiros foram totalmente renovados garantindo mais conforto e higiene aos frequentadores da feira. A nova estrutura tamb\u00e9m foi planejada com foco na acessibilidade, facilitando a trafegabilidade para pessoas com mobilidade reduzida e garantindo que todos possam usufruir do espa\u00e7o com seguran\u00e7a e comodidade.<\/p>\n\n\n\n<p><strong>Estrutura<\/strong><\/p>\n\n\n\n<p>A feira, criada em 1970, conta com 45 permission\u00e1rios, gerando aproximadamente 145 empregos diretos e mais de 2.000 empregos indiretos, evidenciando sua import\u00e2ncia econ\u00f4mica e social para a comunidade.<\/p>\n\n\n\n<p>O permission\u00e1rio Manuel de Oliveira, 59 anos, nascido e criado na feira do Alvorada 2, ressalta que a revitaliza\u00e7\u00e3o recupera a dignidade dos trabalhadores diretos e indiretos: \u201cA feira est\u00e1 \u00f3tima, depois de muitos anos parada, abandonada, e tantas promessas anteriores, ganhamos uma estrutura \u201cnovinha\u201d para trabalharmos de forma digna\u201d, declarou o feirante.<\/p>\n\n\n\n<p>Para a cliente ass\u00eddua da feira do Alvorada, F\u00e1tima da Silva, 61 anos, o novo espa\u00e7o deve atrair uma maior clientela. \u201cReivindiquei para que melhorassem a feira, trouxeram a reforma e est\u00e1 visivelmente transformada, ambiente limpo e os feirantes uniformizados, com certeza vai ter mais gente querendo vir fazer suas compras aqui\u201d, disse ela, que \u00e9 moradora do conjunto Ajuricaba.<\/p>\n\n\n\n<p>Essa revitaliza\u00e7\u00e3o \u00e9 mais um marco da administra\u00e7\u00e3o municipal, que visa sempre valorizar os espa\u00e7os. No bairro Alvorada 2, a reforma representa um grande passo na valoriza\u00e7\u00e3o dos feirantes e na promo\u00e7\u00e3o de um ambiente mais acolhedor para os consumidores.<\/p>\n\n\n\n<p>&#8212; &#8212; &#8212;<\/p>\n\n\n\n<p><strong>Texto<\/strong>&nbsp;\u2013 Vit\u00f3ria Sena\/Casa Civil&nbsp;\u2013 Polyana Brelaz\/Semacc<\/p>\n\n\n\n<p><strong>Fotos<\/strong>&nbsp;&#8211; &nbsp;Ant\u00f4nio Pereira\/Casa Civil<\/p>\n\n\n\n<p><strong>Dispon\u00edveis em &#8211; <\/strong><a href=\"https:\/\/flic.kr\/s\/aHBqjBtZqQ\">https:\/\/flic.kr\/s\/aHBqjBtZqQ<\/a><\/p>\n","protected":false},"excerpt":{"rendered":"","protected":false},"author":23,"featured_media":208262,"comment_status":"closed","ping_status":"closed","sticky":false,"template":"","format":"standard","meta":{"footnotes":""},"categories":[91],"tags":[264,265,79,266,67,94,104],"acf":[],"yoast_head":"<!-- This site is optimized with the Yoast SEO plugin v23.0 - https:\/\/yoast.com\/wordpress\/plugins\/seo\/ -->\n<title>Prefeitura de Manaus entrega nova feira do Alvorada 2, ap\u00f3s 27 anos sem reforma<\/title>\n<meta name=\"description\" content=\"A Prefeitura de Manaus, por meio da Secretaria Municipal de Agricultura, Abastecimento, Centro e Com\u00e9rcio Informal (Semacc), entregou, na manh\u00e3 desta sexta-feira, 7\/6, a feira municipal do bairro Alvorada 2, localizada na rua Lea Alencar, na zona Centro-Oeste da cidade. Ap\u00f3s a revitaliza\u00e7\u00e3o, a popula\u00e7\u00e3o vai desfrutar de um espa\u00e7o harmonioso, seguro e com condi\u00e7\u00f5es dignas de trabalho para os permission\u00e1rios.\" \/>\n<meta name=\"robots\" content=\"index, follow, max-snippet:-1, max-image-preview:large, max-video-preview:-1\" \/>\n<link rel=\"canonical\" href=\"https:\/\/www.manaus.am.gov.br\/casa-civil\/novafeira-bairroalvorada\/\" \/>\n<meta property=\"og:locale\" content=\"pt_BR\" \/>\n<meta property=\"og:type\" content=\"article\" \/>\n<meta property=\"og:title\" content=\"Prefeitura de Manaus entrega nova feira do Alvorada 2, ap\u00f3s 27 anos sem reforma\" \/>\n<meta property=\"og:description\" content=\"A Prefeitura de Manaus, por meio da Secretaria Municipal de Agricultura, Abastecimento, Centro e Com\u00e9rcio Informal (Semacc), entregou, na manh\u00e3 desta sexta-feira, 7\/6, a feira municipal do bairro Alvorada 2, localizada na rua Lea Alencar, na zona Centro-Oeste da cidade. Ap\u00f3s a revitaliza\u00e7\u00e3o, a popula\u00e7\u00e3o vai desfrutar de um espa\u00e7o harmonioso, seguro e com condi\u00e7\u00f5es dignas de trabalho para os permission\u00e1rios.\" \/>\n<meta property=\"og:url\" content=\"https:\/\/www.manaus.am.gov.br\/casa-civil\/novafeira-bairroalvorada\/\" \/>\n<meta property=\"og:site_name\" content=\"Casa Civil\" \/>\n<meta property=\"article:publisher\" content=\"https:\/\/www.facebook.com\/prefeiturademanaus\" \/>\n<meta property=\"article:published_time\" content=\"2024-06-07T18:08:28+00:00\" \/>\n<meta property=\"article:modified_time\" content=\"2024-06-07T18:08:31+00:00\" \/>\n<meta property=\"og:image\" content=\"https:\/\/www.manaus.am.gov.br\/casa-civil\/wp-content\/uploads\/sites\/10\/2024\/06\/53775660833_bce6892bfc_c.jpg\" \/>\n\t<meta property=\"og:image:width\" content=\"800\" \/>\n\t<meta property=\"og:image:height\" content=\"531\" \/>\n\t<meta property=\"og:image:type\" content=\"image\/jpeg\" \/>\n<meta name=\"author\" content=\"Adriana Costa\" \/>\n<meta name=\"twitter:card\" content=\"summary_large_image\" \/>\n<meta name=\"twitter:creator\" content=\"@prefmanaus\" \/>\n<meta name=\"twitter:site\" content=\"@prefmanaus\" \/>\n<meta name=\"twitter:label1\" content=\"Written by\" \/>\n\t<meta name=\"twitter:data1\" content=\"Adriana Costa\" \/>\n\t<meta name=\"twitter:label2\" content=\"Est. reading time\" \/>\n\t<meta name=\"twitter:data2\" content=\"4 minutos\" \/>\n<script type=\"application\/ld+json\" class=\"yoast-schema-graph\">{\"@context\":\"https:\/\/schema.org\",\"@graph\":[{\"@type\":\"Article\",\"@id\":\"https:\/\/www.manaus.am.gov.br\/casa-civil\/novafeira-bairroalvorada\/#article\",\"isPartOf\":{\"@id\":\"https:\/\/www.manaus.am.gov.br\/casa-civil\/novafeira-bairroalvorada\/\"},\"author\":{\"name\":\"Adriana Costa\",\"@id\":\"https:\/\/www.manaus.am.gov.br\/casa-civil\/#\/schema\/person\/4e49f4e267757a06ca072ec61b2b9968\"},\"headline\":\"Prefeitura de Manaus entrega nova feira do Alvorada 2, ap\u00f3s 27 anos sem reforma\",\"datePublished\":\"2024-06-07T18:08:28+00:00\",\"dateModified\":\"2024-06-07T18:08:31+00:00\",\"mainEntityOfPage\":{\"@id\":\"https:\/\/www.manaus.am.gov.br\/casa-civil\/novafeira-bairroalvorada\/\"},\"wordCount\":599,\"publisher\":{\"@id\":\"https:\/\/www.manaus.am.gov.br\/casa-civil\/#organization\"},\"image\":{\"@id\":\"https:\/\/www.manaus.am.gov.br\/casa-civil\/novafeira-bairroalvorada\/#primaryimage\"},\"thumbnailUrl\":\"https:\/\/www.manaus.am.gov.br\/casa-civil\/wp-content\/uploads\/sites\/10\/2024\/06\/53775660833_bce6892bfc_c.jpg\",\"keywords\":[\"abastecimento\",\"Alvorada\",\"Marcos Rotta\",\"nova feira\",\"prefeitura de manaus\",\"Semacc\",\"Vice-prefeito\"],\"articleSection\":[\"Abastecimento\"],\"inLanguage\":\"pt-BR\"},{\"@type\":\"WebPage\",\"@id\":\"https:\/\/www.manaus.am.gov.br\/casa-civil\/novafeira-bairroalvorada\/\",\"url\":\"https:\/\/www.manaus.am.gov.br\/casa-civil\/novafeira-bairroalvorada\/\",\"name\":\"Prefeitura de Manaus entrega nova feira do Alvorada 2, ap\u00f3s 27 anos sem reforma\",\"isPartOf\":{\"@id\":\"https:\/\/www.manaus.am.gov.br\/casa-civil\/#website\"},\"primaryImageOfPage\":{\"@id\":\"https:\/\/www.manaus.am.gov.br\/casa-civil\/novafeira-bairroalvorada\/#primaryimage\"},\"image\":{\"@id\":\"https:\/\/www.manaus.am.gov.br\/casa-civil\/novafeira-bairroalvorada\/#primaryimage\"},\"thumbnailUrl\":\"https:\/\/www.manaus.am.gov.br\/casa-civil\/wp-content\/uploads\/sites\/10\/2024\/06\/53775660833_bce6892bfc_c.jpg\",\"datePublished\":\"2024-06-07T18:08:28+00:00\",\"dateModified\":\"2024-06-07T18:08:31+00:00\",\"description\":\"A Prefeitura de Manaus, por meio da Secretaria Municipal de Agricultura, Abastecimento, Centro e Com\u00e9rcio Informal (Semacc), entregou, na manh\u00e3 desta sexta-feira, 7\/6, a feira municipal do bairro Alvorada 2, localizada na rua Lea Alencar, na zona Centro-Oeste da cidade. Ap\u00f3s a revitaliza\u00e7\u00e3o, a popula\u00e7\u00e3o vai desfrutar de um espa\u00e7o harmonioso, seguro e com condi\u00e7\u00f5es dignas de trabalho para os permission\u00e1rios.\",\"inLanguage\":\"pt-BR\",\"potentialAction\":[{\"@type\":\"ReadAction\",\"target\":[\"https:\/\/www.manaus.am.gov.br\/casa-civil\/novafeira-bairroalvorada\/\"]}]},{\"@type\":\"ImageObject\",\"inLanguage\":\"pt-BR\",\"@id\":\"https:\/\/www.manaus.am.gov.br\/casa-civil\/novafeira-bairroalvorada\/#primaryimage\",\"url\":\"https:\/\/www.manaus.am.gov.br\/casa-civil\/wp-content\/uploads\/sites\/10\/2024\/06\/53775660833_bce6892bfc_c.jpg\",\"contentUrl\":\"https:\/\/www.manaus.am.gov.br\/casa-civil\/wp-content\/uploads\/sites\/10\/2024\/06\/53775660833_bce6892bfc_c.jpg\",\"width\":800,\"height\":531},{\"@type\":\"WebSite\",\"@id\":\"https:\/\/www.manaus.am.gov.br\/casa-civil\/#website\",\"url\":\"https:\/\/www.manaus.am.gov.br\/casa-civil\/\",\"name\":\"Casa Civil\",\"description\":\"Prefeitura de Manaus\",\"publisher\":{\"@id\":\"https:\/\/www.manaus.am.gov.br\/casa-civil\/#organization\"},\"alternateName\":\"Casa Civil\",\"potentialAction\":[{\"@type\":\"SearchAction\",\"target\":{\"@type\":\"EntryPoint\",\"urlTemplate\":\"https:\/\/www.manaus.am.gov.br\/casa-civil\/?s={search_term_string}\"},\"query-input\":\"required name=search_term_string\"}],\"inLanguage\":\"pt-BR\"},{\"@type\":\"Organization\",\"@id\":\"https:\/\/www.manaus.am.gov.br\/casa-civil\/#organization\",\"name\":\"Prefeitura de Manaus\",\"alternateName\":\"Prefeitura Municipal de Manaus\",\"url\":\"https:\/\/www.manaus.am.gov.br\/casa-civil\/\",\"logo\":{\"@type\":\"ImageObject\",\"inLanguage\":\"pt-BR\",\"@id\":\"https:\/\/www.manaus.am.gov.br\/casa-civil\/#\/schema\/logo\/image\/\",\"url\":\"https:\/\/www.manaus.am.gov.br\/casa-civil\/wp-content\/uploads\/sites\/10\/2024\/06\/favicon.png\",\"contentUrl\":\"https:\/\/www.manaus.am.gov.br\/casa-civil\/wp-content\/uploads\/sites\/10\/2024\/06\/favicon.png\",\"width\":300,\"height\":300,\"caption\":\"Prefeitura de Manaus\"},\"image\":{\"@id\":\"https:\/\/www.manaus.am.gov.br\/casa-civil\/#\/schema\/logo\/image\/\"},\"sameAs\":[\"https:\/\/www.facebook.com\/prefeiturademanaus\",\"https:\/\/x.com\/prefmanaus\",\"https:\/\/www.instagram.com\/prefeiturademanaus\/\",\"https:\/\/www.youtube.com\/@PrefeituradeManausOficial\",\"https:\/\/www.flickr.com\/photos\/prefeiturademanaus\",\"https:\/\/www.linkedin.com\/company\/prefeiturademanaus\/\",\"https:\/\/www.tiktok.com\/@prefeiturademanaus\"]},{\"@type\":\"Person\",\"@id\":\"https:\/\/www.manaus.am.gov.br\/casa-civil\/#\/schema\/person\/4e49f4e267757a06ca072ec61b2b9968\",\"name\":\"Adriana Costa\",\"image\":{\"@type\":\"ImageObject\",\"inLanguage\":\"pt-BR\",\"@id\":\"https:\/\/www.manaus.am.gov.br\/casa-civil\/#\/schema\/person\/image\/\",\"url\":\"https:\/\/secure.gravatar.com\/avatar\/576258617ef7194f718179e766d57bd4?s=96&d=mm&r=g\",\"contentUrl\":\"https:\/\/secure.gravatar.com\/avatar\/576258617ef7194f718179e766d57bd4?s=96&d=mm&r=g\",\"caption\":\"Adriana Costa\"}}]}<\/script>\n<!-- \/ Yoast SEO plugin. -->","yoast_head_json":{"title":"Prefeitura de Manaus entrega nova feira do Alvorada 2, ap\u00f3s 27 anos sem reforma","description":"A Prefeitura de Manaus, por meio da Secretaria Municipal de Agricultura, Abastecimento, Centro e Com\u00e9rcio Informal (Semacc), entregou, na manh\u00e3 desta sexta-feira, 7\/6, a feira municipal do bairro Alvorada 2, localizada na rua Lea Alencar, na zona Centro-Oeste da cidade. Ap\u00f3s a revitaliza\u00e7\u00e3o, a popula\u00e7\u00e3o vai desfrutar de um espa\u00e7o harmonioso, seguro e com condi\u00e7\u00f5es dignas de trabalho para os permission\u00e1rios.","robots":{"index":"index","follow":"follow","max-snippet":"max-snippet:-1","max-image-preview":"max-image-preview:large","max-video-preview":"max-video-preview:-1"},"canonical":"https:\/\/www.manaus.am.gov.br\/casa-civil\/novafeira-bairroalvorada\/","og_locale":"pt_BR","og_type":"article","og_title":"Prefeitura de Manaus entrega nova feira do Alvorada 2, ap\u00f3s 27 anos sem reforma","og_description":"A Prefeitura de Manaus, por meio da Secretaria Municipal de Agricultura, Abastecimento, Centro e Com\u00e9rcio Informal (Semacc), entregou, na manh\u00e3 desta sexta-feira, 7\/6, a feira municipal do bairro Alvorada 2, localizada na rua Lea Alencar, na zona Centro-Oeste da cidade. Ap\u00f3s a revitaliza\u00e7\u00e3o, a popula\u00e7\u00e3o vai desfrutar de um espa\u00e7o harmonioso, seguro e com condi\u00e7\u00f5es dignas de trabalho para os permission\u00e1rios.","og_url":"https:\/\/www.manaus.am.gov.br\/casa-civil\/novafeira-bairroalvorada\/","og_site_name":"Casa Civil","article_publisher":"https:\/\/www.facebook.com\/prefeiturademanaus","article_published_time":"2024-06-07T18:08:28+00:00","article_modified_time":"2024-06-07T18:08:31+00:00","og_image":[{"width":800,"height":531,"url":"https:\/\/www.manaus.am.gov.br\/casa-civil\/wp-content\/uploads\/sites\/10\/2024\/06\/53775660833_bce6892bfc_c.jpg","type":"image\/jpeg"}],"author":"Adriana Costa","twitter_card":"summary_large_image","twitter_creator":"@prefmanaus","twitter_site":"@prefmanaus","twitter_misc":{"Written by":"Adriana Costa","Est. reading time":"4 minutos"},"schema":{"@context":"https:\/\/schema.org","@graph":[{"@type":"Article","@id":"https:\/\/www.manaus.am.gov.br\/casa-civil\/novafeira-bairroalvorada\/#article","isPartOf":{"@id":"https:\/\/www.manaus.am.gov.br\/casa-civil\/novafeira-bairroalvorada\/"},"author":{"name":"Adriana Costa","@id":"https:\/\/www.manaus.am.gov.br\/casa-civil\/#\/schema\/person\/4e49f4e267757a06ca072ec61b2b9968"},"headline":"Prefeitura de Manaus entrega nova feira do Alvorada 2, ap\u00f3s 27 anos sem reforma","datePublished":"2024-06-07T18:08:28+00:00","dateModified":"2024-06-07T18:08:31+00:00","mainEntityOfPage":{"@id":"https:\/\/www.manaus.am.gov.br\/casa-civil\/novafeira-bairroalvorada\/"},"wordCount":599,"publisher":{"@id":"https:\/\/www.manaus.am.gov.br\/casa-civil\/#organization"},"image":{"@id":"https:\/\/www.manaus.am.gov.br\/casa-civil\/novafeira-bairroalvorada\/#primaryimage"},"thumbnailUrl":"https:\/\/www.manaus.am.gov.br\/casa-civil\/wp-content\/uploads\/sites\/10\/2024\/06\/53775660833_bce6892bfc_c.jpg","keywords":["abastecimento","Alvorada","Marcos Rotta","nova feira","prefeitura de manaus","Semacc","Vice-prefeito"],"articleSection":["Abastecimento"],"inLanguage":"pt-BR"},{"@type":"WebPage","@id":"https:\/\/www.manaus.am.gov.br\/casa-civil\/novafeira-bairroalvorada\/","url":"https:\/\/www.manaus.am.gov.br\/casa-civil\/novafeira-bairroalvorada\/","name":"Prefeitura de Manaus entrega nova feira do Alvorada 2, ap\u00f3s 27 anos sem reforma","isPartOf":{"@id":"https:\/\/www.manaus.am.gov.br\/casa-civil\/#website"},"primaryImageOfPage":{"@id":"https:\/\/www.manaus.am.gov.br\/casa-civil\/novafeira-bairroalvorada\/#primaryimage"},"image":{"@id":"https:\/\/www.manaus.am.gov.br\/casa-civil\/novafeira-bairroalvorada\/#primaryimage"},"thumbnailUrl":"https:\/\/www.manaus.am.gov.br\/casa-civil\/wp-content\/uploads\/sites\/10\/2024\/06\/53775660833_bce6892bfc_c.jpg","datePublished":"2024-06-07T18:08:28+00:00","dateModified":"2024-06-07T18:08:31+00:00","description":"A Prefeitura de Manaus, por meio da Secretaria Municipal de Agricultura, Abastecimento, Centro e Com\u00e9rcio Informal (Semacc), entregou, na manh\u00e3 desta sexta-feira, 7\/6, a feira municipal do bairro Alvorada 2, localizada na rua Lea Alencar, na zona Centro-Oeste da cidade. Ap\u00f3s a revitaliza\u00e7\u00e3o, a popula\u00e7\u00e3o vai desfrutar de um espa\u00e7o harmonioso, seguro e com condi\u00e7\u00f5es dignas de trabalho para os permission\u00e1rios.","inLanguage":"pt-BR","potentialAction":[{"@type":"ReadAction","target":["https:\/\/www.manaus.am.gov.br\/casa-civil\/novafeira-bairroalvorada\/"]}]},{"@type":"ImageObject","inLanguage":"pt-BR","@id":"https:\/\/www.manaus.am.gov.br\/casa-civil\/novafeira-bairroalvorada\/#primaryimage","url":"https:\/\/www.manaus.am.gov.br\/casa-civil\/wp-content\/uploads\/sites\/10\/2024\/06\/53775660833_bce6892bfc_c.jpg","contentUrl":"https:\/\/www.manaus.am.gov.br\/casa-civil\/wp-content\/uploads\/sites\/10\/2024\/06\/53775660833_bce6892bfc_c.jpg","width":800,"height":531},{"@type":"WebSite","@id":"https:\/\/www.manaus.am.gov.br\/casa-civil\/#website","url":"https:\/\/www.manaus.am.gov.br\/casa-civil\/","name":"Casa Civil","description":"Prefeitura de Manaus","publisher":{"@id":"https:\/\/www.manaus.am.gov.br\/casa-civil\/#organization"},"alternateName":"Casa Civil","potentialAction":[{"@type":"SearchAction","target":{"@type":"EntryPoint","urlTemplate":"https:\/\/www.manaus.am.gov.br\/casa-civil\/?s={search_term_string}"},"query-input":"required name=search_term_string"}],"inLanguage":"pt-BR"},{"@type":"Organization","@id":"https:\/\/www.manaus.am.gov.br\/casa-civil\/#organization","name":"Prefeitura de Manaus","alternateName":"Prefeitura Municipal de Manaus","url":"https:\/\/www.manaus.am.gov.br\/casa-civil\/","logo":{"@type":"ImageObject","inLanguage":"pt-BR","@id":"https:\/\/www.manaus.am.gov.br\/casa-civil\/#\/schema\/logo\/image\/","url":"https:\/\/www.manaus.am.gov.br\/casa-civil\/wp-content\/uploads\/sites\/10\/2024\/06\/favicon.png","contentUrl":"https:\/\/www.manaus.am.gov.br\/casa-civil\/wp-content\/uploads\/sites\/10\/2024\/06\/favicon.png","width":300,"height":300,"caption":"Prefeitura de Manaus"},"image":{"@id":"https:\/\/www.manaus.am.gov.br\/casa-civil\/#\/schema\/logo\/image\/"},"sameAs":["https:\/\/www.facebook.com\/prefeiturademanaus","https:\/\/x.com\/prefmanaus","https:\/\/www.instagram.com\/prefeiturademanaus\/","https:\/\/www.youtube.com\/@PrefeituradeManausOficial","https:\/\/www.flickr.com\/photos\/prefeiturademanaus","https:\/\/www.linkedin.com\/company\/prefeiturademanaus\/","https:\/\/www.tiktok.com\/@prefeiturademanaus"]},{"@type":"Person","@id":"https:\/\/www.manaus.am.gov.br\/casa-civil\/#\/schema\/person\/4e49f4e267757a06ca072ec61b2b9968","name":"Adriana Costa","image":{"@type":"ImageObject","inLanguage":"pt-BR","@id":"https:\/\/www.manaus.am.gov.br\/casa-civil\/#\/schema\/person\/image\/","url":"https:\/\/secure.gravatar.com\/avatar\/576258617ef7194f718179e766d57bd4?s=96&d=mm&r=g","contentUrl":"https:\/\/secure.gravatar.com\/avatar\/576258617ef7194f718179e766d57bd4?s=96&d=mm&r=g","caption":"Adriana Costa"}}]}},"_links":{"self":[{"href":"https:\/\/www.manaus.am.gov.br\/casa-civil\/wp-json\/wp\/v2\/posts\/208261"}],"collection":[{"href":"https:\/\/www.manaus.am.gov.br\/casa-civil\/wp-json\/wp\/v2\/posts"}],"about":[{"href":"https:\/\/www.manaus.am.gov.br\/casa-civil\/wp-json\/wp\/v2\/types\/post"}],"author":[{"embeddable":true,"href":"https:\/\/www.manaus.am.gov.br\/casa-civil\/wp-json\/wp\/v2\/users\/23"}],"replies":[{"embeddable":true,"href":"https:\/\/www.manaus.am.gov.br\/casa-civil\/wp-json\/wp\/v2\/comments?post=208261"}],"version-history":[{"count":0,"href":"https:\/\/www.manaus.am.gov.br\/casa-civil\/wp-json\/wp\/v2\/posts\/208261\/revisions"}],"wp:featuredmedia":[{"embeddable":true,"href":"https:\/\/www.manaus.am.gov.br\/casa-civil\/wp-json\/wp\/v2\/media\/208262"}],"wp:attachment":[{"href":"https:\/\/www.manaus.am.gov.br\/casa-civil\/wp-json\/wp\/v2\/media?parent=208261"}],"wp:term":[{"taxonomy":"category","embeddable":true,"href":"https:\/\/www.manaus.am.gov.br\/casa-civil\/wp-json\/wp\/v2\/categories?post=208261"},{"taxonomy":"post_tag","embeddable":true,"href":"https:\/\/www.manaus.am.gov.br\/casa-civil\/wp-json\/wp\/v2\/tags?post=208261"}],"curies":[{"name":"wp","href":"https:\/\/api.w.org\/{rel}","templated":true}]}}