{"id":207890,"date":"2023-08-10T11:44:19","date_gmt":"2023-08-10T15:44:19","guid":{"rendered":"https:\/\/www.manaus.am.gov.br\/casa-civil\/prefeitura-de-manaus-entrega-feira-do-bairro-gloria-revitalizada-e-moderna\/"},"modified":"2023-08-10T11:44:20","modified_gmt":"2023-08-10T15:44:20","slug":"prefeitura-de-manaus-entrega-feira-do-bairro-gloria-revitalizada-e-moderna","status":"publish","type":"post","link":"https:\/\/www.manaus.am.gov.br\/casa-civil\/prefeitura-de-manaus-entrega-feira-do-bairro-gloria-revitalizada-e-moderna\/","title":{"rendered":"<strong>Prefeitura de Manaus entrega feira do bairro Gl\u00f3ria revitalizada e moderna<\/strong>"},"content":{"rendered":"\n<p>A Prefeitura de Manaus, por meio da Secretaria Municipal de Agricultura, Abastecimento, Centro e Com\u00e9rcio Informal (Semacc), em parceria com o governo do Amazonas, reinaugurou, nesta quinta-feira, 10\/8, as novas instala\u00e7\u00f5es da feira da Gl\u00f3ria, localizada na rua Osvaldo Cruz, bairro Gl\u00f3ria, zona Oeste, que estava totalmente sem reforma h\u00e1 mais de 30 anos.&nbsp;<\/p>\n\n\n\n<p>O vice-prefeito e secret\u00e1rio municipal chefe da Casa Civil, Marcos Rotta, pontuou a import\u00e2ncia dos avan\u00e7os que a prefeitura est\u00e1 fazendo com as feiras de Manaus.&nbsp;\u201cO prefeito David Almeida, em parceria com o governo do Estado, o governador Wilson Lima, est\u00e1 reescrevendo a hist\u00f3ria da infraestrutura das feiras da cidade. S\u00e3o 33 feiras e mercados p\u00fablicos que v\u00e3o receber a aten\u00e7\u00e3o mais que especial, e, dessa vez, entregamos a feira da Gl\u00f3ria, em tempo recorde de 33 dias de revitaliza\u00e7\u00e3o, que, sem d\u00favidas, \u00e9 important\u00edssima para essa \u00e1rea da cidade\u201d, disse o vice-prefeito.&nbsp;<\/p>\n\n\n\n<p>A obra faz parte do pacote de reformas e as equipes de obras, gerenciadas pela Semacc, trabalharam na implanta\u00e7\u00e3o de uma nova estrutura, mais ampla e moderna com novos piso e telhado, banheiro, acessibilidade, revestimento cer\u00e2mico, forro e, ainda, a identidade visual, padronizando o local no molde das outras sete feiras j\u00e1 entregues pela administra\u00e7\u00e3o municipal.<\/p>\n\n\n\n<p>O secret\u00e1rio da Semacc, Wanderson Costa, esteve presente na reinaugura\u00e7\u00e3o e destacou sobre a feira devolver dignidade aos moradores e comerciantes.&nbsp;\u201cA palavra que podemos resumir essa estrutura complexa ser\u00e1 de \u2018pertencimento\u2019; v\u00e1rias pessoas passaram e v\u00e3o passar por essa feira e lembrar\u00e3o de pertencer \u00e0 hist\u00f3ria da feira da Gl\u00f3ria, dessa vez, totalmente revitalizada, devolvendo dignidade \u00e0 popula\u00e7\u00e3o\u201d, disse o secret\u00e1rio.&nbsp;<\/p>\n\n\n\n<p>A feira surgiu na d\u00e9cada de 1970, tendo proced\u00eancia em virtude dos terminais pesqueiros que escoavam os produtos na \u00e1rea. J\u00e1 na d\u00e9cada de 1990, a prefeitura legalizou o espa\u00e7o, municipalizando a \u00e1rea e dando permiss\u00e3o de uso do espa\u00e7o.<\/p>\n\n\n\n<p>Para a permission\u00e1ria Rossi Valente Oliveira, 57 anos, que trabalha h\u00e1 38 anos na feira da Gl\u00f3ria, a revitaliza\u00e7\u00e3o trar\u00e1 qualidade de vida. \u201c\u00c9 um olhar diferenciado do prefeito David para a comunidade da Gl\u00f3ria. Estou aqui h\u00e1 38 anos e essa reforma dar\u00e1 qualidade de vida aos permission\u00e1rios e \u00e0 popula\u00e7\u00e3o do bairro Gl\u00f3ria, poderemos trabalhar com um atendimento humanizado. Estamos com o cora\u00e7\u00e3o cheio de gratid\u00e3o por realizar, agora, nosso trabalho de forma mais digna\u201d, disse a permission\u00e1ria.&nbsp;<\/p>\n\n\n\n<p>&#8212; &#8212; &#8212;<\/p>\n\n\n\n<p><strong>Texto<\/strong>&nbsp;&#8211; Vit\u00f3ria Sena\/Casa Civil e Polyana Brelaz\/Semacc<\/p>\n\n\n\n<p><strong>Fotos<\/strong>&nbsp;\u2013 Jo\u00e3o Viana\/Semcom<\/p>\n\n\n\n<p><strong>Dispon\u00edveis em<\/strong>&nbsp;&#8211;&nbsp;<a href=\"https:\/\/flic.kr\/s\/aHBqjAQD57\" target=\"_blank\" rel=\"noreferrer noopener\">https:\/\/flic.kr\/s\/aHBqjAQD57<\/a><\/p>\n","protected":false},"excerpt":{"rendered":"","protected":false},"author":23,"featured_media":207891,"comment_status":"closed","ping_status":"closed","sticky":false,"template":"","format":"standard","meta":{"footnotes":""},"categories":[91],"tags":[92,67,93,94,56],"acf":[],"yoast_head":"<!-- This site is optimized with the Yoast SEO plugin v23.0 - https:\/\/yoast.com\/wordpress\/plugins\/seo\/ -->\n<title>Prefeitura de Manaus entrega feira do bairro Gl\u00f3ria revitalizada e moderna<\/title>\n<meta name=\"description\" content=\"A Prefeitura de Manaus, por meio da Secretaria Municipal de Agricultura, Abastecimento, Centro e Com\u00e9rcio Informal (Semacc), em parceria com o governo do Amazonas, reinaugurou, nesta quinta-feira, 10\/8, as novas instala\u00e7\u00f5es da feira da Gl\u00f3ria, localizada na rua Osvaldo Cruz, bairro Gl\u00f3ria, zona Oeste, que estava totalmente sem reforma h\u00e1 mais de 30 anos.\" \/>\n<meta name=\"robots\" content=\"index, follow, max-snippet:-1, max-image-preview:large, max-video-preview:-1\" \/>\n<link rel=\"canonical\" href=\"https:\/\/www.manaus.am.gov.br\/casa-civil\/prefeitura-de-manaus-entrega-feira-do-bairro-gloria-revitalizada-e-moderna\/\" \/>\n<meta property=\"og:locale\" content=\"pt_BR\" \/>\n<meta property=\"og:type\" content=\"article\" \/>\n<meta property=\"og:title\" content=\"Prefeitura de Manaus entrega feira do bairro Gl\u00f3ria revitalizada e moderna\" \/>\n<meta property=\"og:description\" content=\"A Prefeitura de Manaus, por meio da Secretaria Municipal de Agricultura, Abastecimento, Centro e Com\u00e9rcio Informal (Semacc), em parceria com o governo do Amazonas, reinaugurou, nesta quinta-feira, 10\/8, as novas instala\u00e7\u00f5es da feira da Gl\u00f3ria, localizada na rua Osvaldo Cruz, bairro Gl\u00f3ria, zona Oeste, que estava totalmente sem reforma h\u00e1 mais de 30 anos.\" \/>\n<meta property=\"og:url\" content=\"https:\/\/www.manaus.am.gov.br\/casa-civil\/prefeitura-de-manaus-entrega-feira-do-bairro-gloria-revitalizada-e-moderna\/\" \/>\n<meta property=\"og:site_name\" content=\"Casa Civil\" \/>\n<meta property=\"article:publisher\" content=\"https:\/\/www.facebook.com\/prefeiturademanaus\" \/>\n<meta property=\"article:published_time\" content=\"2023-08-10T15:44:19+00:00\" \/>\n<meta property=\"article:modified_time\" content=\"2023-08-10T15:44:20+00:00\" \/>\n<meta property=\"og:image\" content=\"https:\/\/www.manaus.am.gov.br\/casa-civil\/wp-content\/uploads\/sites\/10\/2023\/08\/53107247533_96da2c43c3_c.jpg\" \/>\n\t<meta property=\"og:image:width\" content=\"800\" \/>\n\t<meta property=\"og:image:height\" content=\"450\" \/>\n\t<meta property=\"og:image:type\" content=\"image\/jpeg\" \/>\n<meta name=\"author\" content=\"Adriana Costa\" \/>\n<meta name=\"twitter:card\" content=\"summary_large_image\" \/>\n<meta name=\"twitter:creator\" content=\"@prefmanaus\" \/>\n<meta name=\"twitter:site\" content=\"@prefmanaus\" \/>\n<meta name=\"twitter:label1\" content=\"Written by\" \/>\n\t<meta name=\"twitter:data1\" content=\"Adriana Costa\" \/>\n\t<meta name=\"twitter:label2\" content=\"Est. reading time\" \/>\n\t<meta name=\"twitter:data2\" content=\"3 minutos\" \/>\n<script type=\"application\/ld+json\" class=\"yoast-schema-graph\">{\"@context\":\"https:\/\/schema.org\",\"@graph\":[{\"@type\":\"Article\",\"@id\":\"https:\/\/www.manaus.am.gov.br\/casa-civil\/prefeitura-de-manaus-entrega-feira-do-bairro-gloria-revitalizada-e-moderna\/#article\",\"isPartOf\":{\"@id\":\"https:\/\/www.manaus.am.gov.br\/casa-civil\/prefeitura-de-manaus-entrega-feira-do-bairro-gloria-revitalizada-e-moderna\/\"},\"author\":{\"name\":\"Adriana Costa\",\"@id\":\"https:\/\/www.manaus.am.gov.br\/casa-civil\/#\/schema\/person\/4e49f4e267757a06ca072ec61b2b9968\"},\"headline\":\"Prefeitura de Manaus entrega feira do bairro Gl\u00f3ria revitalizada e moderna\",\"datePublished\":\"2023-08-10T15:44:19+00:00\",\"dateModified\":\"2023-08-10T15:44:20+00:00\",\"mainEntityOfPage\":{\"@id\":\"https:\/\/www.manaus.am.gov.br\/casa-civil\/prefeitura-de-manaus-entrega-feira-do-bairro-gloria-revitalizada-e-moderna\/\"},\"wordCount\":466,\"publisher\":{\"@id\":\"https:\/\/www.manaus.am.gov.br\/casa-civil\/#organization\"},\"image\":{\"@id\":\"https:\/\/www.manaus.am.gov.br\/casa-civil\/prefeitura-de-manaus-entrega-feira-do-bairro-gloria-revitalizada-e-moderna\/#primaryimage\"},\"thumbnailUrl\":\"https:\/\/www.manaus.am.gov.br\/casa-civil\/wp-content\/uploads\/sites\/10\/2023\/08\/53107247533_96da2c43c3_c.jpg\",\"keywords\":[\"feira da Gl\u00f3ria\",\"prefeitura de manaus\",\"reinaugura\u00e7\u00e3o\",\"Semacc\",\"vice-prefeito Marcos Rotta\"],\"articleSection\":[\"Abastecimento\"],\"inLanguage\":\"pt-BR\"},{\"@type\":\"WebPage\",\"@id\":\"https:\/\/www.manaus.am.gov.br\/casa-civil\/prefeitura-de-manaus-entrega-feira-do-bairro-gloria-revitalizada-e-moderna\/\",\"url\":\"https:\/\/www.manaus.am.gov.br\/casa-civil\/prefeitura-de-manaus-entrega-feira-do-bairro-gloria-revitalizada-e-moderna\/\",\"name\":\"Prefeitura de Manaus entrega feira do bairro Gl\u00f3ria revitalizada e moderna\",\"isPartOf\":{\"@id\":\"https:\/\/www.manaus.am.gov.br\/casa-civil\/#website\"},\"primaryImageOfPage\":{\"@id\":\"https:\/\/www.manaus.am.gov.br\/casa-civil\/prefeitura-de-manaus-entrega-feira-do-bairro-gloria-revitalizada-e-moderna\/#primaryimage\"},\"image\":{\"@id\":\"https:\/\/www.manaus.am.gov.br\/casa-civil\/prefeitura-de-manaus-entrega-feira-do-bairro-gloria-revitalizada-e-moderna\/#primaryimage\"},\"thumbnailUrl\":\"https:\/\/www.manaus.am.gov.br\/casa-civil\/wp-content\/uploads\/sites\/10\/2023\/08\/53107247533_96da2c43c3_c.jpg\",\"datePublished\":\"2023-08-10T15:44:19+00:00\",\"dateModified\":\"2023-08-10T15:44:20+00:00\",\"description\":\"A Prefeitura de Manaus, por meio da Secretaria Municipal de Agricultura, Abastecimento, Centro e Com\u00e9rcio Informal (Semacc), em parceria com o governo do Amazonas, reinaugurou, nesta quinta-feira, 10\/8, as novas instala\u00e7\u00f5es da feira da Gl\u00f3ria, localizada na rua Osvaldo Cruz, bairro Gl\u00f3ria, zona Oeste, que estava totalmente sem reforma h\u00e1 mais de 30 anos.\",\"inLanguage\":\"pt-BR\",\"potentialAction\":[{\"@type\":\"ReadAction\",\"target\":[\"https:\/\/www.manaus.am.gov.br\/casa-civil\/prefeitura-de-manaus-entrega-feira-do-bairro-gloria-revitalizada-e-moderna\/\"]}]},{\"@type\":\"ImageObject\",\"inLanguage\":\"pt-BR\",\"@id\":\"https:\/\/www.manaus.am.gov.br\/casa-civil\/prefeitura-de-manaus-entrega-feira-do-bairro-gloria-revitalizada-e-moderna\/#primaryimage\",\"url\":\"https:\/\/www.manaus.am.gov.br\/casa-civil\/wp-content\/uploads\/sites\/10\/2023\/08\/53107247533_96da2c43c3_c.jpg\",\"contentUrl\":\"https:\/\/www.manaus.am.gov.br\/casa-civil\/wp-content\/uploads\/sites\/10\/2023\/08\/53107247533_96da2c43c3_c.jpg\",\"width\":800,\"height\":450},{\"@type\":\"WebSite\",\"@id\":\"https:\/\/www.manaus.am.gov.br\/casa-civil\/#website\",\"url\":\"https:\/\/www.manaus.am.gov.br\/casa-civil\/\",\"name\":\"Casa Civil\",\"description\":\"Prefeitura de Manaus\",\"publisher\":{\"@id\":\"https:\/\/www.manaus.am.gov.br\/casa-civil\/#organization\"},\"alternateName\":\"Casa Civil\",\"potentialAction\":[{\"@type\":\"SearchAction\",\"target\":{\"@type\":\"EntryPoint\",\"urlTemplate\":\"https:\/\/www.manaus.am.gov.br\/casa-civil\/?s={search_term_string}\"},\"query-input\":\"required name=search_term_string\"}],\"inLanguage\":\"pt-BR\"},{\"@type\":\"Organization\",\"@id\":\"https:\/\/www.manaus.am.gov.br\/casa-civil\/#organization\",\"name\":\"Prefeitura de Manaus\",\"alternateName\":\"Prefeitura Municipal de Manaus\",\"url\":\"https:\/\/www.manaus.am.gov.br\/casa-civil\/\",\"logo\":{\"@type\":\"ImageObject\",\"inLanguage\":\"pt-BR\",\"@id\":\"https:\/\/www.manaus.am.gov.br\/casa-civil\/#\/schema\/logo\/image\/\",\"url\":\"https:\/\/www.manaus.am.gov.br\/casa-civil\/wp-content\/uploads\/sites\/10\/2024\/06\/favicon.png\",\"contentUrl\":\"https:\/\/www.manaus.am.gov.br\/casa-civil\/wp-content\/uploads\/sites\/10\/2024\/06\/favicon.png\",\"width\":300,\"height\":300,\"caption\":\"Prefeitura de Manaus\"},\"image\":{\"@id\":\"https:\/\/www.manaus.am.gov.br\/casa-civil\/#\/schema\/logo\/image\/\"},\"sameAs\":[\"https:\/\/www.facebook.com\/prefeiturademanaus\",\"https:\/\/x.com\/prefmanaus\",\"https:\/\/www.instagram.com\/prefeiturademanaus\/\",\"https:\/\/www.youtube.com\/@PrefeituradeManausOficial\",\"https:\/\/www.flickr.com\/photos\/prefeiturademanaus\",\"https:\/\/www.linkedin.com\/company\/prefeiturademanaus\/\",\"https:\/\/www.tiktok.com\/@prefeiturademanaus\"]},{\"@type\":\"Person\",\"@id\":\"https:\/\/www.manaus.am.gov.br\/casa-civil\/#\/schema\/person\/4e49f4e267757a06ca072ec61b2b9968\",\"name\":\"Adriana Costa\",\"image\":{\"@type\":\"ImageObject\",\"inLanguage\":\"pt-BR\",\"@id\":\"https:\/\/www.manaus.am.gov.br\/casa-civil\/#\/schema\/person\/image\/\",\"url\":\"https:\/\/secure.gravatar.com\/avatar\/576258617ef7194f718179e766d57bd4?s=96&d=mm&r=g\",\"contentUrl\":\"https:\/\/secure.gravatar.com\/avatar\/576258617ef7194f718179e766d57bd4?s=96&d=mm&r=g\",\"caption\":\"Adriana Costa\"}}]}<\/script>\n<!-- \/ Yoast SEO plugin. -->","yoast_head_json":{"title":"Prefeitura de Manaus entrega feira do bairro Gl\u00f3ria revitalizada e moderna","description":"A Prefeitura de Manaus, por meio da Secretaria Municipal de Agricultura, Abastecimento, Centro e Com\u00e9rcio Informal (Semacc), em parceria com o governo do Amazonas, reinaugurou, nesta quinta-feira, 10\/8, as novas instala\u00e7\u00f5es da feira da Gl\u00f3ria, localizada na rua Osvaldo Cruz, bairro Gl\u00f3ria, zona Oeste, que estava totalmente sem reforma h\u00e1 mais de 30 anos.","robots":{"index":"index","follow":"follow","max-snippet":"max-snippet:-1","max-image-preview":"max-image-preview:large","max-video-preview":"max-video-preview:-1"},"canonical":"https:\/\/www.manaus.am.gov.br\/casa-civil\/prefeitura-de-manaus-entrega-feira-do-bairro-gloria-revitalizada-e-moderna\/","og_locale":"pt_BR","og_type":"article","og_title":"Prefeitura de Manaus entrega feira do bairro Gl\u00f3ria revitalizada e moderna","og_description":"A Prefeitura de Manaus, por meio da Secretaria Municipal de Agricultura, Abastecimento, Centro e Com\u00e9rcio Informal (Semacc), em parceria com o governo do Amazonas, reinaugurou, nesta quinta-feira, 10\/8, as novas instala\u00e7\u00f5es da feira da Gl\u00f3ria, localizada na rua Osvaldo Cruz, bairro Gl\u00f3ria, zona Oeste, que estava totalmente sem reforma h\u00e1 mais de 30 anos.","og_url":"https:\/\/www.manaus.am.gov.br\/casa-civil\/prefeitura-de-manaus-entrega-feira-do-bairro-gloria-revitalizada-e-moderna\/","og_site_name":"Casa Civil","article_publisher":"https:\/\/www.facebook.com\/prefeiturademanaus","article_published_time":"2023-08-10T15:44:19+00:00","article_modified_time":"2023-08-10T15:44:20+00:00","og_image":[{"width":800,"height":450,"url":"https:\/\/www.manaus.am.gov.br\/casa-civil\/wp-content\/uploads\/sites\/10\/2023\/08\/53107247533_96da2c43c3_c.jpg","type":"image\/jpeg"}],"author":"Adriana Costa","twitter_card":"summary_large_image","twitter_creator":"@prefmanaus","twitter_site":"@prefmanaus","twitter_misc":{"Written by":"Adriana Costa","Est. reading time":"3 minutos"},"schema":{"@context":"https:\/\/schema.org","@graph":[{"@type":"Article","@id":"https:\/\/www.manaus.am.gov.br\/casa-civil\/prefeitura-de-manaus-entrega-feira-do-bairro-gloria-revitalizada-e-moderna\/#article","isPartOf":{"@id":"https:\/\/www.manaus.am.gov.br\/casa-civil\/prefeitura-de-manaus-entrega-feira-do-bairro-gloria-revitalizada-e-moderna\/"},"author":{"name":"Adriana Costa","@id":"https:\/\/www.manaus.am.gov.br\/casa-civil\/#\/schema\/person\/4e49f4e267757a06ca072ec61b2b9968"},"headline":"Prefeitura de Manaus entrega feira do bairro Gl\u00f3ria revitalizada e moderna","datePublished":"2023-08-10T15:44:19+00:00","dateModified":"2023-08-10T15:44:20+00:00","mainEntityOfPage":{"@id":"https:\/\/www.manaus.am.gov.br\/casa-civil\/prefeitura-de-manaus-entrega-feira-do-bairro-gloria-revitalizada-e-moderna\/"},"wordCount":466,"publisher":{"@id":"https:\/\/www.manaus.am.gov.br\/casa-civil\/#organization"},"image":{"@id":"https:\/\/www.manaus.am.gov.br\/casa-civil\/prefeitura-de-manaus-entrega-feira-do-bairro-gloria-revitalizada-e-moderna\/#primaryimage"},"thumbnailUrl":"https:\/\/www.manaus.am.gov.br\/casa-civil\/wp-content\/uploads\/sites\/10\/2023\/08\/53107247533_96da2c43c3_c.jpg","keywords":["feira da Gl\u00f3ria","prefeitura de manaus","reinaugura\u00e7\u00e3o","Semacc","vice-prefeito Marcos Rotta"],"articleSection":["Abastecimento"],"inLanguage":"pt-BR"},{"@type":"WebPage","@id":"https:\/\/www.manaus.am.gov.br\/casa-civil\/prefeitura-de-manaus-entrega-feira-do-bairro-gloria-revitalizada-e-moderna\/","url":"https:\/\/www.manaus.am.gov.br\/casa-civil\/prefeitura-de-manaus-entrega-feira-do-bairro-gloria-revitalizada-e-moderna\/","name":"Prefeitura de Manaus entrega feira do bairro Gl\u00f3ria revitalizada e moderna","isPartOf":{"@id":"https:\/\/www.manaus.am.gov.br\/casa-civil\/#website"},"primaryImageOfPage":{"@id":"https:\/\/www.manaus.am.gov.br\/casa-civil\/prefeitura-de-manaus-entrega-feira-do-bairro-gloria-revitalizada-e-moderna\/#primaryimage"},"image":{"@id":"https:\/\/www.manaus.am.gov.br\/casa-civil\/prefeitura-de-manaus-entrega-feira-do-bairro-gloria-revitalizada-e-moderna\/#primaryimage"},"thumbnailUrl":"https:\/\/www.manaus.am.gov.br\/casa-civil\/wp-content\/uploads\/sites\/10\/2023\/08\/53107247533_96da2c43c3_c.jpg","datePublished":"2023-08-10T15:44:19+00:00","dateModified":"2023-08-10T15:44:20+00:00","description":"A Prefeitura de Manaus, por meio da Secretaria Municipal de Agricultura, Abastecimento, Centro e Com\u00e9rcio Informal (Semacc), em parceria com o governo do Amazonas, reinaugurou, nesta quinta-feira, 10\/8, as novas instala\u00e7\u00f5es da feira da Gl\u00f3ria, localizada na rua Osvaldo Cruz, bairro Gl\u00f3ria, zona Oeste, que estava totalmente sem reforma h\u00e1 mais de 30 anos.","inLanguage":"pt-BR","potentialAction":[{"@type":"ReadAction","target":["https:\/\/www.manaus.am.gov.br\/casa-civil\/prefeitura-de-manaus-entrega-feira-do-bairro-gloria-revitalizada-e-moderna\/"]}]},{"@type":"ImageObject","inLanguage":"pt-BR","@id":"https:\/\/www.manaus.am.gov.br\/casa-civil\/prefeitura-de-manaus-entrega-feira-do-bairro-gloria-revitalizada-e-moderna\/#primaryimage","url":"https:\/\/www.manaus.am.gov.br\/casa-civil\/wp-content\/uploads\/sites\/10\/2023\/08\/53107247533_96da2c43c3_c.jpg","contentUrl":"https:\/\/www.manaus.am.gov.br\/casa-civil\/wp-content\/uploads\/sites\/10\/2023\/08\/53107247533_96da2c43c3_c.jpg","width":800,"height":450},{"@type":"WebSite","@id":"https:\/\/www.manaus.am.gov.br\/casa-civil\/#website","url":"https:\/\/www.manaus.am.gov.br\/casa-civil\/","name":"Casa Civil","description":"Prefeitura de Manaus","publisher":{"@id":"https:\/\/www.manaus.am.gov.br\/casa-civil\/#organization"},"alternateName":"Casa Civil","potentialAction":[{"@type":"SearchAction","target":{"@type":"EntryPoint","urlTemplate":"https:\/\/www.manaus.am.gov.br\/casa-civil\/?s={search_term_string}"},"query-input":"required name=search_term_string"}],"inLanguage":"pt-BR"},{"@type":"Organization","@id":"https:\/\/www.manaus.am.gov.br\/casa-civil\/#organization","name":"Prefeitura de Manaus","alternateName":"Prefeitura Municipal de Manaus","url":"https:\/\/www.manaus.am.gov.br\/casa-civil\/","logo":{"@type":"ImageObject","inLanguage":"pt-BR","@id":"https:\/\/www.manaus.am.gov.br\/casa-civil\/#\/schema\/logo\/image\/","url":"https:\/\/www.manaus.am.gov.br\/casa-civil\/wp-content\/uploads\/sites\/10\/2024\/06\/favicon.png","contentUrl":"https:\/\/www.manaus.am.gov.br\/casa-civil\/wp-content\/uploads\/sites\/10\/2024\/06\/favicon.png","width":300,"height":300,"caption":"Prefeitura de Manaus"},"image":{"@id":"https:\/\/www.manaus.am.gov.br\/casa-civil\/#\/schema\/logo\/image\/"},"sameAs":["https:\/\/www.facebook.com\/prefeiturademanaus","https:\/\/x.com\/prefmanaus","https:\/\/www.instagram.com\/prefeiturademanaus\/","https:\/\/www.youtube.com\/@PrefeituradeManausOficial","https:\/\/www.flickr.com\/photos\/prefeiturademanaus","https:\/\/www.linkedin.com\/company\/prefeiturademanaus\/","https:\/\/www.tiktok.com\/@prefeiturademanaus"]},{"@type":"Person","@id":"https:\/\/www.manaus.am.gov.br\/casa-civil\/#\/schema\/person\/4e49f4e267757a06ca072ec61b2b9968","name":"Adriana Costa","image":{"@type":"ImageObject","inLanguage":"pt-BR","@id":"https:\/\/www.manaus.am.gov.br\/casa-civil\/#\/schema\/person\/image\/","url":"https:\/\/secure.gravatar.com\/avatar\/576258617ef7194f718179e766d57bd4?s=96&d=mm&r=g","contentUrl":"https:\/\/secure.gravatar.com\/avatar\/576258617ef7194f718179e766d57bd4?s=96&d=mm&r=g","caption":"Adriana Costa"}}]}},"_links":{"self":[{"href":"https:\/\/www.manaus.am.gov.br\/casa-civil\/wp-json\/wp\/v2\/posts\/207890"}],"collection":[{"href":"https:\/\/www.manaus.am.gov.br\/casa-civil\/wp-json\/wp\/v2\/posts"}],"about":[{"href":"https:\/\/www.manaus.am.gov.br\/casa-civil\/wp-json\/wp\/v2\/types\/post"}],"author":[{"embeddable":true,"href":"https:\/\/www.manaus.am.gov.br\/casa-civil\/wp-json\/wp\/v2\/users\/23"}],"replies":[{"embeddable":true,"href":"https:\/\/www.manaus.am.gov.br\/casa-civil\/wp-json\/wp\/v2\/comments?post=207890"}],"version-history":[{"count":0,"href":"https:\/\/www.manaus.am.gov.br\/casa-civil\/wp-json\/wp\/v2\/posts\/207890\/revisions"}],"wp:featuredmedia":[{"embeddable":true,"href":"https:\/\/www.manaus.am.gov.br\/casa-civil\/wp-json\/wp\/v2\/media\/207891"}],"wp:attachment":[{"href":"https:\/\/www.manaus.am.gov.br\/casa-civil\/wp-json\/wp\/v2\/media?parent=207890"}],"wp:term":[{"taxonomy":"category","embeddable":true,"href":"https:\/\/www.manaus.am.gov.br\/casa-civil\/wp-json\/wp\/v2\/categories?post=207890"},{"taxonomy":"post_tag","embeddable":true,"href":"https:\/\/www.manaus.am.gov.br\/casa-civil\/wp-json\/wp\/v2\/tags?post=207890"}],"curies":[{"name":"wp","href":"https:\/\/api.w.org\/{rel}","templated":true}]}}