{"id":207669,"date":"2023-02-06T18:44:16","date_gmt":"2023-02-06T22:44:16","guid":{"rendered":"https:\/\/www.manaus.am.gov.br\/casa-civil\/prefeitura-reune-grupo-de-trabalho-para-regulamentar-transporte-de-passageiros-por-aplicativos-de-duas-rodas\/"},"modified":"2023-05-12T09:32:43","modified_gmt":"2023-05-12T13:32:43","slug":"prefeitura-reune-grupo-de-trabalho-para-regulamentar-transporte-de-passageiros-por-aplicativos-de-duas-rodas","status":"publish","type":"post","link":"https:\/\/www.manaus.am.gov.br\/casa-civil\/prefeitura-reune-grupo-de-trabalho-para-regulamentar-transporte-de-passageiros-por-aplicativos-de-duas-rodas\/","title":{"rendered":"Prefeitura re\u00fane grupo de trabalho para regulamentar transporte de passageiros por aplicativos de duas rodas"},"content":{"rendered":"\n<p>A Prefeitura de Manaus realizou, nesta segunda-feira, 6\/2, a primeira reuni\u00e3o do grupo de trabalho voltado \u00e0 regulamenta\u00e7\u00e3o do transporte de passageiros, por aplicativo, em ve\u00edculos de duas rodas. Participaram do encontro, realizado na sede da Prefeitura de Manaus, os secret\u00e1rios da Casa Civil, de Seguran\u00e7a P\u00fablica e Defesa Social (Semseg), Ouvidoria-Geral e o diretor-presidente do Instituto Municipal de Mobilidade Urbana (IMMU).<\/p>\n\n\n\n<p>Na reuni\u00e3o, ficou determinado, por orienta\u00e7\u00e3o do prefeito de Manaus, que as secretarias que comp\u00f5em o grupo de trabalho ir\u00e3o ouvir as categorias de moto aplicativo. E que juntas trabalhar\u00e3o para disciplinar o modal em lei, seguro \u00e0 motociclistas e \u00e0 popula\u00e7\u00e3o, com qualidade e que atenda \u00e0s exig\u00eancias do c\u00f3digo de tr\u00e2nsito. Paralelo aos trabalhos do grupo, os motociclistas podem continuar trabalhando, com aten\u00e7\u00e3o \u00e0 documenta\u00e7\u00e3o m\u00ednima necess\u00e1ria: carteira de habilita\u00e7\u00e3o e documento regular da moto.<\/p>\n\n\n\n<p>\u201cO prefeito David Almeida determinou que a administra\u00e7\u00e3o p\u00fablica municipal atue de forma integrada para verificar a quest\u00e3o dos motoristas de aplicativos da cidade. O prefeito \u00e9 sens\u00edvel \u00e0 causa. Ano passado, por exemplo, entregou mais de dois mil kits de seguran\u00e7a para os moto-taxistas, entregadores de Ifoods. N\u00f3s estamos dispostos a regulamentar a profiss\u00e3o e dispor da legisla\u00e7\u00e3o que atenda a categoria\u201d, disse o secret\u00e1rio-chefe da Casa Civil, Rafael Bertazzo.<\/p>\n\n\n\n<p>Segundo o diretor-presidente do IMMU, Paulo Henrique Martins, a primeira fase do trabalho, para que a categoria preste \u00e0 sociedade um servi\u00e7o seguro e com qualidade, \u00e9 realizar um diagn\u00f3stico, identificando o n\u00famero de plataformas e motoristas que atualmente exploram o transporte de passageiros em motos. Com lei espec\u00edfica, em breve Manaus pode se tornar uma das primeiras cidades brasileiras a regulamentar o servi\u00e7o.<\/p>\n\n\n\n<p>\u201cA gente precisa realizar esses diagn\u00f3sticos, porque n\u00e3o sabemos qual \u00e9 o cen\u00e1rio. N\u00f3s vamos fazer uma convoca\u00e7\u00e3o das plataformas para que realizem a regulariza\u00e7\u00e3o dos prestadores de servi\u00e7os e a partir da\u00ed n\u00f3s vamos passar para a fase seguinte, que \u00e9 dos estudos t\u00e9cnicos. Essa \u00e9 a parte que vai analisar que tipo de motocicleta ser\u00e1 usada, para que atenda de forma segura os passageiros e esteja dentro das normas legais\u201d, destacou Martins.<\/p>\n\n\n\n<p>Ainda segundo o diretor-presidente do IMMU, as medidas ir\u00e3o garantir que os usu\u00e1rios utilizem o servi\u00e7o com seguran\u00e7a e com um selo de qualidade da prefeitura para a presta\u00e7\u00e3o do servi\u00e7o. \u201cEssa discuss\u00e3o ser\u00e1 de alto n\u00edvel e muito t\u00e9cnica e com todos os cuidados necess\u00e1rios para que as pessoas sejam atendidas da melhor forma e que os motociclistas tenham seus empregos garantidos\u201d.<\/p>\n\n\n\n<p>&#8212; &#8212; &#8212;<\/p>\n\n\n\n<p><strong>Texto <\/strong>\u2013 Marcelo Lima \/ IMMU<\/p>\n\n\n\n<p><strong>Fotos<\/strong> \u2013 Cl\u00f3vis Miranda \/ Semcom<\/p>\n\n\n\n<p><strong>Dispon\u00edveis em<\/strong> &#8211; <a href=\"https:\/\/flic.kr\/s\/aHBqjAraRD\">https:\/\/flic.kr\/s\/aHBqjAraRD<\/a><\/p>\n","protected":false},"excerpt":{"rendered":"","protected":false},"author":39,"featured_media":207670,"comment_status":"closed","ping_status":"closed","sticky":false,"template":"","format":"standard","meta":{"footnotes":""},"categories":[36],"tags":[37,5,38,39,40,41,42,43,44,45],"acf":[],"yoast_head":"<!-- This site is optimized with the Yoast SEO plugin v23.0 - https:\/\/yoast.com\/wordpress\/plugins\/seo\/ -->\n<title>Prefeitura re\u00fane grupo de trabalho para regulamentar transporte de passageiros por aplicativos de duas rodas<\/title>\n<meta name=\"description\" content=\"A prefeitura realizou a primeira reuni\u00e3o voltada \u00e0 regulamenta\u00e7\u00e3o do transporte de passageiros, por aplicativo, em ve\u00edculos de duas rodas.\" \/>\n<meta name=\"robots\" content=\"index, follow, max-snippet:-1, max-image-preview:large, max-video-preview:-1\" \/>\n<link rel=\"canonical\" href=\"https:\/\/www.manaus.am.gov.br\/casa-civil\/prefeitura-reune-grupo-de-trabalho-para-regulamentar-transporte-de-passageiros-por-aplicativos-de-duas-rodas\/\" \/>\n<meta property=\"og:locale\" content=\"pt_BR\" \/>\n<meta property=\"og:type\" content=\"article\" \/>\n<meta property=\"og:title\" content=\"Prefeitura re\u00fane grupo de trabalho para regulamentar transporte de passageiros por aplicativos de duas rodas\" \/>\n<meta property=\"og:description\" content=\"A prefeitura realizou a primeira reuni\u00e3o voltada \u00e0 regulamenta\u00e7\u00e3o do transporte de passageiros, por aplicativo, em ve\u00edculos de duas rodas.\" \/>\n<meta property=\"og:url\" content=\"https:\/\/www.manaus.am.gov.br\/casa-civil\/prefeitura-reune-grupo-de-trabalho-para-regulamentar-transporte-de-passageiros-por-aplicativos-de-duas-rodas\/\" \/>\n<meta property=\"og:site_name\" content=\"Casa Civil\" \/>\n<meta property=\"article:publisher\" content=\"https:\/\/www.facebook.com\/prefeiturademanaus\" \/>\n<meta property=\"article:published_time\" content=\"2023-02-06T22:44:16+00:00\" \/>\n<meta property=\"article:modified_time\" content=\"2023-05-12T13:32:43+00:00\" \/>\n<meta property=\"og:image\" content=\"https:\/\/www.manaus.am.gov.br\/casa-civil\/wp-content\/uploads\/sites\/10\/2023\/02\/Prefeitura-reune-grupo-de-trabalho-para-regulamentar-transporte-de-passageiros-por-aplicativos-de-duas-rodas.jpg\" \/>\n\t<meta property=\"og:image:width\" content=\"2048\" \/>\n\t<meta property=\"og:image:height\" content=\"1365\" \/>\n\t<meta property=\"og:image:type\" content=\"image\/jpeg\" \/>\n<meta name=\"author\" content=\"Bruna Greco\" \/>\n<meta name=\"twitter:card\" content=\"summary_large_image\" \/>\n<meta name=\"twitter:creator\" content=\"@prefmanaus\" \/>\n<meta name=\"twitter:site\" content=\"@prefmanaus\" \/>\n<meta name=\"twitter:label1\" content=\"Written by\" \/>\n\t<meta name=\"twitter:data1\" content=\"Bruna Greco\" \/>\n\t<meta name=\"twitter:label2\" content=\"Est. reading time\" \/>\n\t<meta name=\"twitter:data2\" content=\"3 minutos\" \/>\n<script type=\"application\/ld+json\" class=\"yoast-schema-graph\">{\"@context\":\"https:\/\/schema.org\",\"@graph\":[{\"@type\":\"Article\",\"@id\":\"https:\/\/www.manaus.am.gov.br\/casa-civil\/prefeitura-reune-grupo-de-trabalho-para-regulamentar-transporte-de-passageiros-por-aplicativos-de-duas-rodas\/#article\",\"isPartOf\":{\"@id\":\"https:\/\/www.manaus.am.gov.br\/casa-civil\/prefeitura-reune-grupo-de-trabalho-para-regulamentar-transporte-de-passageiros-por-aplicativos-de-duas-rodas\/\"},\"author\":{\"name\":\"Bruna Greco\",\"@id\":\"https:\/\/www.manaus.am.gov.br\/casa-civil\/#\/schema\/person\/05d223aea2bf115f9883a6ff3683d81b\"},\"headline\":\"Prefeitura re\u00fane grupo de trabalho para regulamentar transporte de passageiros por aplicativos de duas rodas\",\"datePublished\":\"2023-02-06T22:44:16+00:00\",\"dateModified\":\"2023-05-12T13:32:43+00:00\",\"mainEntityOfPage\":{\"@id\":\"https:\/\/www.manaus.am.gov.br\/casa-civil\/prefeitura-reune-grupo-de-trabalho-para-regulamentar-transporte-de-passageiros-por-aplicativos-de-duas-rodas\/\"},\"wordCount\":489,\"publisher\":{\"@id\":\"https:\/\/www.manaus.am.gov.br\/casa-civil\/#organization\"},\"image\":{\"@id\":\"https:\/\/www.manaus.am.gov.br\/casa-civil\/prefeitura-reune-grupo-de-trabalho-para-regulamentar-transporte-de-passageiros-por-aplicativos-de-duas-rodas\/#primaryimage\"},\"thumbnailUrl\":\"https:\/\/www.manaus.am.gov.br\/casa-civil\/wp-content\/uploads\/sites\/10\/2023\/02\/Prefeitura-reune-grupo-de-trabalho-para-regulamentar-transporte-de-passageiros-por-aplicativos-de-duas-rodas.jpg\",\"keywords\":[\"aplicativo\",\"Casa Civil\",\"for\u00e7a-tarefa\",\"grupo de trabalho\",\"IMMU\",\"Ouvidoria Municipal\",\"regulamentar\",\"Semseg\",\"transporte de passageiros\",\"ve\u00edculos de duas rodas\"],\"articleSection\":[\"Transporte\"],\"inLanguage\":\"pt-BR\"},{\"@type\":\"WebPage\",\"@id\":\"https:\/\/www.manaus.am.gov.br\/casa-civil\/prefeitura-reune-grupo-de-trabalho-para-regulamentar-transporte-de-passageiros-por-aplicativos-de-duas-rodas\/\",\"url\":\"https:\/\/www.manaus.am.gov.br\/casa-civil\/prefeitura-reune-grupo-de-trabalho-para-regulamentar-transporte-de-passageiros-por-aplicativos-de-duas-rodas\/\",\"name\":\"Prefeitura re\u00fane grupo de trabalho para regulamentar transporte de passageiros por aplicativos de duas rodas\",\"isPartOf\":{\"@id\":\"https:\/\/www.manaus.am.gov.br\/casa-civil\/#website\"},\"primaryImageOfPage\":{\"@id\":\"https:\/\/www.manaus.am.gov.br\/casa-civil\/prefeitura-reune-grupo-de-trabalho-para-regulamentar-transporte-de-passageiros-por-aplicativos-de-duas-rodas\/#primaryimage\"},\"image\":{\"@id\":\"https:\/\/www.manaus.am.gov.br\/casa-civil\/prefeitura-reune-grupo-de-trabalho-para-regulamentar-transporte-de-passageiros-por-aplicativos-de-duas-rodas\/#primaryimage\"},\"thumbnailUrl\":\"https:\/\/www.manaus.am.gov.br\/casa-civil\/wp-content\/uploads\/sites\/10\/2023\/02\/Prefeitura-reune-grupo-de-trabalho-para-regulamentar-transporte-de-passageiros-por-aplicativos-de-duas-rodas.jpg\",\"datePublished\":\"2023-02-06T22:44:16+00:00\",\"dateModified\":\"2023-05-12T13:32:43+00:00\",\"description\":\"A prefeitura realizou a primeira reuni\u00e3o voltada \u00e0 regulamenta\u00e7\u00e3o do transporte de passageiros, por aplicativo, em ve\u00edculos de duas rodas.\",\"inLanguage\":\"pt-BR\",\"potentialAction\":[{\"@type\":\"ReadAction\",\"target\":[\"https:\/\/www.manaus.am.gov.br\/casa-civil\/prefeitura-reune-grupo-de-trabalho-para-regulamentar-transporte-de-passageiros-por-aplicativos-de-duas-rodas\/\"]}]},{\"@type\":\"ImageObject\",\"inLanguage\":\"pt-BR\",\"@id\":\"https:\/\/www.manaus.am.gov.br\/casa-civil\/prefeitura-reune-grupo-de-trabalho-para-regulamentar-transporte-de-passageiros-por-aplicativos-de-duas-rodas\/#primaryimage\",\"url\":\"https:\/\/www.manaus.am.gov.br\/casa-civil\/wp-content\/uploads\/sites\/10\/2023\/02\/Prefeitura-reune-grupo-de-trabalho-para-regulamentar-transporte-de-passageiros-por-aplicativos-de-duas-rodas.jpg\",\"contentUrl\":\"https:\/\/www.manaus.am.gov.br\/casa-civil\/wp-content\/uploads\/sites\/10\/2023\/02\/Prefeitura-reune-grupo-de-trabalho-para-regulamentar-transporte-de-passageiros-por-aplicativos-de-duas-rodas.jpg\",\"width\":2048,\"height\":1365},{\"@type\":\"WebSite\",\"@id\":\"https:\/\/www.manaus.am.gov.br\/casa-civil\/#website\",\"url\":\"https:\/\/www.manaus.am.gov.br\/casa-civil\/\",\"name\":\"Casa Civil\",\"description\":\"Prefeitura de Manaus\",\"publisher\":{\"@id\":\"https:\/\/www.manaus.am.gov.br\/casa-civil\/#organization\"},\"alternateName\":\"Casa Civil\",\"potentialAction\":[{\"@type\":\"SearchAction\",\"target\":{\"@type\":\"EntryPoint\",\"urlTemplate\":\"https:\/\/www.manaus.am.gov.br\/casa-civil\/?s={search_term_string}\"},\"query-input\":\"required name=search_term_string\"}],\"inLanguage\":\"pt-BR\"},{\"@type\":\"Organization\",\"@id\":\"https:\/\/www.manaus.am.gov.br\/casa-civil\/#organization\",\"name\":\"Prefeitura de Manaus\",\"alternateName\":\"Prefeitura Municipal de Manaus\",\"url\":\"https:\/\/www.manaus.am.gov.br\/casa-civil\/\",\"logo\":{\"@type\":\"ImageObject\",\"inLanguage\":\"pt-BR\",\"@id\":\"https:\/\/www.manaus.am.gov.br\/casa-civil\/#\/schema\/logo\/image\/\",\"url\":\"https:\/\/www.manaus.am.gov.br\/casa-civil\/wp-content\/uploads\/sites\/10\/2024\/06\/favicon.png\",\"contentUrl\":\"https:\/\/www.manaus.am.gov.br\/casa-civil\/wp-content\/uploads\/sites\/10\/2024\/06\/favicon.png\",\"width\":300,\"height\":300,\"caption\":\"Prefeitura de Manaus\"},\"image\":{\"@id\":\"https:\/\/www.manaus.am.gov.br\/casa-civil\/#\/schema\/logo\/image\/\"},\"sameAs\":[\"https:\/\/www.facebook.com\/prefeiturademanaus\",\"https:\/\/x.com\/prefmanaus\",\"https:\/\/www.instagram.com\/prefeiturademanaus\/\",\"https:\/\/www.youtube.com\/@PrefeituradeManausOficial\",\"https:\/\/www.flickr.com\/photos\/prefeiturademanaus\",\"https:\/\/www.linkedin.com\/company\/prefeiturademanaus\/\",\"https:\/\/www.tiktok.com\/@prefeiturademanaus\"]},{\"@type\":\"Person\",\"@id\":\"https:\/\/www.manaus.am.gov.br\/casa-civil\/#\/schema\/person\/05d223aea2bf115f9883a6ff3683d81b\",\"name\":\"Bruna Greco\",\"image\":{\"@type\":\"ImageObject\",\"inLanguage\":\"pt-BR\",\"@id\":\"https:\/\/www.manaus.am.gov.br\/casa-civil\/#\/schema\/person\/image\/\",\"url\":\"https:\/\/secure.gravatar.com\/avatar\/9c877d1a6adc2a055330e5c09a8653ce?s=96&d=mm&r=g\",\"contentUrl\":\"https:\/\/secure.gravatar.com\/avatar\/9c877d1a6adc2a055330e5c09a8653ce?s=96&d=mm&r=g\",\"caption\":\"Bruna Greco\"}}]}<\/script>\n<!-- \/ Yoast SEO plugin. -->","yoast_head_json":{"title":"Prefeitura re\u00fane grupo de trabalho para regulamentar transporte de passageiros por aplicativos de duas rodas","description":"A prefeitura realizou a primeira reuni\u00e3o voltada \u00e0 regulamenta\u00e7\u00e3o do transporte de passageiros, por aplicativo, em ve\u00edculos de duas rodas.","robots":{"index":"index","follow":"follow","max-snippet":"max-snippet:-1","max-image-preview":"max-image-preview:large","max-video-preview":"max-video-preview:-1"},"canonical":"https:\/\/www.manaus.am.gov.br\/casa-civil\/prefeitura-reune-grupo-de-trabalho-para-regulamentar-transporte-de-passageiros-por-aplicativos-de-duas-rodas\/","og_locale":"pt_BR","og_type":"article","og_title":"Prefeitura re\u00fane grupo de trabalho para regulamentar transporte de passageiros por aplicativos de duas rodas","og_description":"A prefeitura realizou a primeira reuni\u00e3o voltada \u00e0 regulamenta\u00e7\u00e3o do transporte de passageiros, por aplicativo, em ve\u00edculos de duas rodas.","og_url":"https:\/\/www.manaus.am.gov.br\/casa-civil\/prefeitura-reune-grupo-de-trabalho-para-regulamentar-transporte-de-passageiros-por-aplicativos-de-duas-rodas\/","og_site_name":"Casa Civil","article_publisher":"https:\/\/www.facebook.com\/prefeiturademanaus","article_published_time":"2023-02-06T22:44:16+00:00","article_modified_time":"2023-05-12T13:32:43+00:00","og_image":[{"width":2048,"height":1365,"url":"https:\/\/www.manaus.am.gov.br\/casa-civil\/wp-content\/uploads\/sites\/10\/2023\/02\/Prefeitura-reune-grupo-de-trabalho-para-regulamentar-transporte-de-passageiros-por-aplicativos-de-duas-rodas.jpg","type":"image\/jpeg"}],"author":"Bruna Greco","twitter_card":"summary_large_image","twitter_creator":"@prefmanaus","twitter_site":"@prefmanaus","twitter_misc":{"Written by":"Bruna Greco","Est. reading time":"3 minutos"},"schema":{"@context":"https:\/\/schema.org","@graph":[{"@type":"Article","@id":"https:\/\/www.manaus.am.gov.br\/casa-civil\/prefeitura-reune-grupo-de-trabalho-para-regulamentar-transporte-de-passageiros-por-aplicativos-de-duas-rodas\/#article","isPartOf":{"@id":"https:\/\/www.manaus.am.gov.br\/casa-civil\/prefeitura-reune-grupo-de-trabalho-para-regulamentar-transporte-de-passageiros-por-aplicativos-de-duas-rodas\/"},"author":{"name":"Bruna Greco","@id":"https:\/\/www.manaus.am.gov.br\/casa-civil\/#\/schema\/person\/05d223aea2bf115f9883a6ff3683d81b"},"headline":"Prefeitura re\u00fane grupo de trabalho para regulamentar transporte de passageiros por aplicativos de duas rodas","datePublished":"2023-02-06T22:44:16+00:00","dateModified":"2023-05-12T13:32:43+00:00","mainEntityOfPage":{"@id":"https:\/\/www.manaus.am.gov.br\/casa-civil\/prefeitura-reune-grupo-de-trabalho-para-regulamentar-transporte-de-passageiros-por-aplicativos-de-duas-rodas\/"},"wordCount":489,"publisher":{"@id":"https:\/\/www.manaus.am.gov.br\/casa-civil\/#organization"},"image":{"@id":"https:\/\/www.manaus.am.gov.br\/casa-civil\/prefeitura-reune-grupo-de-trabalho-para-regulamentar-transporte-de-passageiros-por-aplicativos-de-duas-rodas\/#primaryimage"},"thumbnailUrl":"https:\/\/www.manaus.am.gov.br\/casa-civil\/wp-content\/uploads\/sites\/10\/2023\/02\/Prefeitura-reune-grupo-de-trabalho-para-regulamentar-transporte-de-passageiros-por-aplicativos-de-duas-rodas.jpg","keywords":["aplicativo","Casa Civil","for\u00e7a-tarefa","grupo de trabalho","IMMU","Ouvidoria Municipal","regulamentar","Semseg","transporte de passageiros","ve\u00edculos de duas rodas"],"articleSection":["Transporte"],"inLanguage":"pt-BR"},{"@type":"WebPage","@id":"https:\/\/www.manaus.am.gov.br\/casa-civil\/prefeitura-reune-grupo-de-trabalho-para-regulamentar-transporte-de-passageiros-por-aplicativos-de-duas-rodas\/","url":"https:\/\/www.manaus.am.gov.br\/casa-civil\/prefeitura-reune-grupo-de-trabalho-para-regulamentar-transporte-de-passageiros-por-aplicativos-de-duas-rodas\/","name":"Prefeitura re\u00fane grupo de trabalho para regulamentar transporte de passageiros por aplicativos de duas rodas","isPartOf":{"@id":"https:\/\/www.manaus.am.gov.br\/casa-civil\/#website"},"primaryImageOfPage":{"@id":"https:\/\/www.manaus.am.gov.br\/casa-civil\/prefeitura-reune-grupo-de-trabalho-para-regulamentar-transporte-de-passageiros-por-aplicativos-de-duas-rodas\/#primaryimage"},"image":{"@id":"https:\/\/www.manaus.am.gov.br\/casa-civil\/prefeitura-reune-grupo-de-trabalho-para-regulamentar-transporte-de-passageiros-por-aplicativos-de-duas-rodas\/#primaryimage"},"thumbnailUrl":"https:\/\/www.manaus.am.gov.br\/casa-civil\/wp-content\/uploads\/sites\/10\/2023\/02\/Prefeitura-reune-grupo-de-trabalho-para-regulamentar-transporte-de-passageiros-por-aplicativos-de-duas-rodas.jpg","datePublished":"2023-02-06T22:44:16+00:00","dateModified":"2023-05-12T13:32:43+00:00","description":"A prefeitura realizou a primeira reuni\u00e3o voltada \u00e0 regulamenta\u00e7\u00e3o do transporte de passageiros, por aplicativo, em ve\u00edculos de duas rodas.","inLanguage":"pt-BR","potentialAction":[{"@type":"ReadAction","target":["https:\/\/www.manaus.am.gov.br\/casa-civil\/prefeitura-reune-grupo-de-trabalho-para-regulamentar-transporte-de-passageiros-por-aplicativos-de-duas-rodas\/"]}]},{"@type":"ImageObject","inLanguage":"pt-BR","@id":"https:\/\/www.manaus.am.gov.br\/casa-civil\/prefeitura-reune-grupo-de-trabalho-para-regulamentar-transporte-de-passageiros-por-aplicativos-de-duas-rodas\/#primaryimage","url":"https:\/\/www.manaus.am.gov.br\/casa-civil\/wp-content\/uploads\/sites\/10\/2023\/02\/Prefeitura-reune-grupo-de-trabalho-para-regulamentar-transporte-de-passageiros-por-aplicativos-de-duas-rodas.jpg","contentUrl":"https:\/\/www.manaus.am.gov.br\/casa-civil\/wp-content\/uploads\/sites\/10\/2023\/02\/Prefeitura-reune-grupo-de-trabalho-para-regulamentar-transporte-de-passageiros-por-aplicativos-de-duas-rodas.jpg","width":2048,"height":1365},{"@type":"WebSite","@id":"https:\/\/www.manaus.am.gov.br\/casa-civil\/#website","url":"https:\/\/www.manaus.am.gov.br\/casa-civil\/","name":"Casa Civil","description":"Prefeitura de Manaus","publisher":{"@id":"https:\/\/www.manaus.am.gov.br\/casa-civil\/#organization"},"alternateName":"Casa Civil","potentialAction":[{"@type":"SearchAction","target":{"@type":"EntryPoint","urlTemplate":"https:\/\/www.manaus.am.gov.br\/casa-civil\/?s={search_term_string}"},"query-input":"required name=search_term_string"}],"inLanguage":"pt-BR"},{"@type":"Organization","@id":"https:\/\/www.manaus.am.gov.br\/casa-civil\/#organization","name":"Prefeitura de Manaus","alternateName":"Prefeitura Municipal de Manaus","url":"https:\/\/www.manaus.am.gov.br\/casa-civil\/","logo":{"@type":"ImageObject","inLanguage":"pt-BR","@id":"https:\/\/www.manaus.am.gov.br\/casa-civil\/#\/schema\/logo\/image\/","url":"https:\/\/www.manaus.am.gov.br\/casa-civil\/wp-content\/uploads\/sites\/10\/2024\/06\/favicon.png","contentUrl":"https:\/\/www.manaus.am.gov.br\/casa-civil\/wp-content\/uploads\/sites\/10\/2024\/06\/favicon.png","width":300,"height":300,"caption":"Prefeitura de Manaus"},"image":{"@id":"https:\/\/www.manaus.am.gov.br\/casa-civil\/#\/schema\/logo\/image\/"},"sameAs":["https:\/\/www.facebook.com\/prefeiturademanaus","https:\/\/x.com\/prefmanaus","https:\/\/www.instagram.com\/prefeiturademanaus\/","https:\/\/www.youtube.com\/@PrefeituradeManausOficial","https:\/\/www.flickr.com\/photos\/prefeiturademanaus","https:\/\/www.linkedin.com\/company\/prefeiturademanaus\/","https:\/\/www.tiktok.com\/@prefeiturademanaus"]},{"@type":"Person","@id":"https:\/\/www.manaus.am.gov.br\/casa-civil\/#\/schema\/person\/05d223aea2bf115f9883a6ff3683d81b","name":"Bruna Greco","image":{"@type":"ImageObject","inLanguage":"pt-BR","@id":"https:\/\/www.manaus.am.gov.br\/casa-civil\/#\/schema\/person\/image\/","url":"https:\/\/secure.gravatar.com\/avatar\/9c877d1a6adc2a055330e5c09a8653ce?s=96&d=mm&r=g","contentUrl":"https:\/\/secure.gravatar.com\/avatar\/9c877d1a6adc2a055330e5c09a8653ce?s=96&d=mm&r=g","caption":"Bruna Greco"}}]}},"_links":{"self":[{"href":"https:\/\/www.manaus.am.gov.br\/casa-civil\/wp-json\/wp\/v2\/posts\/207669"}],"collection":[{"href":"https:\/\/www.manaus.am.gov.br\/casa-civil\/wp-json\/wp\/v2\/posts"}],"about":[{"href":"https:\/\/www.manaus.am.gov.br\/casa-civil\/wp-json\/wp\/v2\/types\/post"}],"author":[{"embeddable":true,"href":"https:\/\/www.manaus.am.gov.br\/casa-civil\/wp-json\/wp\/v2\/users\/39"}],"replies":[{"embeddable":true,"href":"https:\/\/www.manaus.am.gov.br\/casa-civil\/wp-json\/wp\/v2\/comments?post=207669"}],"version-history":[{"count":1,"href":"https:\/\/www.manaus.am.gov.br\/casa-civil\/wp-json\/wp\/v2\/posts\/207669\/revisions"}],"predecessor-version":[{"id":207771,"href":"https:\/\/www.manaus.am.gov.br\/casa-civil\/wp-json\/wp\/v2\/posts\/207669\/revisions\/207771"}],"wp:featuredmedia":[{"embeddable":true,"href":"https:\/\/www.manaus.am.gov.br\/casa-civil\/wp-json\/wp\/v2\/media\/207670"}],"wp:attachment":[{"href":"https:\/\/www.manaus.am.gov.br\/casa-civil\/wp-json\/wp\/v2\/media?parent=207669"}],"wp:term":[{"taxonomy":"category","embeddable":true,"href":"https:\/\/www.manaus.am.gov.br\/casa-civil\/wp-json\/wp\/v2\/categories?post=207669"},{"taxonomy":"post_tag","embeddable":true,"href":"https:\/\/www.manaus.am.gov.br\/casa-civil\/wp-json\/wp\/v2\/tags?post=207669"}],"curies":[{"name":"wp","href":"https:\/\/api.w.org\/{rel}","templated":true}]}}