{"id":207583,"date":"2018-05-20T15:29:37","date_gmt":"2018-05-20T19:29:37","guid":{"rendered":"https:\/\/www.manaus.am.gov.br\/casa-civil\/defesa-civil-vistoria-casas-atingidas-por-balsa\/"},"modified":"2023-01-06T11:26:58","modified_gmt":"2023-01-06T15:26:58","slug":"defesa-civil-vistoria-casas-atingidas-por-balsa","status":"publish","type":"post","link":"https:\/\/www.manaus.am.gov.br\/casa-civil\/defesa-civil-vistoria-casas-atingidas-por-balsa\/","title":{"rendered":"Defesa Civil vistoria casas atingidas por balsa"},"content":{"rendered":"\n<p>Acionada pelo Corpo de Bombeiros na tarde deste domingo, 20\/5, ap\u00f3s a forte chuva na capital amazonense, a Defesa Civil de <a href=\"https:\/\/www.manaus.am.gov.br\" target=\"_blank\" rel=\"noopener\">Manaus<\/a> realizou o atendimento de vistoria nas resid\u00eancias atingidas por uma balsa do Estaleiro do Sandro, localizado no bairro Compensa 2, na zona Oeste.<\/p>\n\n\n\n<p>De acordo com a equipe t\u00e9cnica do \u00f3rg\u00e3o, a ocorr\u00eancia n\u00e3o teve v\u00edtimas, apenas danos materiais. Foram cadastradas e vistoriadas a situa\u00e7\u00e3o de risco de quatro casas.<\/p>\n\n\n\n<p>O \u00f3rg\u00e3o tamb\u00e9m informou que duas resid\u00eancias foram desocupadas e receber\u00e3o nesta segunda-feira, 21\/5, a visita de uma equipe da Secretaria Municipal da Mulher, Assist\u00eancia Social e Direitos Humanos (Semmasdh) para o atendimento socioecon\u00f4mico das fam\u00edlias.<\/p>\n\n\n\n<p>Segundo o <a href=\"http:\/\/www.inmet.gov.br\/\" target=\"_blank\" rel=\"noopener\">Instituto Nacional de Meteorologia (INMET)<\/a> at\u00e9 \u00e0s 13h o acumulado de chuva era de 13,0 mil\u00edmetros.<\/p>\n","protected":false},"excerpt":{"rendered":"","protected":false},"author":23,"featured_media":207519,"comment_status":"closed","ping_status":"closed","sticky":false,"template":"","format":"standard","meta":{"footnotes":""},"categories":[27],"tags":[28,29,30,31,32,33],"acf":[],"yoast_head":"<!-- This site is optimized with the Yoast SEO plugin v23.0 - https:\/\/yoast.com\/wordpress\/plugins\/seo\/ -->\n<title>Defesa Civil vistoria casas atingidas por balsa - Prefeitura de Manaus<\/title>\n<meta name=\"description\" content=\"Acionada pelo Corpo de Bombeiros na tarde deste domingo, 20\/5, ap\u00f3s a forte chuva na capital amazonense, a Defesa Civil de Manaus realizou o atendimento de vistoria nas resid\u00eancias atingidas por uma balsa do Estaleiro do Sandro, localizado no bairro Compensa 2, na zona Oeste.\" \/>\n<meta name=\"robots\" content=\"index, follow, max-snippet:-1, max-image-preview:large, max-video-preview:-1\" \/>\n<link rel=\"canonical\" href=\"https:\/\/www.manaus.am.gov.br\/casa-civil\/defesa-civil-vistoria-casas-atingidas-por-balsa\/\" \/>\n<meta property=\"og:locale\" content=\"pt_BR\" \/>\n<meta property=\"og:type\" content=\"article\" \/>\n<meta property=\"og:title\" content=\"Defesa Civil vistoria casas atingidas por balsa - Prefeitura de Manaus\" \/>\n<meta property=\"og:description\" content=\"Acionada pelo Corpo de Bombeiros na tarde deste domingo, 20\/5, ap\u00f3s a forte chuva na capital amazonense, a Defesa Civil de Manaus realizou o atendimento de vistoria nas resid\u00eancias atingidas por uma balsa do Estaleiro do Sandro, localizado no bairro Compensa 2, na zona Oeste.\" \/>\n<meta property=\"og:url\" content=\"https:\/\/www.manaus.am.gov.br\/casa-civil\/defesa-civil-vistoria-casas-atingidas-por-balsa\/\" \/>\n<meta property=\"og:site_name\" content=\"Casa Civil\" \/>\n<meta property=\"article:publisher\" content=\"https:\/\/www.facebook.com\/prefeiturademanaus\" \/>\n<meta property=\"article:published_time\" content=\"2018-05-20T19:29:37+00:00\" \/>\n<meta property=\"article:modified_time\" content=\"2023-01-06T15:26:58+00:00\" \/>\n<meta property=\"og:image\" content=\"https:\/\/www.manaus.am.gov.br\/casa-civil\/wp-content\/uploads\/sites\/10\/2023\/01\/thumb-default.png\" \/>\n\t<meta property=\"og:image:width\" content=\"966\" \/>\n\t<meta property=\"og:image:height\" content=\"520\" \/>\n\t<meta property=\"og:image:type\" content=\"image\/png\" \/>\n<meta name=\"author\" content=\"Adriana Costa\" \/>\n<meta name=\"twitter:card\" content=\"summary_large_image\" \/>\n<meta name=\"twitter:creator\" content=\"@prefmanaus\" \/>\n<meta name=\"twitter:site\" content=\"@prefmanaus\" \/>\n<meta name=\"twitter:label1\" content=\"Written by\" \/>\n\t<meta name=\"twitter:data1\" content=\"Adriana Costa\" \/>\n\t<meta name=\"twitter:label2\" content=\"Est. reading time\" \/>\n\t<meta name=\"twitter:data2\" content=\"1 minuto\" \/>\n<script type=\"application\/ld+json\" class=\"yoast-schema-graph\">{\"@context\":\"https:\/\/schema.org\",\"@graph\":[{\"@type\":\"Article\",\"@id\":\"https:\/\/www.manaus.am.gov.br\/casa-civil\/defesa-civil-vistoria-casas-atingidas-por-balsa\/#article\",\"isPartOf\":{\"@id\":\"https:\/\/www.manaus.am.gov.br\/casa-civil\/defesa-civil-vistoria-casas-atingidas-por-balsa\/\"},\"author\":{\"name\":\"Adriana Costa\",\"@id\":\"https:\/\/www.manaus.am.gov.br\/casa-civil\/#\/schema\/person\/4e49f4e267757a06ca072ec61b2b9968\"},\"headline\":\"Defesa Civil vistoria casas atingidas por balsa\",\"datePublished\":\"2018-05-20T19:29:37+00:00\",\"dateModified\":\"2023-01-06T15:26:58+00:00\",\"mainEntityOfPage\":{\"@id\":\"https:\/\/www.manaus.am.gov.br\/casa-civil\/defesa-civil-vistoria-casas-atingidas-por-balsa\/\"},\"wordCount\":145,\"publisher\":{\"@id\":\"https:\/\/www.manaus.am.gov.br\/casa-civil\/#organization\"},\"image\":{\"@id\":\"https:\/\/www.manaus.am.gov.br\/casa-civil\/defesa-civil-vistoria-casas-atingidas-por-balsa\/#primaryimage\"},\"thumbnailUrl\":\"https:\/\/www.manaus.am.gov.br\/casa-civil\/wp-content\/uploads\/sites\/10\/2023\/01\/thumb-default.png\",\"keywords\":[\"atendimento\",\"balsa\",\"casas\",\"chuva\",\"compensa\",\"vistoria\"],\"articleSection\":[\"Atendimento\"],\"inLanguage\":\"pt-BR\"},{\"@type\":\"WebPage\",\"@id\":\"https:\/\/www.manaus.am.gov.br\/casa-civil\/defesa-civil-vistoria-casas-atingidas-por-balsa\/\",\"url\":\"https:\/\/www.manaus.am.gov.br\/casa-civil\/defesa-civil-vistoria-casas-atingidas-por-balsa\/\",\"name\":\"Defesa Civil vistoria casas atingidas por balsa - Prefeitura de Manaus\",\"isPartOf\":{\"@id\":\"https:\/\/www.manaus.am.gov.br\/casa-civil\/#website\"},\"primaryImageOfPage\":{\"@id\":\"https:\/\/www.manaus.am.gov.br\/casa-civil\/defesa-civil-vistoria-casas-atingidas-por-balsa\/#primaryimage\"},\"image\":{\"@id\":\"https:\/\/www.manaus.am.gov.br\/casa-civil\/defesa-civil-vistoria-casas-atingidas-por-balsa\/#primaryimage\"},\"thumbnailUrl\":\"https:\/\/www.manaus.am.gov.br\/casa-civil\/wp-content\/uploads\/sites\/10\/2023\/01\/thumb-default.png\",\"datePublished\":\"2018-05-20T19:29:37+00:00\",\"dateModified\":\"2023-01-06T15:26:58+00:00\",\"description\":\"Acionada pelo Corpo de Bombeiros na tarde deste domingo, 20\/5, ap\u00f3s a forte chuva na capital amazonense, a Defesa Civil de Manaus realizou o atendimento de vistoria nas resid\u00eancias atingidas por uma balsa do Estaleiro do Sandro, localizado no bairro Compensa 2, na zona Oeste.\",\"inLanguage\":\"pt-BR\",\"potentialAction\":[{\"@type\":\"ReadAction\",\"target\":[\"https:\/\/www.manaus.am.gov.br\/casa-civil\/defesa-civil-vistoria-casas-atingidas-por-balsa\/\"]}]},{\"@type\":\"ImageObject\",\"inLanguage\":\"pt-BR\",\"@id\":\"https:\/\/www.manaus.am.gov.br\/casa-civil\/defesa-civil-vistoria-casas-atingidas-por-balsa\/#primaryimage\",\"url\":\"https:\/\/www.manaus.am.gov.br\/casa-civil\/wp-content\/uploads\/sites\/10\/2023\/01\/thumb-default.png\",\"contentUrl\":\"https:\/\/www.manaus.am.gov.br\/casa-civil\/wp-content\/uploads\/sites\/10\/2023\/01\/thumb-default.png\",\"width\":966,\"height\":520,\"caption\":\"Thumb Default\"},{\"@type\":\"WebSite\",\"@id\":\"https:\/\/www.manaus.am.gov.br\/casa-civil\/#website\",\"url\":\"https:\/\/www.manaus.am.gov.br\/casa-civil\/\",\"name\":\"Casa Civil\",\"description\":\"Prefeitura de Manaus\",\"publisher\":{\"@id\":\"https:\/\/www.manaus.am.gov.br\/casa-civil\/#organization\"},\"alternateName\":\"Casa Civil\",\"potentialAction\":[{\"@type\":\"SearchAction\",\"target\":{\"@type\":\"EntryPoint\",\"urlTemplate\":\"https:\/\/www.manaus.am.gov.br\/casa-civil\/?s={search_term_string}\"},\"query-input\":\"required name=search_term_string\"}],\"inLanguage\":\"pt-BR\"},{\"@type\":\"Organization\",\"@id\":\"https:\/\/www.manaus.am.gov.br\/casa-civil\/#organization\",\"name\":\"Prefeitura de Manaus\",\"alternateName\":\"Prefeitura Municipal de Manaus\",\"url\":\"https:\/\/www.manaus.am.gov.br\/casa-civil\/\",\"logo\":{\"@type\":\"ImageObject\",\"inLanguage\":\"pt-BR\",\"@id\":\"https:\/\/www.manaus.am.gov.br\/casa-civil\/#\/schema\/logo\/image\/\",\"url\":\"https:\/\/www.manaus.am.gov.br\/casa-civil\/wp-content\/uploads\/sites\/10\/2024\/06\/favicon.png\",\"contentUrl\":\"https:\/\/www.manaus.am.gov.br\/casa-civil\/wp-content\/uploads\/sites\/10\/2024\/06\/favicon.png\",\"width\":300,\"height\":300,\"caption\":\"Prefeitura de Manaus\"},\"image\":{\"@id\":\"https:\/\/www.manaus.am.gov.br\/casa-civil\/#\/schema\/logo\/image\/\"},\"sameAs\":[\"https:\/\/www.facebook.com\/prefeiturademanaus\",\"https:\/\/x.com\/prefmanaus\",\"https:\/\/www.instagram.com\/prefeiturademanaus\/\",\"https:\/\/www.youtube.com\/@PrefeituradeManausOficial\",\"https:\/\/www.flickr.com\/photos\/prefeiturademanaus\",\"https:\/\/www.linkedin.com\/company\/prefeiturademanaus\/\",\"https:\/\/www.tiktok.com\/@prefeiturademanaus\"]},{\"@type\":\"Person\",\"@id\":\"https:\/\/www.manaus.am.gov.br\/casa-civil\/#\/schema\/person\/4e49f4e267757a06ca072ec61b2b9968\",\"name\":\"Adriana Costa\",\"image\":{\"@type\":\"ImageObject\",\"inLanguage\":\"pt-BR\",\"@id\":\"https:\/\/www.manaus.am.gov.br\/casa-civil\/#\/schema\/person\/image\/\",\"url\":\"https:\/\/secure.gravatar.com\/avatar\/576258617ef7194f718179e766d57bd4?s=96&d=mm&r=g\",\"contentUrl\":\"https:\/\/secure.gravatar.com\/avatar\/576258617ef7194f718179e766d57bd4?s=96&d=mm&r=g\",\"caption\":\"Adriana Costa\"}}]}<\/script>\n<!-- \/ Yoast SEO plugin. -->","yoast_head_json":{"title":"Defesa Civil vistoria casas atingidas por balsa - Prefeitura de Manaus","description":"Acionada pelo Corpo de Bombeiros na tarde deste domingo, 20\/5, ap\u00f3s a forte chuva na capital amazonense, a Defesa Civil de Manaus realizou o atendimento de vistoria nas resid\u00eancias atingidas por uma balsa do Estaleiro do Sandro, localizado no bairro Compensa 2, na zona Oeste.","robots":{"index":"index","follow":"follow","max-snippet":"max-snippet:-1","max-image-preview":"max-image-preview:large","max-video-preview":"max-video-preview:-1"},"canonical":"https:\/\/www.manaus.am.gov.br\/casa-civil\/defesa-civil-vistoria-casas-atingidas-por-balsa\/","og_locale":"pt_BR","og_type":"article","og_title":"Defesa Civil vistoria casas atingidas por balsa - Prefeitura de Manaus","og_description":"Acionada pelo Corpo de Bombeiros na tarde deste domingo, 20\/5, ap\u00f3s a forte chuva na capital amazonense, a Defesa Civil de Manaus realizou o atendimento de vistoria nas resid\u00eancias atingidas por uma balsa do Estaleiro do Sandro, localizado no bairro Compensa 2, na zona Oeste.","og_url":"https:\/\/www.manaus.am.gov.br\/casa-civil\/defesa-civil-vistoria-casas-atingidas-por-balsa\/","og_site_name":"Casa Civil","article_publisher":"https:\/\/www.facebook.com\/prefeiturademanaus","article_published_time":"2018-05-20T19:29:37+00:00","article_modified_time":"2023-01-06T15:26:58+00:00","og_image":[{"width":966,"height":520,"url":"https:\/\/www.manaus.am.gov.br\/casa-civil\/wp-content\/uploads\/sites\/10\/2023\/01\/thumb-default.png","type":"image\/png"}],"author":"Adriana Costa","twitter_card":"summary_large_image","twitter_creator":"@prefmanaus","twitter_site":"@prefmanaus","twitter_misc":{"Written by":"Adriana Costa","Est. reading time":"1 minuto"},"schema":{"@context":"https:\/\/schema.org","@graph":[{"@type":"Article","@id":"https:\/\/www.manaus.am.gov.br\/casa-civil\/defesa-civil-vistoria-casas-atingidas-por-balsa\/#article","isPartOf":{"@id":"https:\/\/www.manaus.am.gov.br\/casa-civil\/defesa-civil-vistoria-casas-atingidas-por-balsa\/"},"author":{"name":"Adriana Costa","@id":"https:\/\/www.manaus.am.gov.br\/casa-civil\/#\/schema\/person\/4e49f4e267757a06ca072ec61b2b9968"},"headline":"Defesa Civil vistoria casas atingidas por balsa","datePublished":"2018-05-20T19:29:37+00:00","dateModified":"2023-01-06T15:26:58+00:00","mainEntityOfPage":{"@id":"https:\/\/www.manaus.am.gov.br\/casa-civil\/defesa-civil-vistoria-casas-atingidas-por-balsa\/"},"wordCount":145,"publisher":{"@id":"https:\/\/www.manaus.am.gov.br\/casa-civil\/#organization"},"image":{"@id":"https:\/\/www.manaus.am.gov.br\/casa-civil\/defesa-civil-vistoria-casas-atingidas-por-balsa\/#primaryimage"},"thumbnailUrl":"https:\/\/www.manaus.am.gov.br\/casa-civil\/wp-content\/uploads\/sites\/10\/2023\/01\/thumb-default.png","keywords":["atendimento","balsa","casas","chuva","compensa","vistoria"],"articleSection":["Atendimento"],"inLanguage":"pt-BR"},{"@type":"WebPage","@id":"https:\/\/www.manaus.am.gov.br\/casa-civil\/defesa-civil-vistoria-casas-atingidas-por-balsa\/","url":"https:\/\/www.manaus.am.gov.br\/casa-civil\/defesa-civil-vistoria-casas-atingidas-por-balsa\/","name":"Defesa Civil vistoria casas atingidas por balsa - Prefeitura de Manaus","isPartOf":{"@id":"https:\/\/www.manaus.am.gov.br\/casa-civil\/#website"},"primaryImageOfPage":{"@id":"https:\/\/www.manaus.am.gov.br\/casa-civil\/defesa-civil-vistoria-casas-atingidas-por-balsa\/#primaryimage"},"image":{"@id":"https:\/\/www.manaus.am.gov.br\/casa-civil\/defesa-civil-vistoria-casas-atingidas-por-balsa\/#primaryimage"},"thumbnailUrl":"https:\/\/www.manaus.am.gov.br\/casa-civil\/wp-content\/uploads\/sites\/10\/2023\/01\/thumb-default.png","datePublished":"2018-05-20T19:29:37+00:00","dateModified":"2023-01-06T15:26:58+00:00","description":"Acionada pelo Corpo de Bombeiros na tarde deste domingo, 20\/5, ap\u00f3s a forte chuva na capital amazonense, a Defesa Civil de Manaus realizou o atendimento de vistoria nas resid\u00eancias atingidas por uma balsa do Estaleiro do Sandro, localizado no bairro Compensa 2, na zona Oeste.","inLanguage":"pt-BR","potentialAction":[{"@type":"ReadAction","target":["https:\/\/www.manaus.am.gov.br\/casa-civil\/defesa-civil-vistoria-casas-atingidas-por-balsa\/"]}]},{"@type":"ImageObject","inLanguage":"pt-BR","@id":"https:\/\/www.manaus.am.gov.br\/casa-civil\/defesa-civil-vistoria-casas-atingidas-por-balsa\/#primaryimage","url":"https:\/\/www.manaus.am.gov.br\/casa-civil\/wp-content\/uploads\/sites\/10\/2023\/01\/thumb-default.png","contentUrl":"https:\/\/www.manaus.am.gov.br\/casa-civil\/wp-content\/uploads\/sites\/10\/2023\/01\/thumb-default.png","width":966,"height":520,"caption":"Thumb Default"},{"@type":"WebSite","@id":"https:\/\/www.manaus.am.gov.br\/casa-civil\/#website","url":"https:\/\/www.manaus.am.gov.br\/casa-civil\/","name":"Casa Civil","description":"Prefeitura de Manaus","publisher":{"@id":"https:\/\/www.manaus.am.gov.br\/casa-civil\/#organization"},"alternateName":"Casa Civil","potentialAction":[{"@type":"SearchAction","target":{"@type":"EntryPoint","urlTemplate":"https:\/\/www.manaus.am.gov.br\/casa-civil\/?s={search_term_string}"},"query-input":"required name=search_term_string"}],"inLanguage":"pt-BR"},{"@type":"Organization","@id":"https:\/\/www.manaus.am.gov.br\/casa-civil\/#organization","name":"Prefeitura de Manaus","alternateName":"Prefeitura Municipal de Manaus","url":"https:\/\/www.manaus.am.gov.br\/casa-civil\/","logo":{"@type":"ImageObject","inLanguage":"pt-BR","@id":"https:\/\/www.manaus.am.gov.br\/casa-civil\/#\/schema\/logo\/image\/","url":"https:\/\/www.manaus.am.gov.br\/casa-civil\/wp-content\/uploads\/sites\/10\/2024\/06\/favicon.png","contentUrl":"https:\/\/www.manaus.am.gov.br\/casa-civil\/wp-content\/uploads\/sites\/10\/2024\/06\/favicon.png","width":300,"height":300,"caption":"Prefeitura de Manaus"},"image":{"@id":"https:\/\/www.manaus.am.gov.br\/casa-civil\/#\/schema\/logo\/image\/"},"sameAs":["https:\/\/www.facebook.com\/prefeiturademanaus","https:\/\/x.com\/prefmanaus","https:\/\/www.instagram.com\/prefeiturademanaus\/","https:\/\/www.youtube.com\/@PrefeituradeManausOficial","https:\/\/www.flickr.com\/photos\/prefeiturademanaus","https:\/\/www.linkedin.com\/company\/prefeiturademanaus\/","https:\/\/www.tiktok.com\/@prefeiturademanaus"]},{"@type":"Person","@id":"https:\/\/www.manaus.am.gov.br\/casa-civil\/#\/schema\/person\/4e49f4e267757a06ca072ec61b2b9968","name":"Adriana Costa","image":{"@type":"ImageObject","inLanguage":"pt-BR","@id":"https:\/\/www.manaus.am.gov.br\/casa-civil\/#\/schema\/person\/image\/","url":"https:\/\/secure.gravatar.com\/avatar\/576258617ef7194f718179e766d57bd4?s=96&d=mm&r=g","contentUrl":"https:\/\/secure.gravatar.com\/avatar\/576258617ef7194f718179e766d57bd4?s=96&d=mm&r=g","caption":"Adriana Costa"}}]}},"_links":{"self":[{"href":"https:\/\/www.manaus.am.gov.br\/casa-civil\/wp-json\/wp\/v2\/posts\/207583"}],"collection":[{"href":"https:\/\/www.manaus.am.gov.br\/casa-civil\/wp-json\/wp\/v2\/posts"}],"about":[{"href":"https:\/\/www.manaus.am.gov.br\/casa-civil\/wp-json\/wp\/v2\/types\/post"}],"author":[{"embeddable":true,"href":"https:\/\/www.manaus.am.gov.br\/casa-civil\/wp-json\/wp\/v2\/users\/23"}],"replies":[{"embeddable":true,"href":"https:\/\/www.manaus.am.gov.br\/casa-civil\/wp-json\/wp\/v2\/comments?post=207583"}],"version-history":[{"count":0,"href":"https:\/\/www.manaus.am.gov.br\/casa-civil\/wp-json\/wp\/v2\/posts\/207583\/revisions"}],"wp:featuredmedia":[{"embeddable":true,"href":"https:\/\/www.manaus.am.gov.br\/casa-civil\/wp-json\/wp\/v2\/media\/207519"}],"wp:attachment":[{"href":"https:\/\/www.manaus.am.gov.br\/casa-civil\/wp-json\/wp\/v2\/media?parent=207583"}],"wp:term":[{"taxonomy":"category","embeddable":true,"href":"https:\/\/www.manaus.am.gov.br\/casa-civil\/wp-json\/wp\/v2\/categories?post=207583"},{"taxonomy":"post_tag","embeddable":true,"href":"https:\/\/www.manaus.am.gov.br\/casa-civil\/wp-json\/wp\/v2\/tags?post=207583"}],"curies":[{"name":"wp","href":"https:\/\/api.w.org\/{rel}","templated":true}]}}